{"id":9577,"date":"2025-10-06T15:51:53","date_gmt":"2025-10-06T13:51:53","guid":{"rendered":"https:\/\/www.modulor.de\/magazin\/?p=9577"},"modified":"2025-10-06T15:51:55","modified_gmt":"2025-10-06T13:51:55","slug":"die-wahrscheinlich-groesste-stiftewand-der-welt","status":"publish","type":"post","link":"https:\/\/www.modulor.de\/magazin\/allgemein\/die-wahrscheinlich-groesste-stiftewand-der-welt\/","title":{"rendered":"Die wahrscheinlich gr\u00f6\u00dfte Stiftewand der Welt"},"content":{"rendered":"\n[et_pb_section fb_built=&#8220;1&#8243; _builder_version=&#8220;4.17.3&#8243; _module_preset=&#8220;default&#8220; custom_padding=&#8220;||15px|||&#8220; global_colors_info=&#8220;{}&#8220;][et_pb_row _builder_version=&#8220;4.17.3&#8243; _module_preset=&#8220;default&#8220; global_colors_info=&#8220;{}&#8220;][et_pb_column type=&#8220;4_4&#8243; _builder_version=&#8220;4.17.3&#8243; _module_preset=&#8220;default&#8220; global_colors_info=&#8220;{}&#8220;][et_pb_post_title text_background=&#8220;on&#8220; _builder_version=&#8220;4.17.3&#8243; _module_preset=&#8220;default&#8220; title_text_color=&#8220;#000000&#8243; meta_text_align=&#8220;center&#8220; global_colors_info=&#8220;{}&#8220;][\/et_pb_post_title][et_pb_text _builder_version=&#8220;4.17.3&#8243; _module_preset=&#8220;default&#8220; hover_enabled=&#8220;0&#8243; global_colors_info=&#8220;{}&#8220; sticky_enabled=&#8220;0&#8243;]<p>Mit Superlativen tun wir uns eigentlich ein bisschen schwer. Aber wenn wir die Disziplin, in der wir uns messen lassen, selbst erfinden, dann k\u00f6nnen wir uns nat\u00fcrlich auch mangels Mitbewerber an die Spitze stellen. Cleverer Schachzug, oder? Und nun haben wir sie im <a href=\"https:\/\/www.modulor.de\/filiale-berlin\/\" target=\"_blank\" rel=\"noopener\">Laden<\/a>: Die gr\u00f6\u00dfte Stiftewand der Welt! Weil wir es wollten und weil wir es k\u00f6nnen \u2026<\/p>[\/et_pb_text][\/et_pb_column][\/et_pb_row][et_pb_row column_structure=&#8220;1_3,1_3,1_3&#8243; _builder_version=&#8220;4.17.3&#8243; _module_preset=&#8220;default&#8220; global_colors_info=&#8220;{}&#8220;][et_pb_column type=&#8220;1_3&#8243; _builder_version=&#8220;4.17.3&#8243; _module_preset=&#8220;default&#8220; global_colors_info=&#8220;{}&#8220;][et_pb_blurb image=&#8220;https:\/\/www.modulor.de\/magazin\/wp-content\/uploads\/2025\/10\/Ladenerweiterung-leerer-Raum-Blick-zum-Laden.jpg&#8220; alt=&#8220;neue Mietfl\u00e4che ohne M\u00f6blierung, Blick zum bestehenden Laden auf die R\u00fcckw\u00e4nde der Ladenregale&#8220; _builder_version=&#8220;4.17.3&#8243; _module_preset=&#8220;default&#8220; global_colors_info=&#8220;{}&#8220;]<p>Die neue, ger\u00e4umte Fl\u00e4che, Blick zum bestehenden Laden auf die R\u00fcckseiten der Ladenregale<\/p>[\/et_pb_blurb][\/et_pb_column][et_pb_column type=&#8220;1_3&#8243; _builder_version=&#8220;4.17.3&#8243; _module_preset=&#8220;default&#8220; global_colors_info=&#8220;{}&#8220;][et_pb_blurb image=&#8220;https:\/\/www.modulor.de\/magazin\/wp-content\/uploads\/2025\/10\/Ladenerweiterung-leerer-Raum-Blick-auf-die-zukuenftige-Stiftewand.jpg&#8220; alt=&#8220;neue Mietfl\u00e4che ohne M\u00f6blierung, Blick auf die rohe Betonwand, vor der wir die neue Stiftewand geplant haben.&#8220; _builder_version=&#8220;4.17.3&#8243; _module_preset=&#8220;default&#8220; global_colors_info=&#8220;{}&#8220;]<p>An diese Wand sollte die Stiftewand kommen und weiter rechts die Treppe hinauf<\/p>[\/et_pb_blurb][\/et_pb_column][et_pb_column type=&#8220;1_3&#8243; _builder_version=&#8220;4.17.3&#8243; _module_preset=&#8220;default&#8220; global_colors_info=&#8220;{}&#8220;][et_pb_blurb image=&#8220;https:\/\/www.modulor.de\/magazin\/wp-content\/uploads\/2025\/10\/Ladenerweiterung-leerer-Raum-Blick-durch-das-Schaufenster-auf-die-Prinzenstrasse.jpg&#8220; alt=&#8220;neue Mietfl\u00e4che ohne M\u00f6blierung, Blick zur Fensterfront mit zwei Eing\u00e4ngen zur Prinzenstra\u00dfe und gro\u00dfen Schaufenstern.&#8220; _builder_version=&#8220;4.17.3&#8243; _module_preset=&#8220;default&#8220; global_colors_info=&#8220;{}&#8220;]<p>Und zwei riesige Schaufenster haben wir auch dazubekommen<\/p>[\/et_pb_blurb][\/et_pb_column][\/et_pb_row][et_pb_row _builder_version=&#8220;4.17.3&#8243; _module_preset=&#8220;default&#8220; global_colors_info=&#8220;{}&#8220;][et_pb_column type=&#8220;4_4&#8243; _builder_version=&#8220;4.17.3&#8243; _module_preset=&#8220;default&#8220; global_colors_info=&#8220;{}&#8220;][et_pb_text _builder_version=&#8220;4.17.3&#8243; _module_preset=&#8220;default&#8220; width=&#8220;96%&#8220; global_colors_info=&#8220;{}&#8220;]<p>Am Anfang stand urspr\u00fcnglich nur eine frei gewordene Fl\u00e4che direkt an unserem Laden am Moritzplatz. Das gab es schon \u00f6fters, dass wir unseren Laden erweitert haben. Diese Fl\u00e4che aber war schon besonders attraktiv: Gro\u00dfe Schaufenster, hoher Raum direkt im Erdgeschoss in unseren bestehenden Laden integrierbar.<\/p>[\/et_pb_text][\/et_pb_column][\/et_pb_row][et_pb_row column_structure=&#8220;1_3,1_3,1_3&#8243; _builder_version=&#8220;4.17.3&#8243; _module_preset=&#8220;default&#8220; global_colors_info=&#8220;{}&#8220;][et_pb_column type=&#8220;1_3&#8243; _builder_version=&#8220;4.17.3&#8243; _module_preset=&#8220;default&#8220; global_colors_info=&#8220;{}&#8220;][et_pb_blurb image=&#8220;https:\/\/www.modulor.de\/magazin\/wp-content\/uploads\/2025\/10\/Einbau-Podest-1.jpg&#8220; alt=&#8220;Ein Holz-St\u00e4nderwerk wird vor der zuk\u00fcnftigen Stiftewand aufgebaut. Es wird sp\u00e4ter dazu dienen, den Fu\u00dfboden vor der Stitewand zu tragen. Es ist also die Unterkonstrultion eines gro\u00dfen Podests.&#8220; _builder_version=&#8220;4.17.3&#8243; _module_preset=&#8220;default&#8220; global_colors_info=&#8220;{}&#8220;]<p>zun\u00e4chst musste ein Podest eingebaut werden, die Wand ist schlie\u00dflich sehr hoch<\/p>[\/et_pb_blurb][\/et_pb_column][et_pb_column type=&#8220;1_3&#8243; _builder_version=&#8220;4.17.3&#8243; _module_preset=&#8220;default&#8220; global_colors_info=&#8220;{}&#8220;][et_pb_blurb image=&#8220;https:\/\/www.modulor.de\/magazin\/wp-content\/uploads\/2025\/10\/Einbau-Podest-2.jpg&#8220; alt=&#8220;Das Holst\u00e4nderwerk f\u00fcr das Podest wurde auch auf die eine der drei Betontreppen, die in die Ladenerweiterung f\u00fchren, gebaut. Hier ist es noch als Konstruktion unverkleidet zu sehen.&#8220; _builder_version=&#8220;4.17.3&#8243; _module_preset=&#8220;default&#8220; global_colors_info=&#8220;{}&#8220;]<p>von den drei Treppen in den neuen Bereich haben wir eine mit dem Podest \u00fcberbaut<\/p>[\/et_pb_blurb][\/et_pb_column][et_pb_column type=&#8220;1_3&#8243; _builder_version=&#8220;4.17.3&#8243; _module_preset=&#8220;default&#8220; global_colors_info=&#8220;{}&#8220;][et_pb_blurb image=&#8220;https:\/\/www.modulor.de\/magazin\/wp-content\/uploads\/2025\/10\/Einbau-Podest-3.jpg&#8220; alt=&#8220;Das fertige Podest, schwarz verkleidet und mit grauem Fu\u00dfbodenbelag ausger\u00fcstet.&#8220; _builder_version=&#8220;4.17.3&#8243; _module_preset=&#8220;default&#8220; global_colors_info=&#8220;{}&#8220;]<p>eine Verkleidung und einen Fu\u00dfbodebelag gab es dann auch noch f\u00fcrs Podest<\/p>[\/et_pb_blurb][\/et_pb_column][\/et_pb_row][et_pb_row _builder_version=&#8220;4.17.3&#8243; _module_preset=&#8220;default&#8220; global_colors_info=&#8220;{}&#8220;][et_pb_column type=&#8220;4_4&#8243; _builder_version=&#8220;4.17.3&#8243; _module_preset=&#8220;default&#8220; global_colors_info=&#8220;{}&#8220;][et_pb_text _builder_version=&#8220;4.17.3&#8243; _module_preset=&#8220;default&#8220; width=&#8220;96%&#8220; locked=&#8220;off&#8220; global_colors_info=&#8220;{}&#8220;]<p>Gleichzeitig dr\u00e4ngte unser f\u00fcr die Stifte zust\u00e4ndige Sortimentsmanager schon seit l\u00e4ngerem, er br\u00e4uchte mehr Platz f\u00fcr noch mehr sch\u00f6ne Stifte aus aller Welt, die er nat\u00fcrlich alle kennt \u2013 und viele liebt. Und so f\u00fcgte sich das Eine zum Anderen und wir hatten mit einem Mal ein richtig gro\u00dfes Projekt am Start.<\/p>[\/et_pb_text][\/et_pb_column][\/et_pb_row][et_pb_row column_structure=&#8220;3_5,2_5&#8243; _builder_version=&#8220;4.17.3&#8243; _module_preset=&#8220;default&#8220; global_colors_info=&#8220;{}&#8220;][et_pb_column type=&#8220;3_5&#8243; _builder_version=&#8220;4.17.3&#8243; _module_preset=&#8220;default&#8220; global_colors_info=&#8220;{}&#8220;][et_pb_image src=&#8220;https:\/\/www.modulor.de\/magazin\/wp-content\/uploads\/2025\/10\/Podest-mit-Gelaender.jpg&#8220; alt=&#8220;Das Podest hat nun nicht nur eine Verkleidung und einen Fu\u00dfboden, sondern auch ein soliddes Stahlgel\u00e4nder bekommen. Hier im Blick von der bestehenden Ladenfl\u00e4che in Richtung des Schaufensters.&#8220; title_text=&#8220;Podest mit Gel\u00e4nder&#8220; _builder_version=&#8220;4.17.3&#8243; _module_preset=&#8220;default&#8220; global_colors_info=&#8220;{}&#8220;][\/et_pb_image][\/et_pb_column][et_pb_column type=&#8220;2_5&#8243; _builder_version=&#8220;4.17.3&#8243; _module_preset=&#8220;default&#8220; global_colors_info=&#8220;{}&#8220;][et_pb_text _builder_version=&#8220;4.17.3&#8243; _module_preset=&#8220;default&#8220; width=&#8220;96%&#8220; global_colors_info=&#8220;{}&#8220;]<p>Neben der Planung und dem Aufbau des Sortiments waren nat\u00fcrlich auch die Planung und der Aufbau der realen Wand mit den Regalelementen und der Raumgestaltung zu bew\u00e4ltigen. Beides Riesenaufgaben und beides musste von Vornherein auch zusammen gedacht werden. Und weil es nie ein \u201efertig\u201c gibt, sollte die weitere Entwicklung nat\u00fcrlich auch m\u00f6glich bleiben.<\/p>[\/et_pb_text][\/et_pb_column][\/et_pb_row][et_pb_row column_structure=&#8220;1_3,1_3,1_3&#8243; _builder_version=&#8220;4.17.3&#8243; _module_preset=&#8220;default&#8220; global_colors_info=&#8220;{}&#8220;][et_pb_column type=&#8220;1_3&#8243; _builder_version=&#8220;4.17.3&#8243; _module_preset=&#8220;default&#8220; global_colors_info=&#8220;{}&#8220;][et_pb_blurb image=&#8220;https:\/\/www.modulor.de\/magazin\/wp-content\/uploads\/2025\/10\/Protyp-Regalelement-wird-getestet.jpg&#8220; alt=&#8220;Eine person, von der nur die Unterarme und die H\u00e4nde zu sehen sind, probiert ein steckbares Regalelement aus Blech aus.&#8220; _builder_version=&#8220;4.17.3&#8243; _module_preset=&#8220;default&#8220; global_colors_info=&#8220;{}&#8220;]<p>es wurden Prototypen entwickelt, getestet und verbessert<\/p>[\/et_pb_blurb][\/et_pb_column][et_pb_column type=&#8220;1_3&#8243; _builder_version=&#8220;4.17.3&#8243; _module_preset=&#8220;default&#8220; global_colors_info=&#8220;{}&#8220;][et_pb_blurb image=&#8220;https:\/\/www.modulor.de\/magazin\/wp-content\/uploads\/2025\/10\/Prototyp-Steckblech-wird-getestet.jpg&#8220; alt=&#8220;In einem senkrecht stehenden, schwarzen Lochblech stecken einige Farbstifte.&#8220; _builder_version=&#8220;4.17.3&#8243; _module_preset=&#8220;default&#8220; global_colors_info=&#8220;{}&#8220;]<p>auch unsere Idee eines aus Stiften gesteckten Farbverlaufs \u00fcber 23 m L\u00e4nge wurde getestet<\/p>[\/et_pb_blurb][\/et_pb_column][et_pb_column type=&#8220;1_3&#8243; _builder_version=&#8220;4.17.3&#8243; _module_preset=&#8220;default&#8220; global_colors_info=&#8220;{}&#8220;][et_pb_blurb image=&#8220;https:\/\/www.modulor.de\/magazin\/wp-content\/uploads\/2025\/10\/Beginn-Aufbau-Regalelemente.jpg&#8220; alt=&#8220;Der Beginn des Reaglaufbaus der Stiftewand: Im Raum stehen etliche Paletten und die Unterkonstruktion aus schwarzem Stahl wird an ihren Bestimmungsort auf dem Podest gebracht.&#8220; _builder_version=&#8220;4.17.3&#8243; _module_preset=&#8220;default&#8220; global_colors_info=&#8220;{}&#8220;]<p>und irgendwann konnte dann endlich der lang erwartete Aufbau beginnen<\/p>[\/et_pb_blurb][\/et_pb_column][\/et_pb_row][et_pb_row column_structure=&#8220;2_5,3_5&#8243; _builder_version=&#8220;4.17.3&#8243; _module_preset=&#8220;default&#8220; global_colors_info=&#8220;{}&#8220;][et_pb_column type=&#8220;2_5&#8243; _builder_version=&#8220;4.17.3&#8243; _module_preset=&#8220;default&#8220; global_colors_info=&#8220;{}&#8220;][et_pb_text _builder_version=&#8220;4.17.3&#8243; _module_preset=&#8220;default&#8220; global_colors_info=&#8220;{}&#8220;]<p>Wie durch ein Ventil, das ge\u00f6ffnet wurde, sprudelten schlie\u00dflich die ganzen jahrelang gesammelten W\u00fcnsche nach neuen Stiften in unser Sortiment.<\/p>[\/et_pb_text][\/et_pb_column][et_pb_column type=&#8220;3_5&#8243; _builder_version=&#8220;4.17.3&#8243; _module_preset=&#8220;default&#8220; global_colors_info=&#8220;{}&#8220;][et_pb_image src=&#8220;https:\/\/www.modulor.de\/magazin\/wp-content\/uploads\/2025\/10\/Stiftewand-zu-Beginn-der-Bestueckung.jpg&#8220; alt=&#8220;Ein Ausschnitt der Stiftewand ist in Nahaufnahme zu sehen: Die ersten bef\u00fcllten Regalf\u00e4cher sind mit farbigen Stiften best\u00fcckt. Gegen\u00fcber dem schwarzen Regal ein starker Kontrast.&#8220; title_text=&#8220;Stiftewand zu Beginn der Best\u00fcckung&#8220; _builder_version=&#8220;4.17.3&#8243; _module_preset=&#8220;default&#8220; global_colors_info=&#8220;{}&#8220;][\/et_pb_image][\/et_pb_column][\/et_pb_row][et_pb_row column_structure=&#8220;1_3,1_3,1_3&#8243; _builder_version=&#8220;4.17.3&#8243; _module_preset=&#8220;default&#8220; global_colors_info=&#8220;{}&#8220;][et_pb_column type=&#8220;1_3&#8243; _builder_version=&#8220;4.17.3&#8243; _module_preset=&#8220;default&#8220; global_colors_info=&#8220;{}&#8220;][et_pb_blurb image=&#8220;https:\/\/www.modulor.de\/magazin\/wp-content\/uploads\/2025\/10\/Start-Bestueckung-Stiftewand.jpg&#8220; alt=&#8220;Vor der \u00fcberwiegend noch leeren Stiftewand mit hunderten Regalf\u00e4chern stehen zwei Leitern.&#8220; _builder_version=&#8220;4.17.3&#8243; _module_preset=&#8220;default&#8220; global_colors_info=&#8220;{}&#8220;]<p>es geht los: die Stiftewand wird best\u00fcckt<\/p>[\/et_pb_blurb][\/et_pb_column][et_pb_column type=&#8220;1_3&#8243; _builder_version=&#8220;4.17.3&#8243; _module_preset=&#8220;default&#8220; global_colors_info=&#8220;{}&#8220;][et_pb_blurb image=&#8220;https:\/\/www.modulor.de\/magazin\/wp-content\/uploads\/2025\/10\/erste-befuellte-Faecher-der-neuen-Stiftewand-1.jpg&#8220; alt=&#8220;Im Detail werden einige Regalf\u00e4cher, in denen bereits Stifte einger\u00e4umt wurden, gezeigt. Daneben h\u00e4ngt ein Best\u00fcckungsplan (DIN A4 Blatt) am Regal. Etliche Regalf\u00e4cher sind noch leer und schwarz.&#8220; _builder_version=&#8220;4.17.3&#8243; _module_preset=&#8220;default&#8220; global_colors_info=&#8220;{}&#8220;]<p>die ersten F\u00e4cher sind komplett<\/p>[\/et_pb_blurb][\/et_pb_column][et_pb_column type=&#8220;1_3&#8243; _builder_version=&#8220;4.17.3&#8243; _module_preset=&#8220;default&#8220; global_colors_info=&#8220;{}&#8220;][et_pb_blurb image=&#8220;https:\/\/www.modulor.de\/magazin\/wp-content\/uploads\/2025\/10\/Stiftewand-zu-Beginn-der-Bestueckung-2.jpg&#8220; alt=&#8220;Die lange Stiftewand f\u00fcllt sich sukzessive mit Stiften. Viele F\u00e4cher sind noch leer, auch wenn schon einge gef\u00fcllt sind.&#8220; _builder_version=&#8220;4.17.3&#8243; _module_preset=&#8220;default&#8220; global_colors_info=&#8220;{}&#8220;]<p>aber noch sind die meisten F\u00e4cher leer<\/p>[\/et_pb_blurb][\/et_pb_column][\/et_pb_row][et_pb_row _builder_version=&#8220;4.17.3&#8243; _module_preset=&#8220;default&#8220; global_colors_info=&#8220;{}&#8220;][et_pb_column type=&#8220;4_4&#8243; _builder_version=&#8220;4.17.3&#8243; _module_preset=&#8220;default&#8220; global_colors_info=&#8220;{}&#8220;][et_pb_text _builder_version=&#8220;4.17.3&#8243; _module_preset=&#8220;default&#8220; width=&#8220;96%&#8220; locked=&#8220;off&#8220; global_colors_info=&#8220;{}&#8220;]<p>Und nun k\u00f6nnen wir endlich auch die Zur\u00fcckhaltung gegen\u00fcber unseren Kunden aufgeben und voller Stolz und Freude pr\u00e4sentieren: Sie ist fertig! Komm an den Moritzplatz und tauch ein in unsere neue Stiftewelt! Ach was schreibe ich: <strong>IN UNSER NEUES STIFTEUNIVERSUM!<\/strong><\/p>[\/et_pb_text][\/et_pb_column][\/et_pb_row][et_pb_row _builder_version=&#8220;4.17.3&#8243; _module_preset=&#8220;default&#8220; global_colors_info=&#8220;{}&#8220;][et_pb_column type=&#8220;4_4&#8243; _builder_version=&#8220;4.17.3&#8243; _module_preset=&#8220;default&#8220; global_colors_info=&#8220;{}&#8220;][et_pb_image src=&#8220;https:\/\/www.modulor.de\/magazin\/wp-content\/uploads\/2025\/10\/Stiftewand-komplett.jpg&#8220; alt=&#8220;Die Stiftewand wird zu einem gro\u00dfen Teil gezeigt. Im Bild sind hunderte Stiftef\u00e4cher, deren Regalb\u00f6den fluchtpunktartig in der Ferne zusammenlaufen. \u00dcber den Regalf\u00e4chern ist die beleuchtete Stifteinstallation zu sehen. In einem Farbverlauf sind Buntstifte in die Wand gesteckt.&#8220; title_text=&#8220;Stiftewand komplett&#8220; _builder_version=&#8220;4.17.3&#8243; _module_preset=&#8220;default&#8220; global_colors_info=&#8220;{}&#8220;][\/et_pb_image][\/et_pb_column][\/et_pb_row][et_pb_row column_structure=&#8220;3_5,2_5&#8243; _builder_version=&#8220;4.17.3&#8243; _module_preset=&#8220;default&#8220; global_colors_info=&#8220;{}&#8220;][et_pb_column type=&#8220;3_5&#8243; _builder_version=&#8220;4.17.3&#8243; _module_preset=&#8220;default&#8220; global_colors_info=&#8220;{}&#8220;][et_pb_image src=&#8220;https:\/\/www.modulor.de\/magazin\/wp-content\/uploads\/2025\/10\/fast-vollstaendig-bestueckte-Stiftewand.jpg&#8220; alt=&#8220;Die F\u00e4cher der neueen Stiftewand sind fast vollst\u00e4ndig best\u00fcckt. Alle Regalf\u00e4cher sind gef\u00fcllt, der Blick des Fotografen ist auf die Regalwand gerichtet, die sich wie in einer Fluchtpunkt-Perspektive ins Unendliche entwickelt &#8230;&#8220; title_text=&#8220;fast vollst\u00e4ndig best\u00fcckte Stiftewand&#8220; _builder_version=&#8220;4.17.3&#8243; _module_preset=&#8220;default&#8220; global_colors_info=&#8220;{}&#8220;][\/et_pb_image][\/et_pb_column][et_pb_column type=&#8220;2_5&#8243; _builder_version=&#8220;4.17.3&#8243; _module_preset=&#8220;default&#8220; global_colors_info=&#8220;{}&#8220;][et_pb_text _builder_version=&#8220;4.17.3&#8243; _module_preset=&#8220;default&#8220; global_colors_info=&#8220;{}&#8220;]<p>Skizzieren, Malen, Schreiben, Taggen, Kritzeln, Notieren, Markieren, Elaborieren, Korrigieren, Drauf-Rumkauen, Zeichnen, Vorzeichnen, Durchzeichnen, Ins-Reine-Zeichnen, &#8230;<\/p>[\/et_pb_text][\/et_pb_column][\/et_pb_row][et_pb_row column_structure=&#8220;2_5,3_5&#8243; _builder_version=&#8220;4.17.3&#8243; _module_preset=&#8220;default&#8220; global_colors_info=&#8220;{}&#8220;][et_pb_column type=&#8220;2_5&#8243; _builder_version=&#8220;4.17.3&#8243; _module_preset=&#8220;default&#8220; global_colors_info=&#8220;{}&#8220;][et_pb_text _builder_version=&#8220;4.17.3&#8243; _module_preset=&#8220;default&#8220; global_colors_info=&#8220;{}&#8220;]<p>&#8230; Unterstreichen, \u00dcbermalen, Unterschreiben, Entwerfen, Durch-Den-Raum-Werfen, \u2026 Was auch immer Du mit einem Stift machen willst: Wir haben jetzt bestimmt den Passenden!<\/p>[\/et_pb_text][\/et_pb_column][et_pb_column type=&#8220;3_5&#8243; _builder_version=&#8220;4.17.3&#8243; _module_preset=&#8220;default&#8220; global_colors_info=&#8220;{}&#8220;][et_pb_image src=&#8220;https:\/\/www.modulor.de\/magazin\/wp-content\/uploads\/2025\/10\/Ausschnitt-Stifteregal-frontal.jpg&#8220; alt=&#8220;Ein Ausschnitt der Stiftewand ist zu sehen. Im Bild sind die Regalf\u00e4cher, die mit %22Fineliner%22, %22Fasermaler%22 und %22Kalligraphie%22 \u00fcberschrieben sind.&#8220; title_text=&#8220;Ausschnitt Stifteregal, frontal&#8220; _builder_version=&#8220;4.17.3&#8243; _module_preset=&#8220;default&#8220; global_colors_info=&#8220;{}&#8220;][\/et_pb_image][\/et_pb_column][\/et_pb_row][et_pb_row _builder_version=&#8220;4.17.3&#8243; _module_preset=&#8220;default&#8220; global_colors_info=&#8220;{}&#8220;][et_pb_column type=&#8220;4_4&#8243; _builder_version=&#8220;4.17.3&#8243; _module_preset=&#8220;default&#8220; global_colors_info=&#8220;{}&#8220;][et_pb_text _builder_version=&#8220;4.17.3&#8243; _module_preset=&#8220;default&#8220; width=&#8220;96%&#8220; locked=&#8220;off&#8220; global_colors_info=&#8220;{}&#8220;]<p>Aber je gr\u00f6\u00dfer das Angebot wird, umso mehr muss nat\u00fcrlich auch die Beratung stimmen. Denn eine Lektion haben wir alle gelernt: Einfach nur alles verf\u00fcgbar machen, reicht nicht, denn es \u00fcberfordert schnell bei der Auswahl. Sprich uns einfach an und nenne uns Deine Vorstellungen und W\u00fcnsche. Sag uns was Du f\u00fcr einen Stift brauchst und wir zeigen Dir die in Frage kommenden Exemplare, die Du alle bei uns ausprobieren kannst.<\/p>[\/et_pb_text][\/et_pb_column][\/et_pb_row][et_pb_row column_structure=&#8220;1_2,1_2&#8243; _builder_version=&#8220;4.17.3&#8243; _module_preset=&#8220;default&#8220; global_colors_info=&#8220;{}&#8220;][et_pb_column type=&#8220;1_2&#8243; _builder_version=&#8220;4.17.3&#8243; _module_preset=&#8220;default&#8220; global_colors_info=&#8220;{}&#8220;][et_pb_image src=&#8220;https:\/\/www.modulor.de\/magazin\/wp-content\/uploads\/2025\/10\/Ausschnitt-Stiftewand-mit-Zettelbloecken-zum-Ausprobieren.jpg&#8220; alt=&#8220;Ein Teil der langen Stiftewand ist zu sehen. Im Blick ist ein Bereich, in dem Zettel in verschiedenen Farben h\u00e4ngen, an denen alle Stifte ausprobiert werden k\u00f6nnen. Die Zettel sind schon ordentlich bekritzelt.&#8220; title_text=&#8220;Ausschnitt Stiftewand mit Zettelbl\u00f6cken zum Ausprobieren&#8220; _builder_version=&#8220;4.17.3&#8243; _module_preset=&#8220;default&#8220; global_colors_info=&#8220;{}&#8220;][\/et_pb_image][\/et_pb_column][et_pb_column type=&#8220;1_2&#8243; _builder_version=&#8220;4.17.3&#8243; _module_preset=&#8220;default&#8220; global_colors_info=&#8220;{}&#8220;][et_pb_text _builder_version=&#8220;4.17.3&#8243; _module_preset=&#8220;default&#8220; global_colors_info=&#8220;{}&#8220;]<p>Und weil wir von Stiften so begeistert sind und uns f\u00fcr Stifte jetzt ganz sch\u00f6n viel Aufwand gemacht haben, erkl\u00e4ren wir das mal mit einem ausformulierten Gedanken, der f\u00fcr uns dahintersteht:<\/p>[\/et_pb_text][\/et_pb_column][\/et_pb_row][et_pb_row column_structure=&#8220;1_2,1_2&#8243; _builder_version=&#8220;4.17.3&#8243; _module_preset=&#8220;default&#8220; global_colors_info=&#8220;{}&#8220;][et_pb_column type=&#8220;1_2&#8243; _builder_version=&#8220;4.17.3&#8243; _module_preset=&#8220;default&#8220; global_colors_info=&#8220;{}&#8220;][et_pb_text _builder_version=&#8220;4.17.3&#8243; _module_preset=&#8220;default&#8220; global_colors_info=&#8220;{}&#8220;]<p>Ein Stift ist mehr als ein Werkzeug \u2013 <br \/>er ist der Anfang von allem.<br \/>Er macht Gedanken sichtbar,<br \/>Ideen greifbar.<\/p>\n<p>Entdecke \u201eStifte total\u201c \u2013<br \/>die gr\u00f6\u00dfte Stiftewand der Welt.<br \/>Teste, zeichne, schreibe,<br \/>finde Deinen Flow.<br \/>Und hinterlasse Deine Spur.<\/p>\n<p>Kreativit\u00e4t total. Spa\u00df total.<br \/>Stifte total.<\/p>[\/et_pb_text][\/et_pb_column][et_pb_column type=&#8220;1_2&#8243; _builder_version=&#8220;4.17.3&#8243; _module_preset=&#8220;default&#8220; global_colors_info=&#8220;{}&#8220;][et_pb_image src=&#8220;https:\/\/www.modulor.de\/magazin\/wp-content\/uploads\/2025\/10\/Anfang-Stiftewand-mit-Schriftzug-Modulor.jpg&#8220; alt=&#8220;Der Anfang der Stiftewand ist im Blick. Davor ist an der Wand der Schriftzug %22Modulor%22 mit Buntstiften gesteckt, wobei aufgrund des Blickwinkels nur %22dulor%22 zu sehen ist, die erste Silbe verschwindet unter dem Podest. Die Stiftewand beginnt mit dem Bereich %22Bleistifte &#038; Minen%22, diese Worte stehen als \u00dcberschrift \u00fcber den Regalf\u00e4chern.&#8220; title_text=&#8220;Anfang Stiftewand mit Schriftzug Modulor&#8220; _builder_version=&#8220;4.17.3&#8243; _module_preset=&#8220;default&#8220; global_colors_info=&#8220;{}&#8220;][\/et_pb_image][\/et_pb_column][\/et_pb_row][\/et_pb_section]\n","protected":false},"excerpt":{"rendered":"<p>Mit Superlativen tun wir uns eigentlich ein bisschen schwer. Aber wenn wir die Disziplin, in der wir uns messen lassen, selbst erfinden, dann k\u00f6nnen wir uns nat\u00fcrlich auch mangels Mitbewerber an die Spitze stellen. Cleverer Schachzug, oder? Und nun haben wir sie im Laden: Die gr\u00f6\u00dfte Stiftewand der Welt! Weil wir es wollten und weil [&hellip;]<\/p>\n","protected":false},"author":3,"featured_media":9705,"comment_status":"closed","ping_status":"closed","sticky":false,"template":"","format":"standard","meta":{"_et_pb_use_builder":"on","_et_pb_old_content":"","_et_gb_content_width":"1080","footnotes":""},"categories":[1],"tags":[118,114,116],"yoast_head":"<!-- This site is optimized with the Yoast SEO plugin v19.14 - https:\/\/yoast.com\/wordpress\/plugins\/seo\/ -->\n<title>Die wahrscheinlich gr\u00f6\u00dfte Stiftewand der Welt | Modulor<\/title>\n<meta name=\"description\" content=\"lies wie wir unsere riesige Stiftewelt bei Modulor aufgebaut haben. 500.000 Stifte auf 23 Meter Regal verteilt + Farbverlauf aus Stiften\" \/>\n<meta name=\"robots\" content=\"index, follow, max-snippet:-1, max-image-preview:large, max-video-preview:-1\" \/>\n<link rel=\"canonical\" href=\"https:\/\/www.modulor.de\/magazin\/allgemein\/die-wahrscheinlich-groesste-stiftewand-der-welt\/\" \/>\n<meta property=\"og:locale\" content=\"de_DE\" \/>\n<meta property=\"og:type\" content=\"article\" \/>\n<meta property=\"og:title\" content=\"Die wahrscheinlich gr\u00f6\u00dfte Stiftewand der Welt | Modulor\" \/>\n<meta property=\"og:description\" content=\"lies wie wir unsere riesige Stiftewelt bei Modulor aufgebaut haben. 500.000 Stifte auf 23 Meter Regal verteilt + Farbverlauf aus Stiften\" \/>\n<meta property=\"og:url\" content=\"https:\/\/www.modulor.de\/magazin\/allgemein\/die-wahrscheinlich-groesste-stiftewand-der-welt\/\" \/>\n<meta property=\"og:site_name\" content=\"Modulor\" \/>\n<meta property=\"article:publisher\" content=\"https:\/\/de-de.facebook.com\/modulor.de\/\" \/>\n<meta property=\"article:published_time\" content=\"2025-10-06T13:51:53+00:00\" \/>\n<meta property=\"article:modified_time\" content=\"2025-10-06T13:51:55+00:00\" \/>\n<meta property=\"og:image\" content=\"https:\/\/www.modulor.de\/magazin\/wp-content\/uploads\/2025\/10\/erleuchtete-Stiftewand.jpg\" \/>\n\t<meta property=\"og:image:width\" content=\"1344\" \/>\n\t<meta property=\"og:image:height\" content=\"896\" \/>\n\t<meta property=\"og:image:type\" content=\"image\/jpeg\" \/>\n<meta name=\"author\" content=\"Axel\" \/>\n<meta name=\"twitter:card\" content=\"summary_large_image\" \/>\n<meta name=\"twitter:label1\" content=\"Verfasst von\" \/>\n\t<meta name=\"twitter:data1\" content=\"Axel\" \/>\n\t<meta name=\"twitter:label2\" content=\"Gesch\u00e4tzte Lesezeit\" \/>\n\t<meta name=\"twitter:data2\" content=\"13 Minuten\" \/>\n<script type=\"application\/ld+json\" class=\"yoast-schema-graph\">{\"@context\":\"https:\/\/schema.org\",\"@graph\":[{\"@type\":\"Article\",\"@id\":\"https:\/\/www.modulor.de\/magazin\/allgemein\/die-wahrscheinlich-groesste-stiftewand-der-welt\/#article\",\"isPartOf\":{\"@id\":\"https:\/\/www.modulor.de\/magazin\/allgemein\/die-wahrscheinlich-groesste-stiftewand-der-welt\/\"},\"author\":{\"name\":\"Axel\",\"@id\":\"https:\/\/www.modulor.de\/magazin\/#\/schema\/person\/97c1b1ff12bcb88aa3a8f46c6fd7aed2\"},\"headline\":\"Die wahrscheinlich gr\u00f6\u00dfte Stiftewand der Welt\",\"datePublished\":\"2025-10-06T13:51:53+00:00\",\"dateModified\":\"2025-10-06T13:51:55+00:00\",\"mainEntityOfPage\":{\"@id\":\"https:\/\/www.modulor.de\/magazin\/allgemein\/die-wahrscheinlich-groesste-stiftewand-der-welt\/\"},\"wordCount\":2555,\"publisher\":{\"@id\":\"https:\/\/www.modulor.de\/magazin\/#organization\"},\"keywords\":[\"ausprobieren\",\"Laden Berlin\",\"Stiftewand\"],\"inLanguage\":\"de-DE\"},{\"@type\":\"WebPage\",\"@id\":\"https:\/\/www.modulor.de\/magazin\/allgemein\/die-wahrscheinlich-groesste-stiftewand-der-welt\/\",\"url\":\"https:\/\/www.modulor.de\/magazin\/allgemein\/die-wahrscheinlich-groesste-stiftewand-der-welt\/\",\"name\":\"Die wahrscheinlich gr\u00f6\u00dfte Stiftewand der Welt | Modulor\",\"isPartOf\":{\"@id\":\"https:\/\/www.modulor.de\/magazin\/#website\"},\"datePublished\":\"2025-10-06T13:51:53+00:00\",\"dateModified\":\"2025-10-06T13:51:55+00:00\",\"description\":\"lies wie wir unsere riesige Stiftewelt bei Modulor aufgebaut haben. 500.000 Stifte auf 23 Meter Regal verteilt + Farbverlauf aus Stiften\",\"breadcrumb\":{\"@id\":\"https:\/\/www.modulor.de\/magazin\/allgemein\/die-wahrscheinlich-groesste-stiftewand-der-welt\/#breadcrumb\"},\"inLanguage\":\"de-DE\",\"potentialAction\":[{\"@type\":\"ReadAction\",\"target\":[\"https:\/\/www.modulor.de\/magazin\/allgemein\/die-wahrscheinlich-groesste-stiftewand-der-welt\/\"]}]},{\"@type\":\"BreadcrumbList\",\"@id\":\"https:\/\/www.modulor.de\/magazin\/allgemein\/die-wahrscheinlich-groesste-stiftewand-der-welt\/#breadcrumb\",\"itemListElement\":[{\"@type\":\"ListItem\",\"position\":1,\"name\":\"Startseite\",\"item\":\"https:\/\/www.modulor.de\/magazin\/\"},{\"@type\":\"ListItem\",\"position\":2,\"name\":\"Die wahrscheinlich gr\u00f6\u00dfte Stiftewand der Welt\"}]},{\"@type\":\"WebSite\",\"@id\":\"https:\/\/www.modulor.de\/magazin\/#website\",\"url\":\"https:\/\/www.modulor.de\/magazin\/\",\"name\":\"Modulor\",\"description\":\"Allerhand Inspiration und Wissen rund um Modulor Material, M\u00f6bel, DIY-Projekte und ein Blick hinter die Modulor Kulissen.\",\"publisher\":{\"@id\":\"https:\/\/www.modulor.de\/magazin\/#organization\"},\"potentialAction\":[{\"@type\":\"SearchAction\",\"target\":{\"@type\":\"EntryPoint\",\"urlTemplate\":\"https:\/\/www.modulor.de\/magazin\/?s={search_term_string}\"},\"query-input\":\"required name=search_term_string\"}],\"inLanguage\":\"de-DE\"},{\"@type\":\"Organization\",\"@id\":\"https:\/\/www.modulor.de\/magazin\/#organization\",\"name\":\"Modulor\",\"url\":\"https:\/\/www.modulor.de\/magazin\/\",\"logo\":{\"@type\":\"ImageObject\",\"inLanguage\":\"de-DE\",\"@id\":\"https:\/\/www.modulor.de\/magazin\/#\/schema\/logo\/image\/\",\"url\":\"https:\/\/www.modulor.de\/magazin\/wp-content\/uploads\/2022\/10\/Modulor_Logo_rot_HG-transparent_1200-Px-B.png\",\"contentUrl\":\"https:\/\/www.modulor.de\/magazin\/wp-content\/uploads\/2022\/10\/Modulor_Logo_rot_HG-transparent_1200-Px-B.png\",\"width\":1200,\"height\":360,\"caption\":\"Modulor\"},\"image\":{\"@id\":\"https:\/\/www.modulor.de\/magazin\/#\/schema\/logo\/image\/\"},\"sameAs\":[\"https:\/\/www.instagram.com\/modulorberlin\/?hl=de\",\"https:\/\/www.pinterest.de\/modulor_de\/\",\"https:\/\/de-de.facebook.com\/modulor.de\/\"]},{\"@type\":\"Person\",\"@id\":\"https:\/\/www.modulor.de\/magazin\/#\/schema\/person\/97c1b1ff12bcb88aa3a8f46c6fd7aed2\",\"name\":\"Axel\",\"image\":{\"@type\":\"ImageObject\",\"inLanguage\":\"de-DE\",\"@id\":\"https:\/\/www.modulor.de\/magazin\/#\/schema\/person\/image\/\",\"url\":\"https:\/\/secure.gravatar.com\/avatar\/ae79c958ab7da8b0336f35b6fd1149a6?s=96&d=mm&r=g\",\"contentUrl\":\"https:\/\/secure.gravatar.com\/avatar\/ae79c958ab7da8b0336f35b6fd1149a6?s=96&d=mm&r=g\",\"caption\":\"Axel\"},\"url\":\"https:\/\/www.modulor.de\/magazin\/author\/axel\/\"}]}<\/script>\n<!-- \/ Yoast SEO plugin. -->","yoast_head_json":{"title":"Die wahrscheinlich gr\u00f6\u00dfte Stiftewand der Welt | Modulor","description":"lies wie wir unsere riesige Stiftewelt bei Modulor aufgebaut haben. 500.000 Stifte auf 23 Meter Regal verteilt + Farbverlauf aus Stiften","robots":{"index":"index","follow":"follow","max-snippet":"max-snippet:-1","max-image-preview":"max-image-preview:large","max-video-preview":"max-video-preview:-1"},"canonical":"https:\/\/www.modulor.de\/magazin\/allgemein\/die-wahrscheinlich-groesste-stiftewand-der-welt\/","og_locale":"de_DE","og_type":"article","og_title":"Die wahrscheinlich gr\u00f6\u00dfte Stiftewand der Welt | Modulor","og_description":"lies wie wir unsere riesige Stiftewelt bei Modulor aufgebaut haben. 500.000 Stifte auf 23 Meter Regal verteilt + Farbverlauf aus Stiften","og_url":"https:\/\/www.modulor.de\/magazin\/allgemein\/die-wahrscheinlich-groesste-stiftewand-der-welt\/","og_site_name":"Modulor","article_publisher":"https:\/\/de-de.facebook.com\/modulor.de\/","article_published_time":"2025-10-06T13:51:53+00:00","article_modified_time":"2025-10-06T13:51:55+00:00","og_image":[{"width":1344,"height":896,"url":"https:\/\/www.modulor.de\/magazin\/wp-content\/uploads\/2025\/10\/erleuchtete-Stiftewand.jpg","type":"image\/jpeg"}],"author":"Axel","twitter_card":"summary_large_image","twitter_misc":{"Verfasst von":"Axel","Gesch\u00e4tzte Lesezeit":"13 Minuten"},"schema":{"@context":"https:\/\/schema.org","@graph":[{"@type":"Article","@id":"https:\/\/www.modulor.de\/magazin\/allgemein\/die-wahrscheinlich-groesste-stiftewand-der-welt\/#article","isPartOf":{"@id":"https:\/\/www.modulor.de\/magazin\/allgemein\/die-wahrscheinlich-groesste-stiftewand-der-welt\/"},"author":{"name":"Axel","@id":"https:\/\/www.modulor.de\/magazin\/#\/schema\/person\/97c1b1ff12bcb88aa3a8f46c6fd7aed2"},"headline":"Die wahrscheinlich gr\u00f6\u00dfte Stiftewand der Welt","datePublished":"2025-10-06T13:51:53+00:00","dateModified":"2025-10-06T13:51:55+00:00","mainEntityOfPage":{"@id":"https:\/\/www.modulor.de\/magazin\/allgemein\/die-wahrscheinlich-groesste-stiftewand-der-welt\/"},"wordCount":2555,"publisher":{"@id":"https:\/\/www.modulor.de\/magazin\/#organization"},"keywords":["ausprobieren","Laden Berlin","Stiftewand"],"inLanguage":"de-DE"},{"@type":"WebPage","@id":"https:\/\/www.modulor.de\/magazin\/allgemein\/die-wahrscheinlich-groesste-stiftewand-der-welt\/","url":"https:\/\/www.modulor.de\/magazin\/allgemein\/die-wahrscheinlich-groesste-stiftewand-der-welt\/","name":"Die wahrscheinlich gr\u00f6\u00dfte Stiftewand der Welt | Modulor","isPartOf":{"@id":"https:\/\/www.modulor.de\/magazin\/#website"},"datePublished":"2025-10-06T13:51:53+00:00","dateModified":"2025-10-06T13:51:55+00:00","description":"lies wie wir unsere riesige Stiftewelt bei Modulor aufgebaut haben. 500.000 Stifte auf 23 Meter Regal verteilt + Farbverlauf aus Stiften","breadcrumb":{"@id":"https:\/\/www.modulor.de\/magazin\/allgemein\/die-wahrscheinlich-groesste-stiftewand-der-welt\/#breadcrumb"},"inLanguage":"de-DE","potentialAction":[{"@type":"ReadAction","target":["https:\/\/www.modulor.de\/magazin\/allgemein\/die-wahrscheinlich-groesste-stiftewand-der-welt\/"]}]},{"@type":"BreadcrumbList","@id":"https:\/\/www.modulor.de\/magazin\/allgemein\/die-wahrscheinlich-groesste-stiftewand-der-welt\/#breadcrumb","itemListElement":[{"@type":"ListItem","position":1,"name":"Startseite","item":"https:\/\/www.modulor.de\/magazin\/"},{"@type":"ListItem","position":2,"name":"Die wahrscheinlich gr\u00f6\u00dfte Stiftewand der Welt"}]},{"@type":"WebSite","@id":"https:\/\/www.modulor.de\/magazin\/#website","url":"https:\/\/www.modulor.de\/magazin\/","name":"Modulor","description":"Allerhand Inspiration und Wissen rund um Modulor Material, M\u00f6bel, DIY-Projekte und ein Blick hinter die Modulor Kulissen.","publisher":{"@id":"https:\/\/www.modulor.de\/magazin\/#organization"},"potentialAction":[{"@type":"SearchAction","target":{"@type":"EntryPoint","urlTemplate":"https:\/\/www.modulor.de\/magazin\/?s={search_term_string}"},"query-input":"required name=search_term_string"}],"inLanguage":"de-DE"},{"@type":"Organization","@id":"https:\/\/www.modulor.de\/magazin\/#organization","name":"Modulor","url":"https:\/\/www.modulor.de\/magazin\/","logo":{"@type":"ImageObject","inLanguage":"de-DE","@id":"https:\/\/www.modulor.de\/magazin\/#\/schema\/logo\/image\/","url":"https:\/\/www.modulor.de\/magazin\/wp-content\/uploads\/2022\/10\/Modulor_Logo_rot_HG-transparent_1200-Px-B.png","contentUrl":"https:\/\/www.modulor.de\/magazin\/wp-content\/uploads\/2022\/10\/Modulor_Logo_rot_HG-transparent_1200-Px-B.png","width":1200,"height":360,"caption":"Modulor"},"image":{"@id":"https:\/\/www.modulor.de\/magazin\/#\/schema\/logo\/image\/"},"sameAs":["https:\/\/www.instagram.com\/modulorberlin\/?hl=de","https:\/\/www.pinterest.de\/modulor_de\/","https:\/\/de-de.facebook.com\/modulor.de\/"]},{"@type":"Person","@id":"https:\/\/www.modulor.de\/magazin\/#\/schema\/person\/97c1b1ff12bcb88aa3a8f46c6fd7aed2","name":"Axel","image":{"@type":"ImageObject","inLanguage":"de-DE","@id":"https:\/\/www.modulor.de\/magazin\/#\/schema\/person\/image\/","url":"https:\/\/secure.gravatar.com\/avatar\/ae79c958ab7da8b0336f35b6fd1149a6?s=96&d=mm&r=g","contentUrl":"https:\/\/secure.gravatar.com\/avatar\/ae79c958ab7da8b0336f35b6fd1149a6?s=96&d=mm&r=g","caption":"Axel"},"url":"https:\/\/www.modulor.de\/magazin\/author\/axel\/"}]}},"_links":{"self":[{"href":"https:\/\/www.modulor.de\/magazin\/wp-json\/wp\/v2\/posts\/9577"}],"collection":[{"href":"https:\/\/www.modulor.de\/magazin\/wp-json\/wp\/v2\/posts"}],"about":[{"href":"https:\/\/www.modulor.de\/magazin\/wp-json\/wp\/v2\/types\/post"}],"author":[{"embeddable":true,"href":"https:\/\/www.modulor.de\/magazin\/wp-json\/wp\/v2\/users\/3"}],"replies":[{"embeddable":true,"href":"https:\/\/www.modulor.de\/magazin\/wp-json\/wp\/v2\/comments?post=9577"}],"version-history":[{"count":23,"href":"https:\/\/www.modulor.de\/magazin\/wp-json\/wp\/v2\/posts\/9577\/revisions"}],"predecessor-version":[{"id":9728,"href":"https:\/\/www.modulor.de\/magazin\/wp-json\/wp\/v2\/posts\/9577\/revisions\/9728"}],"wp:featuredmedia":[{"embeddable":true,"href":"https:\/\/www.modulor.de\/magazin\/wp-json\/wp\/v2\/media\/9705"}],"wp:attachment":[{"href":"https:\/\/www.modulor.de\/magazin\/wp-json\/wp\/v2\/media?parent=9577"}],"wp:term":[{"taxonomy":"category","embeddable":true,"href":"https:\/\/www.modulor.de\/magazin\/wp-json\/wp\/v2\/categories?post=9577"},{"taxonomy":"post_tag","embeddable":true,"href":"https:\/\/www.modulor.de\/magazin\/wp-json\/wp\/v2\/tags?post=9577"}],"curies":[{"name":"wp","href":"https:\/\/api.w.org\/{rel}","templated":true}]}}