{"id":7227,"date":"2024-02-05T16:25:32","date_gmt":"2024-02-05T15:25:32","guid":{"rendered":"https:\/\/www.modulor.de\/magazin\/?p=7227"},"modified":"2024-02-12T13:51:35","modified_gmt":"2024-02-12T12:51:35","slug":"material-des-monats-durchgefaerbtes-mdf","status":"publish","type":"post","link":"https:\/\/www.modulor.de\/magazin\/material-wissen\/material-des-monats-durchgefaerbtes-mdf\/","title":{"rendered":"Material des Monats: Durchgef\u00e4rbtes MDF"},"content":{"rendered":"\n[et_pb_section fb_built=&#8220;1&#8243; _builder_version=&#8220;4.17.3&#8243; _module_preset=&#8220;default&#8220; max_width_tablet=&#8220;&#8220; max_width_phone=&#8220;&#8220; max_width_last_edited=&#8220;on|desktop&#8220; custom_padding=&#8220;||15px|||&#8220; global_colors_info=&#8220;{}&#8220;][et_pb_row _builder_version=&#8220;4.17.3&#8243; _module_preset=&#8220;default&#8220; custom_padding=&#8220;||27px|||&#8220; global_colors_info=&#8220;{}&#8220;][et_pb_column type=&#8220;4_4&#8243; _builder_version=&#8220;4.17.3&#8243; _module_preset=&#8220;default&#8220; global_colors_info=&#8220;{}&#8220;][et_pb_post_title text_background=&#8220;on&#8220; featured_image_tablet=&#8220;on&#8220; featured_image_phone=&#8220;on&#8220; featured_image_last_edited=&#8220;on|phone&#8220; _builder_version=&#8220;4.17.3&#8243; _module_preset=&#8220;default&#8220; title_text_color=&#8220;#000000&#8243; meta_text_align=&#8220;center&#8220; background_enable_image=&#8220;off&#8220; global_colors_info=&#8220;{}&#8220;][\/et_pb_post_title][et_pb_text _builder_version=&#8220;4.17.3&#8243; _module_preset=&#8220;default&#8220; global_colors_info=&#8220;{}&#8220;]<p>Das Thema ist bei Modulor fast schon so alt wie wir selbst. Schlie\u00dflich sind seit jeher unsere Ladenregale aus diesem Material: Mitteldichte Faserplatte, kurz <a href=\"https:\/\/www.modulor.de\/platten\/holzplatten\/mdf-platten\/\" target=\"_blank\" rel=\"noopener\">MDF<\/a>, ist f\u00fcr den M\u00f6belbau einfach optimal. Es hat keine Produktions- oder Wuchsrichtung, zeigt also in allen Richtungen dieselben Eigenschaften, l\u00e4sst sich leicht mit g\u00e4ngigen Mitteln bearbeiten und ist ordentlich belastbar. Lange haben wir uns mit dem materialeigenen Farbton zufriedengegeben oder mit wei\u00df beschichtetem MDF gearbeitet, weil das Braun dann doch nicht \u00fcberall der gestalterischen Absicht entsprach.<\/p>\n<p>Und so geisterte immer der Plan durch unsere K\u00f6pfe, MDF in anderen Farben bei uns anzubieten. Schwarz hatten wir dann immerhin irgendwann im Sortiment (und verbauen es auch flei\u00dfig in unserem Laden), aber viele Kundenanfragen haben unseren Wunsch nach mehr Farbigkeit beim MDF best\u00e4tigt. Nun endlich haben wir den Plan umgesetzt und k\u00f6nnen das durchgef\u00e4rbte MDF anbieten, das wir momentan f\u00fcr das Beste am Markt halten und das neben der Farbigkeit noch mit weiteren Qualit\u00e4ten punktet. Dazu unten mehr.<\/p>[\/et_pb_text][et_pb_button button_url=&#8220;https:\/\/www.modulor.de\/mdf-durchgefaerbt-zuschnitt-moeglich.html&#8220; url_new_window=&#8220;on&#8220; button_text=&#8220;Durchgef\u00e4rbtes MDF bei uns im Shop&#8220; button_alignment=&#8220;center&#8220; _builder_version=&#8220;4.17.3&#8243; _module_preset=&#8220;default&#8220; button_text_color=&#8220;#FFFFFF&#8220; button_bg_color=&#8220;#E40000&#8243; global_colors_info=&#8220;{}&#8220;][\/et_pb_button][et_pb_text _builder_version=&#8220;4.17.3&#8243; _module_preset=&#8220;default&#8220; global_colors_info=&#8220;{}&#8220;]<p style=\"text-align: center;\"><a href=\"#MDf-farbig-Anker1\">Die Herstellung von durchgef\u00e4rbtem MDF<\/a><br \/><a href=\"#MDf-farbig-Anker2\">Die Eigenschaften von durchgef\u00e4rbtem MDF<\/a><a href=\"#acrylfarben-anker2\"> <\/a><br \/><a href=\"#MDf-farbig-Anker3\">Die Verarbeitung und die Verwendung von durchgef\u00e4rbtem MDF<\/a><br \/><a href=\"#MDf-farbig-Anker4\">Die MDF-Farbe(n) und wie Du sie beeinflussen kannst<\/a><br \/><a href=\"#Worbla-Anker5\"><\/a><a href=\"#MDf-farbig-Anker5\">Die Entsorgung von MDF<\/a><a href=\"#Worbla-Anker6\"><\/a><\/p>[\/et_pb_text][\/et_pb_column][\/et_pb_row][et_pb_row _builder_version=&#8220;4.17.3&#8243; _module_preset=&#8220;default&#8220; global_colors_info=&#8220;{}&#8220;][et_pb_column type=&#8220;4_4&#8243; _builder_version=&#8220;4.17.3&#8243; _module_preset=&#8220;default&#8220; global_colors_info=&#8220;{}&#8220;][et_pb_image src=&#8220;https:\/\/www.modulor.de\/magazin\/wp-content\/uploads\/2024\/02\/98A7650_low.jpg&#8220; alt=&#8220;auf schwarzem MDF liegen kleine Farbmuster von farbigem MDF nebeneinander.&#8220; title_text=&#8220;durchgef\u00e4rbtes MDF, Farbmuster&#8220; _builder_version=&#8220;4.17.3&#8243; _module_preset=&#8220;default&#8220; global_colors_info=&#8220;{}&#8220;][\/et_pb_image][\/et_pb_column][\/et_pb_row][et_pb_row column_structure=&#8220;1_2,1_2&#8243; _builder_version=&#8220;4.17.3&#8243; _module_preset=&#8220;default&#8220; global_colors_info=&#8220;{}&#8220;][et_pb_column type=&#8220;1_2&#8243; _builder_version=&#8220;4.17.3&#8243; _module_preset=&#8220;default&#8220; global_colors_info=&#8220;{}&#8220;][et_pb_text module_id=&#8220;MDf-farbig-Anker1&#8243; _builder_version=&#8220;4.17.3&#8243; _module_preset=&#8220;default&#8220; global_colors_info=&#8220;{}&#8220;]<h2>Die Herstellung von durchgef\u00e4rbtem MDF<\/h2>\n<p><a href=\"https:\/\/www.modulor.de\/platten\/holzplatten\/mdf-platten\/\" target=\"_blank\" rel=\"noopener\">Mitteldichte Faserplatten<\/a> gibt es nun schon einige Jahrzehnte. Grob zusammengefasst werden bei der Produktion recht feine Holzfasern mit ungef\u00e4hr zehn Prozent Leim, Wasser und weiteren Zusatzstoffen vermengt, die die Wasseraufnahme, die Pilzresistenz, das Brandverhalten und die Farbe der fertigen Platten beeinflussen. Der Brei wird mit W\u00e4rme unter hohem Druck zu Platten verpresst, die abk\u00fchlen und aush\u00e4rten.<\/p>\n<p>Das Besondere an durchgef\u00e4rbten MDF-Platten ist nicht nur die Farbigkeit. Zumeist sind die Rezeptur und die Herstellung der farbigen Platten darauf ausgerichtet, dass ein besonders dichtes und festes Material dabei entsteht. Gegen\u00fcber den braunen Standardplatten ist die Art des Leims anders gew\u00e4hlt (Melamin oder Phenol statt Harnstoff-Formaldehyd) und der Leimanteil sowie der Druck beim Verpressen sind h\u00f6her. Dadurch wird das Material konstruktiv besser verwendbar, etwa wenn randnahe Verbindungen nicht so leicht ausbrechen und die Durchbiegung geringer ausf\u00e4llt.<\/p>[\/et_pb_text][et_pb_image src=&#8220;https:\/\/www.modulor.de\/magazin\/wp-content\/uploads\/2024\/02\/98A7658_low.jpg&#8220; alt=&#8220;auf schwarzem MDF liegen kleine Farbmuster von farbigem MDF \u00fcbereinander gestapelt. Rot, gr\u00fcn, orange, grau, blau, gelb.&#8220; title_text=&#8220;durchgef\u00e4rbtes MDF, Farbmuster, gestapelt&#8220; _builder_version=&#8220;4.17.3&#8243; _module_preset=&#8220;default&#8220; global_colors_info=&#8220;{}&#8220;][\/et_pb_image][\/et_pb_column][et_pb_column type=&#8220;1_2&#8243; _builder_version=&#8220;4.17.3&#8243; _module_preset=&#8220;default&#8220; global_colors_info=&#8220;{}&#8220;][et_pb_blurb image=&#8220;https:\/\/www.modulor.de\/magazin\/wp-content\/uploads\/2024\/02\/98A8158_low.jpg&#8220; alt=&#8220;zwei MDF-Platten (braun) liegen aufeinander und sind in der Ecke des Formats zusammengeschraubt.&#8220; _builder_version=&#8220;4.17.3&#8243; _module_preset=&#8220;default&#8220; custom_padding=&#8220;||||false|false&#8220; global_colors_info=&#8220;{}&#8220;]<p>an den Kanten ist der weich-faserige Hauptbestandteil (die Holzfasern) gut erkennbar.<\/p>[\/et_pb_blurb][et_pb_blurb image=&#8220;https:\/\/www.modulor.de\/magazin\/wp-content\/uploads\/2024\/02\/98A8153_low.jpg&#8220; alt=&#8220;zwei Kleine MDF-Platten liegen sehr wenig aufeinander. Dicht am Rand der beiden Platten sind sie zusammengaschraubt. Die Schraube ist nicht ganz eingeschraubt und es wurde vor dem Schrauben nicht vorgebohrt. Die Schraube treibt beim Hereinschrauben ein wenig Material auseinander und dr\u00fcckt damit die Platte kapuut.&#8220; _builder_version=&#8220;4.17.3&#8243; _module_preset=&#8220;default&#8220; global_colors_info=&#8220;{}&#8220;]<p>zu nah am Rand platzierte Schrauben (nicht vorgebohrt) dr\u00fccken das braune Material auseinander und &#8230;<\/p>[\/et_pb_blurb][et_pb_blurb image=&#8220;https:\/\/www.modulor.de\/magazin\/wp-content\/uploads\/2024\/02\/98A8156_low.jpg&#8220; alt=&#8220;zwei Kleine MDF-Platten liegen sehr wenig aufeinander. Dicht am Rand der beiden Platten sind sie zusammengaschraubt. Das Material ist aus der Schraube gebrochen. Die Schraube war zu dicht am Randeingeschraubt.&#8220; _builder_version=&#8220;4.17.3&#8243; _module_preset=&#8220;default&#8220; global_colors_info=&#8220;{}&#8220;]<p>&#8230; bereits bei wenig Belastung bricht das Material aus der Schraube. Das passiert bei dem farbigen MDF nicht.<\/p>[\/et_pb_blurb][\/et_pb_column][\/et_pb_row][et_pb_row _builder_version=&#8220;4.17.3&#8243; _module_preset=&#8220;default&#8220; global_colors_info=&#8220;{}&#8220;][et_pb_column type=&#8220;4_4&#8243; _builder_version=&#8220;4.17.3&#8243; _module_preset=&#8220;default&#8220; global_colors_info=&#8220;{}&#8220;][et_pb_text module_id=&#8220;MDf-farbig-Anker2&#8243; _builder_version=&#8220;4.17.3&#8243; _module_preset=&#8220;default&#8220; global_colors_info=&#8220;{}&#8220;]<h2 style=\"text-align: center;\">Die Eigenschaften von durchgef\u00e4rbtem MDF<\/h2>[\/et_pb_text][\/et_pb_column][\/et_pb_row][et_pb_row column_structure=&#8220;1_2,1_2&#8243; _builder_version=&#8220;4.17.3&#8243; _module_preset=&#8220;default&#8220; global_colors_info=&#8220;{}&#8220;][et_pb_column type=&#8220;1_2&#8243; _builder_version=&#8220;4.17.3&#8243; _module_preset=&#8220;default&#8220; global_colors_info=&#8220;{}&#8220;][et_pb_image src=&#8220;https:\/\/www.modulor.de\/magazin\/wp-content\/uploads\/2024\/02\/98A8126_low.jpg&#8220; alt=&#8220;In einem kleinen Quader von grauem MDF sind acht Fr\u00e4sungen, zwei auf jeder Seite. Der kleine Quader liegt auf einem St\u00fcck von schwarzem MDF. Nicht zu sehen sind die Verbinder im schwarzen MDF, die in zwei Fr\u00e4sungen des grauen MDFs greifen un dso beide Teile verbinden.&#8220; title_text=&#8220;Fr\u00e4sungen in durchgef\u00e4rbtem MDF&#8220; _builder_version=&#8220;4.17.3&#8243; _module_preset=&#8220;default&#8220; global_colors_info=&#8220;{}&#8220;][\/et_pb_image][et_pb_blurb image=&#8220;https:\/\/www.modulor.de\/magazin\/wp-content\/uploads\/2024\/02\/98A8138_low.jpg&#8220; alt=&#8220;In grauem MDF sind in der Fl\u00e4che Fr\u00e4sungen eingearbeitet, in die Kunststoffverbinder passen. Die Verbinder sind in einem zweiten St\u00fcck MDF im Bild. Die Verbinder k\u00f6nnen in die Fr\u00e4sungen eingesteckt und durch leichtes Verschieben festgekeilt werden.&#8220; _builder_version=&#8220;4.17.3&#8243; _module_preset=&#8220;default&#8220; global_colors_info=&#8220;{}&#8220;]<p>Die Muster zeigen wie nah am Rand von durchgef\u00e4rbtem MDF Fr\u00e4sungen eingearbeitet werden k\u00f6nnen. Die Fr\u00e4sungen dienen als Aufnahme f\u00fcr Kunststoffverbinder.<\/p>[\/et_pb_blurb][\/et_pb_column][et_pb_column type=&#8220;1_2&#8243; _builder_version=&#8220;4.17.3&#8243; _module_preset=&#8220;default&#8220; global_colors_info=&#8220;{}&#8220;][et_pb_text _builder_version=&#8220;4.17.3&#8243; _module_preset=&#8220;default&#8220; global_colors_info=&#8220;{}&#8220;]<p>Die beschriebene h\u00f6here Rohdichte der durchgef\u00e4rbten MDF-Platten liegt je nach Plattenst\u00e4rke zwischen 740 (s = 19 mm) und 860 kg\/m\u00b3 (s = 5 mm). Je d\u00fcnner die Platte umso dichter wird sie also produziert, weshalb auch die d\u00fcnnen St\u00e4rken noch gut belastbar sind. Zum Vergleich: Das braune Standard-MDF bei uns im Sortiment hat eine Rohdichte von 700 kg\/m\u00b3. Bereits die nur wenig h\u00f6here Dichte und die ver\u00e4nderte Rezeptur f\u00fchren zu einer deutlich h\u00f6heren Festigkeit beim farbigen MDF. Dadurch l\u00e4sst sich das Material noch besser fr\u00e4sen als herk\u00f6mmliches MDF und es nimmt deutlich weniger Feuchtigkeit auf. Es wird also bis zu einem gewissen Grad wasserfest. Letztlich sind damit alle Parameter erf\u00fcllt, die f\u00fcr den Einsatz im M\u00f6belbau relevant sind. Durchgef\u00e4rbtes MDF ist also bestens geeignet f\u00fcr Regale, Schr\u00e4nke und Co.<\/p>[\/et_pb_text][\/et_pb_column][\/et_pb_row][et_pb_row _builder_version=&#8220;4.17.3&#8243; _module_preset=&#8220;default&#8220; global_colors_info=&#8220;{}&#8220;][et_pb_column type=&#8220;4_4&#8243; _builder_version=&#8220;4.17.3&#8243; _module_preset=&#8220;default&#8220; global_colors_info=&#8220;{}&#8220;][et_pb_text module_id=&#8220;MDf-farbig-Anker3&#8243; _builder_version=&#8220;4.17.3&#8243; _module_preset=&#8220;default&#8220; global_colors_info=&#8220;{}&#8220;]<h2>Die Verarbeitung und die Verwendung von durchgef\u00e4rbtem MDF<\/h2>[\/et_pb_text][\/et_pb_column][\/et_pb_row][et_pb_row column_structure=&#8220;1_2,1_2&#8243; _builder_version=&#8220;4.17.3&#8243; _module_preset=&#8220;default&#8220; global_colors_info=&#8220;{}&#8220;][et_pb_column type=&#8220;1_2&#8243; _builder_version=&#8220;4.17.3&#8243; _module_preset=&#8220;default&#8220; global_colors_info=&#8220;{}&#8220;][et_pb_blurb image=&#8220;https:\/\/www.modulor.de\/magazin\/wp-content\/uploads\/2024\/02\/98A8151_low.jpg&#8220; alt=&#8220;ein Werkst\u00fcck aus schwarzem MDF liegt auf wei\u00dfem Untergrund. Das Werkst\u00fcck besteht aus zwei Leisten aus MDF, die mit einem kleinen Distanzst\u00fcck mit genau dem Ma\u00df auf Abstand zueinander gehalten werden, das sie selbst als St\u00e4rke aufweisen. Das Distanzst\u00fcck ist eingeleimt.&#8220; _builder_version=&#8220;4.17.3&#8243; _module_preset=&#8220;default&#8220; global_colors_info=&#8220;{}&#8220;]<p>Verbindungen, die ausschlie\u00dflich Druck \u00fcbertragen sollen wie bei diesem Distanzhalter zwischen zwei Leisten, k\u00f6nnen problemlos geleimt werden.<\/p>[\/et_pb_blurb][\/et_pb_column][et_pb_column type=&#8220;1_2&#8243; _builder_version=&#8220;4.17.3&#8243; _module_preset=&#8220;default&#8220; global_colors_info=&#8220;{}&#8220;][et_pb_text _builder_version=&#8220;4.17.3&#8243; _module_preset=&#8220;default&#8220; global_colors_info=&#8220;{}&#8220;]<p>MDF kannst Du in allen Festigkeiten (Dichten) mit allen f\u00fcr die Holzverarbeitung g\u00e4ngigen Werkzeugen spanhebend bearbeiten. Durch die Feinheit der Holzfasern und die daraus resultierende Homogenit\u00e4t l\u00e4sst es sich auffallend gut fr\u00e4sen. Gef\u00fcgt wird MDF zumeist mechanisch mit Verbindungselementen, es l\u00e4sst sich als Holzwerkstoff aber auch gut <a href=\"https:\/\/www.modulor.de\/klebstoffe\/leim\/weissleim\/\" target=\"_blank\" rel=\"noopener\">verleimen<\/a>.<\/p>[\/et_pb_text][\/et_pb_column][\/et_pb_row][et_pb_row _builder_version=&#8220;4.17.3&#8243; _module_preset=&#8220;default&#8220; global_colors_info=&#8220;{}&#8220;][et_pb_column type=&#8220;4_4&#8243; _builder_version=&#8220;4.17.3&#8243; _module_preset=&#8220;default&#8220; global_colors_info=&#8220;{}&#8220;][et_pb_text _builder_version=&#8220;4.17.3&#8243; _module_preset=&#8220;default&#8220; global_colors_info=&#8220;{}&#8220;]<p>W\u00e4hrend braunes MDF h\u00e4ufig im Verborgenen seinen Dienst tut und das Innere eines Klodeckels oder die Tr\u00e4gerschicht im Laminat-Fu\u00dfboden bildet oder als beschichtete K\u00fcchenm\u00f6belt\u00fcr unerkannt bleibt, soll das durchgef\u00e4rbte MDF nat\u00fcrlich sichtbar bleiben, zuweilen nur an der Kante wie bei unseren <a href=\"https:\/\/www.modulor.de\/tischplatten\/linoleum-tischplatten\/konfigurator\/?setup=size:1200x650,tableTop:linoleum,panelHeight:21,pHLRectangle:21,pHLRound:30,surfaceColorL:smokegrey,sCLRectangle:smokegrey,sCLRound:leadgrey,edgeL:mdfanthracite25,eLRectangle:mdfanthracite25,eLRound:mdfanthracite25,edgeBandL:mdfanthracite25,eBLRectangle:mdfanthracite25,eBLRound:mdfanthracite25,tableCoreL:mdfanthracite25,tCLRectangle:mdfanthracite25,tCLRound:mdfanthracite25,tableEdgeBevel:25,tEBLRectangle:25,tEBLRound:25,radius:3mm,panelHeightM:25,surfaceColorM:lightgraypearl,edgeM:multiplex_birke,edgeMWood:multiplex_birke,edgeMPlastic:,cableOutlet:none,cableOutletType:none,cableOutletPosition:130x130,shape:rectangle,wxdxh:1200x650,diameter:1000,state:configure,radiusL:3mm,c:1\" target=\"_blank\" rel=\"noopener\">Linoleum-Tischplatten aus MDF<\/a>. Ob monochrom oder im Farbmix: M\u00f6bel aus durchgef\u00e4rbtem MDF wirken solide und massiv, zuweilen wuchtig. Diese Wirkung l\u00e4sst sich etwas mit der Verwendung d\u00fcnnerer St\u00e4rken reduzieren, aber h\u00e4ufig ist sie genau so gewollt.<\/p>[\/et_pb_text][\/et_pb_column][\/et_pb_row][et_pb_row column_structure=&#8220;1_3,1_3,1_3&#8243; _builder_version=&#8220;4.17.3&#8243; _module_preset=&#8220;default&#8220; global_colors_info=&#8220;{}&#8220;][et_pb_column type=&#8220;1_3&#8243; _builder_version=&#8220;4.17.3&#8243; _module_preset=&#8220;default&#8220; global_colors_info=&#8220;{}&#8220;][et_pb_image src=&#8220;https:\/\/www.modulor.de\/magazin\/wp-content\/uploads\/2024\/02\/98A8081_low.jpg&#8220; alt=&#8220;Ein Pr\u00e4sentationstisch aus dem Modulor Laden ist zu sehen. Der Tisch ist aus schwarzem Stahlrohr mit qaudratischem Querschnitt und schwarzen MDF-Platten. Der Tisch hat zwei zus\u00e4tzliche Ebenen unter der Oberseite, ist also eigentlich ein gro\u00dfes Regal. Die zwei unteren Ebenen dienen als Nachf\u00fclllager f\u00fcr die oben pr\u00e4sentierte Ware. Das MDF der verwendeten Platten ist ge\u00f6lt.&#8220; title_text=&#8220;Pr\u00e4sentationstisch Modulor Laden&#8220; _builder_version=&#8220;4.17.3&#8243; _module_preset=&#8220;default&#8220; global_colors_info=&#8220;{}&#8220;][\/et_pb_image][\/et_pb_column][et_pb_column type=&#8220;1_3&#8243; _builder_version=&#8220;4.17.3&#8243; _module_preset=&#8220;default&#8220; global_colors_info=&#8220;{}&#8220;][et_pb_image src=&#8220;https:\/\/www.modulor.de\/magazin\/wp-content\/uploads\/2024\/02\/98A8087_low.jpg&#8220; alt=&#8220;Im Modulor Laden h\u00e4ngt von der Decke eine Schuakel. Auf der Schukel sitzt ein Roboter aus Pappschachteln aus Graupappe. Die Schaukel besteht aus einem Brett aus schwarzem MDF und wei\u00dfem Seil.&#8220; title_text=&#8220;Schaukel aus MDF und Seil im Modulor Laden&#8220; _builder_version=&#8220;4.17.3&#8243; _module_preset=&#8220;default&#8220; global_colors_info=&#8220;{}&#8220;][\/et_pb_image][\/et_pb_column][et_pb_column type=&#8220;1_3&#8243; _builder_version=&#8220;4.17.3&#8243; _module_preset=&#8220;default&#8220; global_colors_info=&#8220;{}&#8220;][et_pb_image src=&#8220;https:\/\/www.modulor.de\/magazin\/wp-content\/uploads\/2024\/02\/98A8091_low.jpg&#8220; alt=&#8220;Im Modulor Laden h\u00e4ngt von der Decke eine Schaukel. Auf der Schaukel sitzt ein Roboter aus Pappschachteln aus Graupappe. Die Schaukel besteht aus einem Brett aus schwarzem MDF und wei\u00dfem Seil. Im Bild ist ein gebohrtes Loch im MDF zu sehne, durch das wei\u00dfes Seil durchgef\u00fchrt ist.&#8220; title_text=&#8220;Detailansicht Schaukel Modulor Laden&#8220; _builder_version=&#8220;4.17.3&#8243; _module_preset=&#8220;default&#8220; global_colors_info=&#8220;{}&#8220;][\/et_pb_image][\/et_pb_column][\/et_pb_row][et_pb_row column_structure=&#8220;1_2,1_2&#8243; _builder_version=&#8220;4.17.3&#8243; _module_preset=&#8220;default&#8220; global_colors_info=&#8220;{}&#8220;][et_pb_column type=&#8220;1_2&#8243; _builder_version=&#8220;4.17.3&#8243; _module_preset=&#8220;default&#8220; global_colors_info=&#8220;{}&#8220;][et_pb_text _builder_version=&#8220;4.17.3&#8243; _module_preset=&#8220;default&#8220; global_colors_info=&#8220;{}&#8220;]<p>Neben dem Material ist die zweitwichtigste Komponente beim Konstruieren von M\u00f6beln die Verbindung. Die Art der Verbindung der einzelnen Konstruktionselemente ist immer auch gestaltbildend und wer diese so stark in den Hintergrund stellen m\u00f6chte, dass das Material das Wichtigste bleibt, versucht die Verbindungen zu reduzieren, damit sie m\u00f6glichst unsichtbar werden. Das gelingt mit durchgef\u00e4rbtem MDF aufgrund der Fr\u00e4sbarkeit (auch am Rand) und beispielsweise eigens entwickelten <a href=\"https:\/\/www.forescolor.de\/keilverbinder.html\" target=\"_blank\" rel=\"noopener\">Keilverbindern<\/a>, die passgenau in Fr\u00e4sungen greifen, nahezu perfekt. Die Platten werden einfach auf die Verbinder gesteckt bzw. geschoben. Damit entstehen am Ende M\u00f6bel, die visuell nur aus rechtwinklig zueinander stehenden Fl\u00e4chen bestehen, die auf geradezu magische Art miteinander verbunden sind.<\/p>[\/et_pb_text][\/et_pb_column][et_pb_column type=&#8220;1_2&#8243; _builder_version=&#8220;4.17.3&#8243; _module_preset=&#8220;default&#8220; global_colors_info=&#8220;{}&#8220;][et_pb_image src=&#8220;https:\/\/www.modulor.de\/magazin\/wp-content\/uploads\/2024\/02\/98A8130_low.jpg&#8220; alt=&#8220;in einem schmalen St\u00fcck grauen MDFs ist in die Kante ein keilf\u00f6rmiger Schlitz eingefr\u00e4st. Das kleine St\u00fcck MDF wird von einer Hand gehalten, im Hintergrund liegt ein weiteres St\u00fcck graues MDF, in dem ein Keilverbinder geschraubt ist.&#8220; title_text=&#8220;Fr\u00e4sung in MDF-Kante f\u00fcr Keilverbinder&#8220; _builder_version=&#8220;4.17.3&#8243; _module_preset=&#8220;default&#8220; global_colors_info=&#8220;{}&#8220;][\/et_pb_image][et_pb_image src=&#8220;https:\/\/www.modulor.de\/magazin\/wp-content\/uploads\/2024\/02\/98A8133_low.jpg&#8220; alt=&#8220;Ein St\u00fcck graues MDF wird rechtwinklig mit einem anderen St\u00fcck MDF verbunden. Die Verbindung ist ein Keilverbinder, der in das liegende St\u00fcck MDF geschraubt wurde. Zu sehen ist im Bild wie das andere MDF-St\u00fcck, in das an der Kante eine keilf\u00f6rmige Fr\u00e4sung eingearbeitet ist, auf den Keilverbinder aufgeschoben wird.&#8220; title_text=&#8220;Keilverbinder in MDF&#8220; _builder_version=&#8220;4.17.3&#8243; _module_preset=&#8220;default&#8220; global_colors_info=&#8220;{}&#8220;][\/et_pb_image][\/et_pb_column][\/et_pb_row][et_pb_row column_structure=&#8220;1_2,1_2&#8243; _builder_version=&#8220;4.17.3&#8243; _module_preset=&#8220;default&#8220; global_colors_info=&#8220;{}&#8220;][et_pb_column type=&#8220;1_2&#8243; _builder_version=&#8220;4.17.3&#8243; _module_preset=&#8220;default&#8220; global_colors_info=&#8220;{}&#8220;][et_pb_image src=&#8220;https:\/\/www.modulor.de\/magazin\/wp-content\/uploads\/2024\/02\/98A8165_low.jpg&#8220; alt=&#8220;Aus vier MDF-Platten in verschiedenen Farben ist \u00fcber acht Playwood-Verbinder ein W\u00fcrfel gebaut worden. Die Vorder- und die R\u00fcckseite fehlen. Dadurch kann der Kubus wie ein Regalfach genutzt werden, man k\u00f6nnte sich aber auch draufsetzen.&#8220; title_text=&#8220;MDF Kubus Playwood&#8220; _builder_version=&#8220;4.17.3&#8243; _module_preset=&#8220;default&#8220; global_colors_info=&#8220;{}&#8220;][\/et_pb_image][et_pb_image src=&#8220;https:\/\/www.modulor.de\/magazin\/wp-content\/uploads\/2024\/02\/Beispiel-Plywood-schwarz-scaled.jpg&#8220; alt=&#8220;Vor einem Regal aus schwarzem MDF und Playwood-Verbindern steht ein Tresen aus derselben Kombination.&#8220; title_text=&#8220;Beispiel Playwood schwarz MDF&#8220; _builder_version=&#8220;4.17.3&#8243; _module_preset=&#8220;default&#8220; global_colors_info=&#8220;{}&#8220;][\/et_pb_image][\/et_pb_column][et_pb_column type=&#8220;1_2&#8243; _builder_version=&#8220;4.17.3&#8243; _module_preset=&#8220;default&#8220; global_colors_info=&#8220;{}&#8220;][et_pb_text module_id=&#8220;giessmassen-anker4&#8243; _builder_version=&#8220;4.17.3&#8243; _module_preset=&#8220;default&#8220; global_colors_info=&#8220;{}&#8220;]<p>Ganz ohne Fr\u00e4sungen geht es aber auch, sodass die Verbindung gestaltbildend wird. Mit auf den Plattenr\u00e4ndern festgeklemmten Kunststoffverbindern lassen sich beispielsweise m\u00fchelos und ohne spezielle Werkzeuge Platten zu M\u00f6belst\u00fccken f\u00fcgen, die Du tempor\u00e4r nutzen und immer wieder um- oder abbauen kannst. Playwood hat solche Verbindungselemente entwickelt. Die funktionieren nat\u00fcrlich nicht nur mit durchgef\u00e4rbtem MDF, hier ist eher die Plattenst\u00e4rke das entscheidende Kriterium.<\/p>[\/et_pb_text][et_pb_image src=&#8220;https:\/\/www.modulor.de\/magazin\/wp-content\/uploads\/2024\/02\/98A7986_low.jpg&#8220; alt=&#8220;An einer gr\u00fcnen MDF-Platte wird die Kante mit einer elektrischen Handfr\u00e4se gebrochen. Es wird eine 2-mm-Fase angefr\u00e4st.. Zu sehen ist ein Ausschnitt der quadratischen Platte und die Fr\u00e4se, die von einer Hand gef\u00fchrt wird.&#8220; title_text=&#8220;MDF gr\u00fcn, Kante fr\u00e4sen&#8220; _builder_version=&#8220;4.17.3&#8243; _module_preset=&#8220;default&#8220; global_colors_info=&#8220;{}&#8220;][\/et_pb_image][et_pb_text _builder_version=&#8220;4.17.3&#8243; _module_preset=&#8220;default&#8220; hover_enabled=&#8220;0&#8243; global_colors_info=&#8220;{}&#8220; sticky_enabled=&#8220;0&#8243;]<p>Mit 19 mm Plattenst\u00e4rke liegst Du bei Playwood immer richtig. Wir haben einige <a href=\"https:\/\/www.modulor.de\/mdf-durchgefaerbt-moebelplatte-roh-mit-ca-2-mm-fase.html\" target=\"_blank\" rel=\"noopener\">quadratische Platten<\/a> aus durchgef\u00e4rbtem MDF mit der St\u00e4rke 19 mm im Sortiment, die an den Kanten eine Fase haben und mit denen Du im Zusammenspiel mit den <a href=\"https:\/\/www.modulor.de\/playwood-plattenverbinder-schwarz.html\" target=\"_blank\" rel=\"noopener\">Playwood-Verbindern<\/a> fr\u00f6hlich und ohne S\u00e4gen losgestalten und Hocker, B\u00e4nke oder Regale bauen kannst! Quasi wie mit einem Baukasten.<\/p>[\/et_pb_text][\/et_pb_column][\/et_pb_row][et_pb_row _builder_version=&#8220;4.17.3&#8243; _module_preset=&#8220;default&#8220; global_colors_info=&#8220;{}&#8220;][et_pb_column type=&#8220;4_4&#8243; _builder_version=&#8220;4.17.3&#8243; _module_preset=&#8220;default&#8220; global_colors_info=&#8220;{}&#8220;][et_pb_text module_id=&#8220;MDf-farbig-Anker4&#8243; _builder_version=&#8220;4.17.3&#8243; _module_preset=&#8220;default&#8220; global_colors_info=&#8220;{}&#8220;]<h2 style=\"text-align: center;\">Die MDF-Farbe(n) und wie Du sie beeinflussen kannst<\/h2>[\/et_pb_text][\/et_pb_column][\/et_pb_row][et_pb_row column_structure=&#8220;1_2,1_2&#8243; _builder_version=&#8220;4.17.3&#8243; _module_preset=&#8220;default&#8220; global_colors_info=&#8220;{}&#8220;][et_pb_column type=&#8220;1_2&#8243; _builder_version=&#8220;4.17.3&#8243; _module_preset=&#8220;default&#8220; global_colors_info=&#8220;{}&#8220;][et_pb_text _builder_version=&#8220;4.17.3&#8243; _module_preset=&#8220;default&#8220; global_colors_info=&#8220;{}&#8220;]<p>Die angebotenen Farben vom durchgef\u00e4rbten MDF wirken sehr nat\u00fcrlich und bilden das Spektrum der Grundfarben (plus Grau und Orange) ab. Die Farbigkeit erscheint nicht materialfremd sondern sehr passend und anregend. Wem die Farben zu blass sind, dem empfehlen wir das \u00d6len des Materials. Wir haben in unserem Ladengesch\u00e4ft damit sehr gute Erfahrungen gemacht. Das <a href=\"https:\/\/www.modulor.de\/modulor-leinoel.html\" target=\"_blank\" rel=\"noopener\">\u00d6l<\/a> intensiviert die Farbwirkung enorm, das Material wirkt geradezu leuchtend farbig nach dem \u00d6len. Und mithilfe des \u00d6lens verdoppelt man f\u00fcr sich und seine Arbeit recht leicht das zur Gestaltung verf\u00fcgbare Farbangebot, wenn zu jeder Farbe die Varianten \u201eblass\u201c (hell) und \u201eintensiv\u201c (dunkel) zur Wahl stehen. Beim \u00d6len kannst Du den Grad der Farbintensit\u00e4t \u00fcber die Menge des eingearbeiteten \u00d6ls etwas steuern. Das Material saugt recht gut das \u00d6l auf, Du kannst es direkt auf die Fl\u00e4chen gie\u00dfen und mit einem <a href=\"https:\/\/www.modulor.de\/japanspachtel-set.html\" target=\"_blank\" rel=\"noopener\">Spachtel<\/a>, Lappen oder <a href=\"https:\/\/www.modulor.de\/da-vinci-breiter-borstenpinsel-kurze-borste.html\" target=\"_blank\" rel=\"noopener\">Pinsel<\/a> verteilen. Du solltest es aber nicht zu lange auf den Fl\u00e4chen stehen lassen. Wenn es gleichm\u00e4\u00dfig verteilt ist, solltest Du das \u00fcbersch\u00fcssige \u00d6l von der Fl\u00e4che wischen, damit sich keine \u00fcbers\u00e4ttigten Bereiche bilden, die am Ende speckig wirken.<\/p>[\/et_pb_text][\/et_pb_column][et_pb_column type=&#8220;1_2&#8243; _builder_version=&#8220;4.17.3&#8243; _module_preset=&#8220;default&#8220; global_colors_info=&#8220;{}&#8220;][et_pb_image src=&#8220;https:\/\/www.modulor.de\/magazin\/wp-content\/uploads\/2024\/02\/98A8212_low.jpg&#8220; alt=&#8220;Auf einer Schneidematte liegen zwei Platten farbiges MDF. Die Platten sind zur H\u00e4lfte jeweils mit einem Papier abgedeckt. Die sichtbaren Bereiche sollen mit \u00d6l bestrichen werden.&#8220; title_text=&#8220;MDF orange und gr\u00fcn vor dem \u00d6len&#8220; url=&#8220;https:\/\/www.modulor.de\/hoto-cutter-fuer-18-mm-klingen.html&#8220; url_new_window=&#8220;on&#8220; _builder_version=&#8220;4.17.3&#8243; _module_preset=&#8220;default&#8220; global_colors_info=&#8220;{}&#8220;][\/et_pb_image][et_pb_image src=&#8220;https:\/\/www.modulor.de\/magazin\/wp-content\/uploads\/2024\/02\/98A8214_low.jpg&#8220; alt=&#8220;Auf eine orangene MDF.Platte wird Lein\u00f6lfirnis getr\u00e4ufelt.&#8220; title_text=&#8220;farbiges MDF \u00d6lauftrag&#8220; url=&#8220;https:\/\/www.modulor.de\/handwerkzeuge\/handsaegen\/japansaegen\/&#8220; url_new_window=&#8220;on&#8220; _builder_version=&#8220;4.17.3&#8243; _module_preset=&#8220;default&#8220; global_colors_info=&#8220;{}&#8220;][\/et_pb_image][et_pb_image src=&#8220;https:\/\/www.modulor.de\/magazin\/wp-content\/uploads\/2024\/02\/98A8226_low.jpg&#8220; alt=&#8220;Mit einem Japanspachtel wird \u00d6l auf orangenem MDF verteilt.&#8220; title_text=&#8220;MDF orange \u00d6l verteilen&#8220; _builder_version=&#8220;4.17.3&#8243; _module_preset=&#8220;default&#8220; global_colors_info=&#8220;{}&#8220;][\/et_pb_image][\/et_pb_column][\/et_pb_row][et_pb_row column_structure=&#8220;1_3,1_3,1_3&#8243; _builder_version=&#8220;4.17.3&#8243; _module_preset=&#8220;default&#8220; global_colors_info=&#8220;{}&#8220;][et_pb_column type=&#8220;1_3&#8243; _builder_version=&#8220;4.17.3&#8243; _module_preset=&#8220;default&#8220; global_colors_info=&#8220;{}&#8220;][et_pb_image src=&#8220;https:\/\/www.modulor.de\/magazin\/wp-content\/uploads\/2024\/02\/98A8230_low.jpg&#8220; alt=&#8220;Auf eine gr\u00fcne MDF Platte (neben der orangenen MDF-Platte) wird Lein\u00f6lfirnis gegossen.&#8220; title_text=&#8220;farbiges MDF \u00d6lauftrag 2&#8243; _builder_version=&#8220;4.17.3&#8243; _module_preset=&#8220;default&#8220; global_colors_info=&#8220;{}&#8220;][\/et_pb_image][\/et_pb_column][et_pb_column type=&#8220;1_3&#8243; _builder_version=&#8220;4.17.3&#8243; _module_preset=&#8220;default&#8220; global_colors_info=&#8220;{}&#8220;][et_pb_image src=&#8220;https:\/\/www.modulor.de\/magazin\/wp-content\/uploads\/2024\/02\/98A8260_low.jpg&#8220; alt=&#8220;Auf einer gr\u00fcnen und einer daneben liegenden orangenen MDF-Platte wird \u00d6l von Hand mit einem Japanspachtel verteilt.&#8220; title_text=&#8220;\u00d6l verteilen auf farbigem MDF&#8220; _builder_version=&#8220;4.17.3&#8243; _module_preset=&#8220;default&#8220; global_colors_info=&#8220;{}&#8220;][\/et_pb_image][\/et_pb_column][et_pb_column type=&#8220;1_3&#8243; _builder_version=&#8220;4.17.3&#8243; _module_preset=&#8220;default&#8220; global_colors_info=&#8220;{}&#8220;][et_pb_image src=&#8220;https:\/\/www.modulor.de\/magazin\/wp-content\/uploads\/2024\/02\/98A8291_low.jpg&#8220; alt=&#8220;auf einer gr\u00fcnen MDF-Platte, die bereichsweise ge\u00f6lt ist, liegt eine orangene MDF-Platte, die bereichsweise ge\u00f6lt. Die unge\u00f6llten Bereiche wirken heller und blasser, die ge\u00f6lten Bereiche wirken dunkler und intensiver farbig.&#8220; title_text=&#8220;ge\u00f6lte und unge\u00f6lte Fl\u00e4chen MDF farbig&#8220; _builder_version=&#8220;4.17.3&#8243; _module_preset=&#8220;default&#8220; global_colors_info=&#8220;{}&#8220;][\/et_pb_image][\/et_pb_column][\/et_pb_row][et_pb_row _builder_version=&#8220;4.17.3&#8243; _module_preset=&#8220;default&#8220; global_colors_info=&#8220;{}&#8220;][et_pb_column type=&#8220;4_4&#8243; _builder_version=&#8220;4.17.3&#8243; _module_preset=&#8220;default&#8220; global_colors_info=&#8220;{}&#8220;][et_pb_text module_id=&#8220;MDf-farbig-Anker5&#8243; _builder_version=&#8220;4.17.3&#8243; _module_preset=&#8220;default&#8220; global_colors_info=&#8220;{}&#8220;]<h2 style=\"text-align: center;\">Die Entsorgung von MDF<br \/><o:p><\/o:p><\/h2>[\/et_pb_text][\/et_pb_column][\/et_pb_row][et_pb_row column_structure=&#8220;1_2,1_2&#8243; _builder_version=&#8220;4.17.3&#8243; _module_preset=&#8220;default&#8220; global_colors_info=&#8220;{}&#8220;][et_pb_column type=&#8220;1_2&#8243; _builder_version=&#8220;4.17.3&#8243; _module_preset=&#8220;default&#8220; global_colors_info=&#8220;{}&#8220;][et_pb_image src=&#8220;https:\/\/www.modulor.de\/magazin\/wp-content\/uploads\/2024\/02\/MDF-Abfall-1-scaled.jpg&#8220; alt=&#8220;In einer Holzbox (aus OSB-Flaschspanplatte) liegen diverse weggeworfene Zuschnittreste von ges\u00e4gten Plattenmaterialien. Zu sehen sind vor allem MDF-Reste in verschiedenen Farben.&#8220; title_text=&#8220;MDF Abfall&#8220; _builder_version=&#8220;4.17.3&#8243; _module_preset=&#8220;default&#8220; global_colors_info=&#8220;{}&#8220;][\/et_pb_image][\/et_pb_column][et_pb_column type=&#8220;1_2&#8243; _builder_version=&#8220;4.17.3&#8243; _module_preset=&#8220;default&#8220; global_colors_info=&#8220;{}&#8220;][et_pb_text _builder_version=&#8220;4.17.3&#8243; _module_preset=&#8220;default&#8220; global_colors_info=&#8220;{}&#8220;]<p>Sicherlich warst Du schon mal beim Recyclinghof und wei\u00dft: Holzfaserplatten geh\u00f6ren mengenm\u00e4\u00dfig zu den am h\u00e4ufigsten (privat) entsorgten Materialien. Spanplatte und MDF landen hierbei in demselben Container. Als Werkstoffgemisch (Holzfasern plus Leim und chemische Zus\u00e4tze) bleibt eigentlich nur das thermische Verwerten.<\/p>[\/et_pb_text][\/et_pb_column][\/et_pb_row][et_pb_row _builder_version=&#8220;4.17.3&#8243; _module_preset=&#8220;default&#8220; global_colors_info=&#8220;{}&#8220;][et_pb_column type=&#8220;4_4&#8243; _builder_version=&#8220;4.17.3&#8243; _module_preset=&#8220;default&#8220; global_colors_info=&#8220;{}&#8220;][et_pb_text _builder_version=&#8220;4.17.3&#8243; _module_preset=&#8220;default&#8220; global_colors_info=&#8220;{}&#8220;]<p>\u201eEigentlich\u201c hei\u00dft in diesem Fall aber immerhin, dass vor zwei Jahren ein belgischer MDF-Produzent ein Verfahren entwickelt hat, mit dem er die in der Klebstoffmatrix gebundenen Holzfasern aus alten MDF-Platten wieder herauskocht. <a href=\"https:\/\/www.unilinpanels.com\/de-de\/uber-unilin-panels\/nachhaltigkeit\/zirkularitat\/recyceltes-mdf-hdf\" target=\"_blank\" rel=\"noopener\">Unilin Panels<\/a> plant, in der Produktion von MDF bis 2030 die Holzfasern zu einem Viertel mit diesen Recyclingfasern zu ersetzen. Die Technologie existiert also und sie spart CO2, wobei sie aber vermutlich nicht in den n\u00e4chsten Jahren breite Anwendung finden wird.<\/p>\n<p>Interessante Zusatzinfo: Innerhalb von nur zehn Jahren (zwischen 2005 und 2015) stieg die weltweite Jahresproduktion von MDF um das Doppelte. Von knapp 50 Mio. Tonnen auf \u00fcber 100 Mio. Tonnen. 100 Mio. Tonnen wiegen \u00fcbrigens in etwa 9.900 Eifelt\u00fcrme oder alle (!) in Deutschland zugelassenen PKW zusammen. Der Gro\u00dfteil des Zuwachses (47,3 Mio. Tonnen) kam allein in China hinzu, das seine Produktionskapazit\u00e4ten in dem Zeitraum fast verdreifachte. Wir werden also zuk\u00fcnftig immer mehr MDF zu entsorgen haben.<\/p>[\/et_pb_text][\/et_pb_column][\/et_pb_row][\/et_pb_section][et_pb_section fb_built=&#8220;1&#8243; _builder_version=&#8220;4.17.3&#8243; _module_preset=&#8220;default&#8220; global_colors_info=&#8220;{}&#8220;][et_pb_row _builder_version=&#8220;4.17.3&#8243; _module_preset=&#8220;default&#8220; global_colors_info=&#8220;{}&#8220;][et_pb_column type=&#8220;4_4&#8243; _builder_version=&#8220;4.17.3&#8243; _module_preset=&#8220;default&#8220; global_colors_info=&#8220;{}&#8220;][et_pb_button button_url=&#8220;https:\/\/www.modulor.de\/mdf-durchgefaerbt-zuschnitt-moeglich.html&#8220; url_new_window=&#8220;on&#8220; button_text=&#8220;MDF durchgef\u00e4rbt bei uns im Shop&#8220; button_alignment=&#8220;center&#8220; _builder_version=&#8220;4.17.3&#8243; _module_preset=&#8220;default&#8220; button_text_color=&#8220;#FFFFFF&#8220; button_bg_color=&#8220;#E40000&#8243; global_colors_info=&#8220;{}&#8220;][\/et_pb_button][\/et_pb_column][\/et_pb_row][\/et_pb_section][et_pb_section fb_built=&#8220;1&#8243; _builder_version=&#8220;4.17.3&#8243; _module_preset=&#8220;default&#8220; global_colors_info=&#8220;{}&#8220;][et_pb_row column_structure=&#8220;1_4,1_4,1_4,1_4&#8243; use_custom_gutter=&#8220;on&#8220; module_class=&#8220;pa-button-over-image&#8220; _builder_version=&#8220;4.17.3&#8243; _module_preset=&#8220;default&#8220; width=&#8220;100%&#8220; custom_padding=&#8220;||0px|0px|false|false&#8220; global_colors_info=&#8220;{}&#8220;][et_pb_column type=&#8220;1_4&#8243; module_class=&#8220;pa-button-over-image&#8220; _builder_version=&#8220;4.17.3&#8243; _module_preset=&#8220;default&#8220; global_colors_info=&#8220;{}&#8220;][et_pb_image src=&#8220;https:\/\/www.modulor.de\/magazin\/wp-content\/uploads\/2024\/02\/Leinoelfirnis.jpg&#8220; alt=&#8220;Produkthinweis: Mischbecher Polyethylen&#8220; title_text=&#8220;Lein\u00f6lfirnis&#8220; url=&#8220;https:\/\/www.modulor.de\/leinoelfirnis.html&#8220; url_new_window=&#8220;on&#8220; _builder_version=&#8220;4.17.3&#8243; _module_preset=&#8220;default&#8220; global_colors_info=&#8220;{}&#8220;][\/et_pb_image][et_pb_button button_url=&#8220;https:\/\/www.modulor.de\/leinoelfirnis.html&#8220; url_new_window=&#8220;on&#8220; button_text=&#8220;Lein\u00f6lfirnis&#8220; button_alignment=&#8220;center&#8220; _builder_version=&#8220;4.17.3&#8243; _module_preset=&#8220;default&#8220; button_text_size=&#8220;14px&#8220; button_text_color=&#8220;#FFFFFF&#8220; button_bg_color=&#8220;#E40000&#8243; button_border_width=&#8220;1px&#8220; background_layout=&#8220;dark&#8220; custom_margin=&#8220;82px||||false|false&#8220; button_text_color_tablet=&#8220;#FFFFFF&#8220; button_text_color_phone=&#8220;#FFFFFF&#8220; button_text_color_last_edited=&#8220;on|desktop&#8220; background_layout_tablet=&#8220;dark&#8220; background_layout_phone=&#8220;dark&#8220; background_layout_last_edited=&#8220;on|desktop&#8220; global_colors_info=&#8220;{}&#8220;][\/et_pb_button][\/et_pb_column][et_pb_column type=&#8220;1_4&#8243; module_class=&#8220;pa-button-over-image&#8220; _builder_version=&#8220;4.17.3&#8243; _module_preset=&#8220;default&#8220; global_colors_info=&#8220;{}&#8220;][et_pb_image src=&#8220;https:\/\/www.modulor.de\/magazin\/wp-content\/uploads\/2024\/02\/Moebelplatte.jpg&#8220; alt=&#8220;Produkthinweis: Holzr\u00fchrspatel&#8220; title_text=&#8220;M\u00f6belplatte&#8220; url=&#8220;https:\/\/www.modulor.de\/mdf-durchgefaerbt-moebelplatte-roh-mit-ca-2-mm-fase.html&#8220; url_new_window=&#8220;on&#8220; align=&#8220;center&#8220; _builder_version=&#8220;4.17.3&#8243; _module_preset=&#8220;default&#8220; custom_margin=&#8220;||23px|||&#8220; hover_enabled=&#8220;0&#8243; global_colors_info=&#8220;{}&#8220; sticky_enabled=&#8220;0&#8243;][\/et_pb_image][et_pb_button button_url=&#8220;https:\/\/www.modulor.de\/mdf-durchgefaerbt-moebelplatte-roh-mit-ca-2-mm-fase.html&#8220; url_new_window=&#8220;on&#8220; button_text=&#8220;MDF durchgef\u00e4rbt M\u00f6belplatte&#8220; button_alignment=&#8220;center&#8220; _builder_version=&#8220;4.17.3&#8243; _module_preset=&#8220;default&#8220; button_text_size=&#8220;14px&#8220; button_text_color=&#8220;#FFFFFF&#8220; button_bg_color=&#8220;#E40000&#8243; custom_margin=&#8220;||20px||false|false&#8220; custom_padding=&#8220;||||false|false&#8220; hover_enabled=&#8220;0&#8243; global_colors_info=&#8220;{}&#8220; sticky_enabled=&#8220;0&#8243;][\/et_pb_button][\/et_pb_column][et_pb_column type=&#8220;1_4&#8243; module_class=&#8220;pa-button-over-image&#8220; _builder_version=&#8220;4.17.3&#8243; _module_preset=&#8220;default&#8220; global_colors_info=&#8220;{}&#8220;][et_pb_image src=&#8220;https:\/\/www.modulor.de\/magazin\/wp-content\/uploads\/2024\/02\/Ponal-Super-3.jpg&#8220; alt=&#8220;Produkthinweis: Formen-Trennmittel d\u00fcnnfl\u00fcssig, wasserl\u00f6slich&#8220; title_text=&#8220;Ponal Super 3&#8243; url=&#8220;https:\/\/www.modulor.de\/ponal-super-3.html&#8220; url_new_window=&#8220;on&#8220; align=&#8220;center&#8220; src_tablet=&#8220;https:\/\/www.modulor.de\/magazin\/wp-content\/uploads\/2023\/01\/DAGD_1.jpg&#8220; src_phone=&#8220;https:\/\/www.modulor.de\/magazin\/wp-content\/uploads\/2023\/01\/DAGD_1.jpg&#8220; src_last_edited=&#8220;on|desktop&#8220; _builder_version=&#8220;4.17.3&#8243; _module_preset=&#8220;default&#8220; global_colors_info=&#8220;{}&#8220;][\/et_pb_image][et_pb_button button_url=&#8220;https:\/\/www.modulor.de\/ponal-super-3.html&#8220; url_new_window=&#8220;on&#8220; button_text=&#8220;Holzleim, wasserfest&#8220; button_alignment=&#8220;center&#8220; _builder_version=&#8220;4.17.3&#8243; _module_preset=&#8220;default&#8220; button_text_size=&#8220;14px&#8220; button_text_color=&#8220;#FFFFFF&#8220; button_bg_color=&#8220;#E40000&#8243; background_layout=&#8220;dark&#8220; custom_margin=&#8220;22px||0px||false|false&#8220; global_colors_info=&#8220;{}&#8220; button_text_color__hover_enabled=&#8220;on|desktop&#8220; button_text_color__hover=&#8220;#FFFFFF&#8220;][\/et_pb_button][\/et_pb_column][et_pb_column type=&#8220;1_4&#8243; module_class=&#8220;pa-button-over-image&#8220; _builder_version=&#8220;4.17.3&#8243; _module_preset=&#8220;default&#8220; global_colors_info=&#8220;{}&#8220;][et_pb_image src=&#8220;https:\/\/www.modulor.de\/magazin\/wp-content\/uploads\/2024\/02\/Playwood-Verbinder.jpg&#8220; alt=&#8220;Produkthinweis: Formentrennwachs Emulsion&#8220; title_text=&#8220;Playwood-Verbinder&#8220; url=&#8220;https:\/\/www.modulor.de\/playwood-plattenverbinder-weiss.html&#8220; url_new_window=&#8220;on&#8220; _builder_version=&#8220;4.17.3&#8243; _module_preset=&#8220;default&#8220; custom_margin=&#8220;||||false|false&#8220; global_colors_info=&#8220;{}&#8220;][\/et_pb_image][et_pb_button button_url=&#8220;https:\/\/www.modulor.de\/playwood-plattenverbinder-weiss.html&#8220; url_new_window=&#8220;on&#8220; button_text=&#8220;Playwood-Verbinder&#8220; button_alignment=&#8220;center&#8220; _builder_version=&#8220;4.17.3&#8243; _module_preset=&#8220;default&#8220; button_text_size=&#8220;14px&#8220; button_text_color=&#8220;#FFFFFF&#8220; button_bg_color=&#8220;#E40000&#8243; custom_margin=&#8220;22px||||false|false&#8220; global_colors_info=&#8220;{}&#8220;][\/et_pb_button][\/et_pb_column][\/et_pb_row][et_pb_row column_structure=&#8220;1_4,1_4,1_4,1_4&#8243; module_class=&#8220;pa-button-over-image&#8220; _builder_version=&#8220;4.17.3&#8243; _module_preset=&#8220;default&#8220; width=&#8220;100%&#8220; custom_padding=&#8220;||0px|||&#8220; global_colors_info=&#8220;{}&#8220;][et_pb_column type=&#8220;1_4&#8243; module_class=&#8220;pa-button-over-image&#8220; _builder_version=&#8220;4.17.3&#8243; _module_preset=&#8220;default&#8220; global_colors_info=&#8220;{}&#8220;][et_pb_image src=&#8220;https:\/\/www.modulor.de\/magazin\/wp-content\/uploads\/2024\/02\/MDF-braun.jpg&#8220; alt=&#8220;Marco Rahmenloser Glasbildhalter&#8220; title_text=&#8220;MDF braun&#8220; url=&#8220;https:\/\/www.modulor.de\/mdf-braun-unbeschichtet-zuschnitt-moeglich.html&#8220; url_new_window=&#8220;on&#8220; show_bottom_space=&#8220;off&#8220; align=&#8220;center&#8220; _builder_version=&#8220;4.17.3&#8243; _module_preset=&#8220;default&#8220; global_colors_info=&#8220;{}&#8220;][\/et_pb_image][et_pb_button button_url=&#8220;https:\/\/www.modulor.de\/mdf-braun-unbeschichtet-zuschnitt-moeglich.html&#8220; url_new_window=&#8220;on&#8220; button_text=&#8220;MDF braun&#8220; button_alignment=&#8220;center&#8220; _builder_version=&#8220;4.17.3&#8243; _module_preset=&#8220;default&#8220; button_text_size=&#8220;16px&#8220; button_text_color=&#8220;#FFFFFF&#8220; button_bg_color=&#8220;#E40000&#8243; background_layout=&#8220;dark&#8220; custom_margin=&#8220;20px||||false|false&#8220; button_text_size_tablet=&#8220;16px&#8220; button_text_color_tablet=&#8220;#FFFFFF&#8220; button_text_color_phone=&#8220;#FFFFFF&#8220; button_text_color_last_edited=&#8220;on|desktop&#8220; background_layout_tablet=&#8220;dark&#8220; background_layout_phone=&#8220;dark&#8220; background_layout_last_edited=&#8220;on|desktop&#8220; global_colors_info=&#8220;{}&#8220;][\/et_pb_button][\/et_pb_column][et_pb_column type=&#8220;1_4&#8243; module_class=&#8220;pa-button-over-image&#8220; _builder_version=&#8220;4.17.3&#8243; _module_preset=&#8220;default&#8220; global_colors_info=&#8220;{}&#8220;][et_pb_image src=&#8220;https:\/\/www.modulor.de\/magazin\/wp-content\/uploads\/2024\/02\/MDF-duenn.jpg&#8220; alt=&#8220;Acrylglas XT Quadratstab, farblos&#8220; title_text=&#8220;MDF d\u00fcnn&#8220; url=&#8220;https:\/\/www.modulor.de\/mdf-duenn.html&#8220; url_new_window=&#8220;on&#8220; show_bottom_space=&#8220;off&#8220; align=&#8220;center&#8220; _builder_version=&#8220;4.17.3&#8243; _module_preset=&#8220;default&#8220; global_colors_info=&#8220;{}&#8220;][\/et_pb_image][et_pb_button button_url=&#8220;https:\/\/www.modulor.de\/mdf-duenn.html&#8220; url_new_window=&#8220;on&#8220; button_text=&#8220;MDF d\u00fcnn&#8220; button_alignment=&#8220;center&#8220; _builder_version=&#8220;4.17.3&#8243; _module_preset=&#8220;default&#8220; button_text_size=&#8220;16px&#8220; button_text_color=&#8220;#FFFFFF&#8220; button_bg_color=&#8220;#E40000&#8243; custom_margin=&#8220;20px||||false|false&#8220; button_text_size_tablet=&#8220;16px&#8220; global_colors_info=&#8220;{}&#8220;][\/et_pb_button][\/et_pb_column][et_pb_column type=&#8220;1_4&#8243; module_class=&#8220;pa-button-over-image&#8220; _builder_version=&#8220;4.17.3&#8243; _module_preset=&#8220;default&#8220; global_colors_info=&#8220;{}&#8220;][et_pb_image src=&#8220;https:\/\/www.modulor.de\/magazin\/wp-content\/uploads\/2024\/02\/MDF-weiss-beschichtet.jpg&#8220; alt=&#8220;Spezial-Doppelklebeband, transparent&#8220; title_text=&#8220;MDF wei\u00df beschichtet&#8220; url=&#8220;https:\/\/www.modulor.de\/mdf-mit-grundierfolie-weiss-zuschnitt-moeglich.html&#8220; url_new_window=&#8220;on&#8220; show_bottom_space=&#8220;off&#8220; align=&#8220;center&#8220; _builder_version=&#8220;4.17.3&#8243; _module_preset=&#8220;default&#8220; global_colors_info=&#8220;{}&#8220;][\/et_pb_image][et_pb_button button_url=&#8220;https:\/\/www.modulor.de\/mdf-mit-grundierfolie-weiss-zuschnitt-moeglich.html&#8220; url_new_window=&#8220;on&#8220; button_text=&#8220;MDF mit Grundierfolie wei\u00df&#8220; button_alignment=&#8220;center&#8220; _builder_version=&#8220;4.17.3&#8243; _module_preset=&#8220;default&#8220; button_text_size=&#8220;16px&#8220; button_text_color=&#8220;#FFFFFF&#8220; button_bg_color=&#8220;#E40000&#8243; background_layout=&#8220;dark&#8220; custom_margin=&#8220;20px||||false|false&#8220; button_text_size_tablet=&#8220;16px&#8220; global_colors_info=&#8220;{}&#8220; button_text_color__hover_enabled=&#8220;on|desktop&#8220; button_text_color__hover=&#8220;#FFFFFF&#8220;][\/et_pb_button][\/et_pb_column][et_pb_column type=&#8220;1_4&#8243; module_class=&#8220;pa-button-over-image&#8220; _builder_version=&#8220;4.17.3&#8243; _module_preset=&#8220;default&#8220; global_colors_info=&#8220;{}&#8220;][et_pb_image src=&#8220;https:\/\/www.modulor.de\/magazin\/wp-content\/uploads\/2024\/02\/HDF-farbig.jpg&#8220; alt=&#8220;Kurator Zwischenlagekarton&#8220; title_text=&#8220;HDF farbig&#8220; url=&#8220;https:\/\/www.modulor.de\/hdf-einseitig-farbig.html&#8220; url_new_window=&#8220;on&#8220; show_bottom_space=&#8220;off&#8220; align=&#8220;center&#8220; _builder_version=&#8220;4.17.3&#8243; _module_preset=&#8220;default&#8220; global_colors_info=&#8220;{}&#8220;][\/et_pb_image][et_pb_button button_url=&#8220;https:\/\/www.modulor.de\/hdf-einseitig-farbig.html&#8220; url_new_window=&#8220;on&#8220; button_text=&#8220;HDF einseitig farbig&#8220; button_alignment=&#8220;center&#8220; _builder_version=&#8220;4.17.3&#8243; _module_preset=&#8220;default&#8220; button_text_size=&#8220;16px&#8220; button_text_color=&#8220;#FFFFFF&#8220; button_bg_color=&#8220;#E40000&#8243; custom_margin=&#8220;20px||||false|false&#8220; button_text_size_tablet=&#8220;16px&#8220; global_colors_info=&#8220;{}&#8220;][\/et_pb_button][\/et_pb_column][\/et_pb_row][\/et_pb_section]\n","protected":false},"excerpt":{"rendered":"<p>Das Thema ist bei Modulor fast schon so alt wie wir selbst. Schlie\u00dflich sind seit jeher unsere Ladenregale aus diesem Material: Mitteldichte Faserplatte, kurz MDF, ist f\u00fcr den M\u00f6belbau einfach optimal. Es hat keine Produktions- oder Wuchsrichtung, zeigt also in allen Richtungen dieselben Eigenschaften, l\u00e4sst sich leicht mit g\u00e4ngigen Mitteln bearbeiten und ist ordentlich belastbar. [&hellip;]<\/p>\n","protected":false},"author":3,"featured_media":7231,"comment_status":"closed","ping_status":"closed","sticky":false,"template":"","format":"standard","meta":{"_et_pb_use_builder":"on","_et_pb_old_content":"","_et_gb_content_width":"1080","footnotes":""},"categories":[7],"tags":[],"yoast_head":"<!-- This site is optimized with the Yoast SEO plugin v19.14 - https:\/\/yoast.com\/wordpress\/plugins\/seo\/ -->\n<title>Material des Monats: Durchgef\u00e4rbtes MDF | Modulor<\/title>\n<meta name=\"description\" content=\"Mit durchgef\u00e4rbtem MDF lassen sich bestens M\u00f6bel bauen. Wir zeigen Dir wie und welche Eigenschaften das MDF hat. \u00d6len l\u00e4sst es sich auch gut.\" \/>\n<meta name=\"robots\" content=\"index, follow, max-snippet:-1, max-image-preview:large, max-video-preview:-1\" \/>\n<link rel=\"canonical\" href=\"https:\/\/www.modulor.de\/magazin\/material-wissen\/material-des-monats-durchgefaerbtes-mdf\/\" \/>\n<meta property=\"og:locale\" content=\"de_DE\" \/>\n<meta property=\"og:type\" content=\"article\" \/>\n<meta property=\"og:title\" content=\"Material des Monats: Durchgef\u00e4rbtes MDF | Modulor\" \/>\n<meta property=\"og:description\" content=\"Mit durchgef\u00e4rbtem MDF lassen sich bestens M\u00f6bel bauen. Wir zeigen Dir wie und welche Eigenschaften das MDF hat. \u00d6len l\u00e4sst es sich auch gut.\" \/>\n<meta property=\"og:url\" content=\"https:\/\/www.modulor.de\/magazin\/material-wissen\/material-des-monats-durchgefaerbtes-mdf\/\" \/>\n<meta property=\"og:site_name\" content=\"Modulor\" \/>\n<meta property=\"article:publisher\" content=\"https:\/\/de-de.facebook.com\/modulor.de\/\" \/>\n<meta property=\"article:published_time\" content=\"2024-02-05T15:25:32+00:00\" \/>\n<meta property=\"article:modified_time\" content=\"2024-02-12T12:51:35+00:00\" \/>\n<meta property=\"og:image\" content=\"https:\/\/www.modulor.de\/magazin\/wp-content\/uploads\/2024\/02\/98A8270_low.jpg\" \/>\n\t<meta property=\"og:image:width\" content=\"1600\" \/>\n\t<meta property=\"og:image:height\" content=\"1067\" \/>\n\t<meta property=\"og:image:type\" content=\"image\/jpeg\" \/>\n<meta name=\"author\" content=\"Axel\" \/>\n<meta name=\"twitter:card\" content=\"summary_large_image\" \/>\n<meta name=\"twitter:label1\" content=\"Verfasst von\" \/>\n\t<meta name=\"twitter:data1\" content=\"Axel\" \/>\n\t<meta name=\"twitter:label2\" content=\"Gesch\u00e4tzte Lesezeit\" \/>\n\t<meta name=\"twitter:data2\" content=\"26 Minuten\" \/>\n<script type=\"application\/ld+json\" class=\"yoast-schema-graph\">{\"@context\":\"https:\/\/schema.org\",\"@graph\":[{\"@type\":\"Article\",\"@id\":\"https:\/\/www.modulor.de\/magazin\/material-wissen\/material-des-monats-durchgefaerbtes-mdf\/#article\",\"isPartOf\":{\"@id\":\"https:\/\/www.modulor.de\/magazin\/material-wissen\/material-des-monats-durchgefaerbtes-mdf\/\"},\"author\":{\"name\":\"Axel\",\"@id\":\"https:\/\/www.modulor.de\/magazin\/#\/schema\/person\/97c1b1ff12bcb88aa3a8f46c6fd7aed2\"},\"headline\":\"Material des Monats: Durchgef\u00e4rbtes MDF\",\"datePublished\":\"2024-02-05T15:25:32+00:00\",\"dateModified\":\"2024-02-12T12:51:35+00:00\",\"mainEntityOfPage\":{\"@id\":\"https:\/\/www.modulor.de\/magazin\/material-wissen\/material-des-monats-durchgefaerbtes-mdf\/\"},\"wordCount\":5171,\"publisher\":{\"@id\":\"https:\/\/www.modulor.de\/magazin\/#organization\"},\"articleSection\":[\"Material + Wissen\"],\"inLanguage\":\"de-DE\"},{\"@type\":\"WebPage\",\"@id\":\"https:\/\/www.modulor.de\/magazin\/material-wissen\/material-des-monats-durchgefaerbtes-mdf\/\",\"url\":\"https:\/\/www.modulor.de\/magazin\/material-wissen\/material-des-monats-durchgefaerbtes-mdf\/\",\"name\":\"Material des Monats: Durchgef\u00e4rbtes MDF | Modulor\",\"isPartOf\":{\"@id\":\"https:\/\/www.modulor.de\/magazin\/#website\"},\"datePublished\":\"2024-02-05T15:25:32+00:00\",\"dateModified\":\"2024-02-12T12:51:35+00:00\",\"description\":\"Mit durchgef\u00e4rbtem MDF lassen sich bestens M\u00f6bel bauen. Wir zeigen Dir wie und welche Eigenschaften das MDF hat. \u00d6len l\u00e4sst es sich auch gut.\",\"breadcrumb\":{\"@id\":\"https:\/\/www.modulor.de\/magazin\/material-wissen\/material-des-monats-durchgefaerbtes-mdf\/#breadcrumb\"},\"inLanguage\":\"de-DE\",\"potentialAction\":[{\"@type\":\"ReadAction\",\"target\":[\"https:\/\/www.modulor.de\/magazin\/material-wissen\/material-des-monats-durchgefaerbtes-mdf\/\"]}]},{\"@type\":\"BreadcrumbList\",\"@id\":\"https:\/\/www.modulor.de\/magazin\/material-wissen\/material-des-monats-durchgefaerbtes-mdf\/#breadcrumb\",\"itemListElement\":[{\"@type\":\"ListItem\",\"position\":1,\"name\":\"Startseite\",\"item\":\"https:\/\/www.modulor.de\/magazin\/\"},{\"@type\":\"ListItem\",\"position\":2,\"name\":\"Material des Monats: Durchgef\u00e4rbtes MDF\"}]},{\"@type\":\"WebSite\",\"@id\":\"https:\/\/www.modulor.de\/magazin\/#website\",\"url\":\"https:\/\/www.modulor.de\/magazin\/\",\"name\":\"Modulor\",\"description\":\"Allerhand Inspiration und Wissen rund um Modulor Material, M\u00f6bel, DIY-Projekte und ein Blick hinter die Modulor Kulissen.\",\"publisher\":{\"@id\":\"https:\/\/www.modulor.de\/magazin\/#organization\"},\"potentialAction\":[{\"@type\":\"SearchAction\",\"target\":{\"@type\":\"EntryPoint\",\"urlTemplate\":\"https:\/\/www.modulor.de\/magazin\/?s={search_term_string}\"},\"query-input\":\"required name=search_term_string\"}],\"inLanguage\":\"de-DE\"},{\"@type\":\"Organization\",\"@id\":\"https:\/\/www.modulor.de\/magazin\/#organization\",\"name\":\"Modulor\",\"url\":\"https:\/\/www.modulor.de\/magazin\/\",\"logo\":{\"@type\":\"ImageObject\",\"inLanguage\":\"de-DE\",\"@id\":\"https:\/\/www.modulor.de\/magazin\/#\/schema\/logo\/image\/\",\"url\":\"https:\/\/www.modulor.de\/magazin\/wp-content\/uploads\/2022\/10\/Modulor_Logo_rot_HG-transparent_1200-Px-B.png\",\"contentUrl\":\"https:\/\/www.modulor.de\/magazin\/wp-content\/uploads\/2022\/10\/Modulor_Logo_rot_HG-transparent_1200-Px-B.png\",\"width\":1200,\"height\":360,\"caption\":\"Modulor\"},\"image\":{\"@id\":\"https:\/\/www.modulor.de\/magazin\/#\/schema\/logo\/image\/\"},\"sameAs\":[\"https:\/\/www.instagram.com\/modulorberlin\/?hl=de\",\"https:\/\/www.pinterest.de\/modulor_de\/\",\"https:\/\/de-de.facebook.com\/modulor.de\/\"]},{\"@type\":\"Person\",\"@id\":\"https:\/\/www.modulor.de\/magazin\/#\/schema\/person\/97c1b1ff12bcb88aa3a8f46c6fd7aed2\",\"name\":\"Axel\",\"image\":{\"@type\":\"ImageObject\",\"inLanguage\":\"de-DE\",\"@id\":\"https:\/\/www.modulor.de\/magazin\/#\/schema\/person\/image\/\",\"url\":\"https:\/\/secure.gravatar.com\/avatar\/ae79c958ab7da8b0336f35b6fd1149a6?s=96&d=mm&r=g\",\"contentUrl\":\"https:\/\/secure.gravatar.com\/avatar\/ae79c958ab7da8b0336f35b6fd1149a6?s=96&d=mm&r=g\",\"caption\":\"Axel\"},\"url\":\"https:\/\/www.modulor.de\/magazin\/author\/axel\/\"}]}<\/script>\n<!-- \/ Yoast SEO plugin. -->","yoast_head_json":{"title":"Material des Monats: Durchgef\u00e4rbtes MDF | Modulor","description":"Mit durchgef\u00e4rbtem MDF lassen sich bestens M\u00f6bel bauen. Wir zeigen Dir wie und welche Eigenschaften das MDF hat. \u00d6len l\u00e4sst es sich auch gut.","robots":{"index":"index","follow":"follow","max-snippet":"max-snippet:-1","max-image-preview":"max-image-preview:large","max-video-preview":"max-video-preview:-1"},"canonical":"https:\/\/www.modulor.de\/magazin\/material-wissen\/material-des-monats-durchgefaerbtes-mdf\/","og_locale":"de_DE","og_type":"article","og_title":"Material des Monats: Durchgef\u00e4rbtes MDF | Modulor","og_description":"Mit durchgef\u00e4rbtem MDF lassen sich bestens M\u00f6bel bauen. Wir zeigen Dir wie und welche Eigenschaften das MDF hat. \u00d6len l\u00e4sst es sich auch gut.","og_url":"https:\/\/www.modulor.de\/magazin\/material-wissen\/material-des-monats-durchgefaerbtes-mdf\/","og_site_name":"Modulor","article_publisher":"https:\/\/de-de.facebook.com\/modulor.de\/","article_published_time":"2024-02-05T15:25:32+00:00","article_modified_time":"2024-02-12T12:51:35+00:00","og_image":[{"width":1600,"height":1067,"url":"https:\/\/www.modulor.de\/magazin\/wp-content\/uploads\/2024\/02\/98A8270_low.jpg","type":"image\/jpeg"}],"author":"Axel","twitter_card":"summary_large_image","twitter_misc":{"Verfasst von":"Axel","Gesch\u00e4tzte Lesezeit":"26 Minuten"},"schema":{"@context":"https:\/\/schema.org","@graph":[{"@type":"Article","@id":"https:\/\/www.modulor.de\/magazin\/material-wissen\/material-des-monats-durchgefaerbtes-mdf\/#article","isPartOf":{"@id":"https:\/\/www.modulor.de\/magazin\/material-wissen\/material-des-monats-durchgefaerbtes-mdf\/"},"author":{"name":"Axel","@id":"https:\/\/www.modulor.de\/magazin\/#\/schema\/person\/97c1b1ff12bcb88aa3a8f46c6fd7aed2"},"headline":"Material des Monats: Durchgef\u00e4rbtes MDF","datePublished":"2024-02-05T15:25:32+00:00","dateModified":"2024-02-12T12:51:35+00:00","mainEntityOfPage":{"@id":"https:\/\/www.modulor.de\/magazin\/material-wissen\/material-des-monats-durchgefaerbtes-mdf\/"},"wordCount":5171,"publisher":{"@id":"https:\/\/www.modulor.de\/magazin\/#organization"},"articleSection":["Material + Wissen"],"inLanguage":"de-DE"},{"@type":"WebPage","@id":"https:\/\/www.modulor.de\/magazin\/material-wissen\/material-des-monats-durchgefaerbtes-mdf\/","url":"https:\/\/www.modulor.de\/magazin\/material-wissen\/material-des-monats-durchgefaerbtes-mdf\/","name":"Material des Monats: Durchgef\u00e4rbtes MDF | Modulor","isPartOf":{"@id":"https:\/\/www.modulor.de\/magazin\/#website"},"datePublished":"2024-02-05T15:25:32+00:00","dateModified":"2024-02-12T12:51:35+00:00","description":"Mit durchgef\u00e4rbtem MDF lassen sich bestens M\u00f6bel bauen. Wir zeigen Dir wie und welche Eigenschaften das MDF hat. \u00d6len l\u00e4sst es sich auch gut.","breadcrumb":{"@id":"https:\/\/www.modulor.de\/magazin\/material-wissen\/material-des-monats-durchgefaerbtes-mdf\/#breadcrumb"},"inLanguage":"de-DE","potentialAction":[{"@type":"ReadAction","target":["https:\/\/www.modulor.de\/magazin\/material-wissen\/material-des-monats-durchgefaerbtes-mdf\/"]}]},{"@type":"BreadcrumbList","@id":"https:\/\/www.modulor.de\/magazin\/material-wissen\/material-des-monats-durchgefaerbtes-mdf\/#breadcrumb","itemListElement":[{"@type":"ListItem","position":1,"name":"Startseite","item":"https:\/\/www.modulor.de\/magazin\/"},{"@type":"ListItem","position":2,"name":"Material des Monats: Durchgef\u00e4rbtes MDF"}]},{"@type":"WebSite","@id":"https:\/\/www.modulor.de\/magazin\/#website","url":"https:\/\/www.modulor.de\/magazin\/","name":"Modulor","description":"Allerhand Inspiration und Wissen rund um Modulor Material, M\u00f6bel, DIY-Projekte und ein Blick hinter die Modulor Kulissen.","publisher":{"@id":"https:\/\/www.modulor.de\/magazin\/#organization"},"potentialAction":[{"@type":"SearchAction","target":{"@type":"EntryPoint","urlTemplate":"https:\/\/www.modulor.de\/magazin\/?s={search_term_string}"},"query-input":"required name=search_term_string"}],"inLanguage":"de-DE"},{"@type":"Organization","@id":"https:\/\/www.modulor.de\/magazin\/#organization","name":"Modulor","url":"https:\/\/www.modulor.de\/magazin\/","logo":{"@type":"ImageObject","inLanguage":"de-DE","@id":"https:\/\/www.modulor.de\/magazin\/#\/schema\/logo\/image\/","url":"https:\/\/www.modulor.de\/magazin\/wp-content\/uploads\/2022\/10\/Modulor_Logo_rot_HG-transparent_1200-Px-B.png","contentUrl":"https:\/\/www.modulor.de\/magazin\/wp-content\/uploads\/2022\/10\/Modulor_Logo_rot_HG-transparent_1200-Px-B.png","width":1200,"height":360,"caption":"Modulor"},"image":{"@id":"https:\/\/www.modulor.de\/magazin\/#\/schema\/logo\/image\/"},"sameAs":["https:\/\/www.instagram.com\/modulorberlin\/?hl=de","https:\/\/www.pinterest.de\/modulor_de\/","https:\/\/de-de.facebook.com\/modulor.de\/"]},{"@type":"Person","@id":"https:\/\/www.modulor.de\/magazin\/#\/schema\/person\/97c1b1ff12bcb88aa3a8f46c6fd7aed2","name":"Axel","image":{"@type":"ImageObject","inLanguage":"de-DE","@id":"https:\/\/www.modulor.de\/magazin\/#\/schema\/person\/image\/","url":"https:\/\/secure.gravatar.com\/avatar\/ae79c958ab7da8b0336f35b6fd1149a6?s=96&d=mm&r=g","contentUrl":"https:\/\/secure.gravatar.com\/avatar\/ae79c958ab7da8b0336f35b6fd1149a6?s=96&d=mm&r=g","caption":"Axel"},"url":"https:\/\/www.modulor.de\/magazin\/author\/axel\/"}]}},"_links":{"self":[{"href":"https:\/\/www.modulor.de\/magazin\/wp-json\/wp\/v2\/posts\/7227"}],"collection":[{"href":"https:\/\/www.modulor.de\/magazin\/wp-json\/wp\/v2\/posts"}],"about":[{"href":"https:\/\/www.modulor.de\/magazin\/wp-json\/wp\/v2\/types\/post"}],"author":[{"embeddable":true,"href":"https:\/\/www.modulor.de\/magazin\/wp-json\/wp\/v2\/users\/3"}],"replies":[{"embeddable":true,"href":"https:\/\/www.modulor.de\/magazin\/wp-json\/wp\/v2\/comments?post=7227"}],"version-history":[{"count":37,"href":"https:\/\/www.modulor.de\/magazin\/wp-json\/wp\/v2\/posts\/7227\/revisions"}],"predecessor-version":[{"id":7330,"href":"https:\/\/www.modulor.de\/magazin\/wp-json\/wp\/v2\/posts\/7227\/revisions\/7330"}],"wp:featuredmedia":[{"embeddable":true,"href":"https:\/\/www.modulor.de\/magazin\/wp-json\/wp\/v2\/media\/7231"}],"wp:attachment":[{"href":"https:\/\/www.modulor.de\/magazin\/wp-json\/wp\/v2\/media?parent=7227"}],"wp:term":[{"taxonomy":"category","embeddable":true,"href":"https:\/\/www.modulor.de\/magazin\/wp-json\/wp\/v2\/categories?post=7227"},{"taxonomy":"post_tag","embeddable":true,"href":"https:\/\/www.modulor.de\/magazin\/wp-json\/wp\/v2\/tags?post=7227"}],"curies":[{"name":"wp","href":"https:\/\/api.w.org\/{rel}","templated":true}]}}