{"id":3612,"date":"2021-11-17T09:35:00","date_gmt":"2021-11-17T08:35:00","guid":{"rendered":"https:\/\/www.modulor.de\/magazin\/?p=3612"},"modified":"2022-11-28T15:24:33","modified_gmt":"2022-11-28T14:24:33","slug":"versandkartons-wiederverwenden-10-moeglichkeiten","status":"publish","type":"post","link":"https:\/\/www.modulor.de\/magazin\/konsum-zufriedenheit\/versandkartons-wiederverwenden-10-moeglichkeiten\/","title":{"rendered":"10 M\u00f6glichkeiten zum Versandkartons wiederverwenden"},"content":{"rendered":"<p>[et_pb_section fb_built=&#8220;1&#8243; _builder_version=&#8220;4.17.3&#8243; _module_preset=&#8220;default&#8220; custom_padding=&#8220;||15px|||&#8220; global_colors_info=&#8220;{}&#8220;][et_pb_row _builder_version=&#8220;4.17.3&#8243; _module_preset=&#8220;default&#8220; global_colors_info=&#8220;{}&#8220;][et_pb_column type=&#8220;4_4&#8243; _builder_version=&#8220;4.17.3&#8243; _module_preset=&#8220;default&#8220; global_colors_info=&#8220;{}&#8220;][et_pb_post_title text_background=&#8220;on&#8220; _builder_version=&#8220;4.17.3&#8243; _module_preset=&#8220;default&#8220; title_text_color=&#8220;#000000&#8243; meta_text_align=&#8220;center&#8220; global_colors_info=&#8220;{}&#8220;][\/et_pb_post_title][et_pb_text _builder_version=&#8220;4.17.3&#8243; _module_preset=&#8220;default&#8220; hover_enabled=&#8220;0&#8243; global_colors_info=&#8220;{}&#8220; sticky_enabled=&#8220;0&#8243;]<\/p>\n<p><span><strong>Upycling \u2013 Versandkartons wiederverwenden.<\/strong> <\/span><span>Konsum. Man kennt\u2019s, man macht\u2019s. Einige mehr, andere weniger. Die meisten dann aber sp\u00e4testens zum Weihnachtsfest. Aber na ja, machen wir uns nichts vor \u2212 eigentlich ist er ja immer da, der Konsum. Und einen Anlass braucht es oft gar nicht mehr. Gerade jetzt, w\u00e4hrend der Pandemie, t\u00e4tigen immer mehr von uns Eink\u00e4ufe online. Verst\u00e4ndlich. Was daraus aber resultiert, ist eine regelrechte Kartonflut. Und wie das so ist mit den Gewohnheiten, landen viele Kartons im M\u00fcll. Ohne weiter dar\u00fcber nachzudenken. Da wir als Handelsunternehmen auch zu dieser Flut an Pappe beitragen, m\u00f6chten wir Dir heute verschiedene Wege zeigen, Deine Kartons doch noch <a href=\"https:\/\/www.modulor.de\/magazin\/kreativitaet-inspiration\/im-gespraech-mit-mimycri\/\" target=\"_blank\" rel=\"noopener\">in etwas Neues zu verwandeln<\/a>. Wiederverwenden geht nat\u00fcrlich auch, aber das soll heute nicht die Challenge sein. Los geht\u2019s, schnipp-schnapp!<\/span><\/p>\n<p>[\/et_pb_text][\/et_pb_column][\/et_pb_row][et_pb_row _builder_version=&#8220;4.17.3&#8243; _module_preset=&#8220;default&#8220; global_colors_info=&#8220;{}&#8220;][et_pb_column type=&#8220;4_4&#8243; _builder_version=&#8220;4.17.3&#8243; _module_preset=&#8220;default&#8220; global_colors_info=&#8220;{}&#8220;][et_pb_text module_id=&#8220;plexiglas-kleben-anker1&#8243; _builder_version=&#8220;4.17.3&#8243; _module_preset=&#8220;default&#8220; hover_enabled=&#8220;0&#8243; global_colors_info=&#8220;{}&#8220; sticky_enabled=&#8220;0&#8243;]<\/p>\n<h2 class=\"ql-align-center TextModule__headline-h3___MN46G\"><strong class=\"TextModule__bold___1ubC0\">Versandkartons wiederverwenden \u2013 hier sind unsere Ideen<\/strong><\/h2>\n<p><strong class=\"TextModule__bold___1ubC0\"><\/strong><\/p>\n<h3 class=\"ql-align-center TextModule__headline-h3___MN46G\"><strong class=\"TextModule__bold___1ubC0\">1. Schilder f\u00fcr die n\u00e4chste Demo<\/strong><\/h3>\n<p class=\"TextModule__paragraph___3AIU_\"><span><a href=\"\/\/www.modulor.de\/magazin\/konsum-zufriedenheit\/modulor-streikt-fuers-klima\/\" target=\"_blank\" rel=\"noopener\">Demonstrieren ist wichtig<\/a>. Und wird es auch immer bleiben. Es gibt so viele Themen, f\u00fcr die wir uns starken machen m\u00fcssen. Auch jetzt, gerade jetzt. Zum Beispiel f\u00fcr eine bessere Klimapolitik. F\u00fcr Gleichberechtigung. Mehr Solidarit\u00e4t. The list goes on. Zu jeder Demo geh\u00f6ren aber nicht nur die Teilnehmer*innen, sondern auch ausdrucksstarke Demo-Schilder. Diese lassen sich super aus Pappe und, optional, einem Holzst\u00fcck anfertigen.\u00a0<\/span><\/p>\n<p>[\/et_pb_text][\/et_pb_column][\/et_pb_row][et_pb_row column_structure=&#8220;3_5,2_5&#8243; _builder_version=&#8220;4.17.3&#8243; _module_preset=&#8220;default&#8220; global_colors_info=&#8220;{}&#8220;][et_pb_column type=&#8220;3_5&#8243; _builder_version=&#8220;4.17.3&#8243; _module_preset=&#8220;default&#8220; global_colors_info=&#8220;{}&#8220;][et_pb_image src=&#8220;https:\/\/www.modulor.de\/magazin\/wp-content\/uploads\/2022\/09\/IMG_8275-scaled.jpg&#8220; alt=&#8220;Plakataktion zum Klimastreik: Die besten Demo Schilder&#8220; title_text=&#8220;Plakataktion zum Klimastreik: Die besten Demo Schilder&#8220; _builder_version=&#8220;4.17.3&#8243; _module_preset=&#8220;default&#8220; global_colors_info=&#8220;{}&#8220;][\/et_pb_image][\/et_pb_column][et_pb_column type=&#8220;2_5&#8243; _builder_version=&#8220;4.17.3&#8243; _module_preset=&#8220;default&#8220; global_colors_info=&#8220;{}&#8220;][et_pb_image src=&#8220;https:\/\/www.modulor.de\/magazin\/wp-content\/uploads\/2022\/09\/98A0928-scaled.jpg&#8220; title_text=&#8220;_98A0928&#8243; _builder_version=&#8220;4.17.3&#8243; _module_preset=&#8220;default&#8220; global_colors_info=&#8220;{}&#8220;][\/et_pb_image][\/et_pb_column][\/et_pb_row][et_pb_row column_structure=&#8220;3_5,2_5&#8243; _builder_version=&#8220;4.17.3&#8243; _module_preset=&#8220;default&#8220; global_colors_info=&#8220;{}&#8220;][et_pb_column type=&#8220;3_5&#8243; _builder_version=&#8220;4.17.3&#8243; _module_preset=&#8220;default&#8220; global_colors_info=&#8220;{}&#8220;][et_pb_text _builder_version=&#8220;4.17.3&#8243; _module_preset=&#8220;default&#8220; width=&#8220;96%&#8220; hover_enabled=&#8220;0&#8243; global_colors_info=&#8220;{}&#8220; sticky_enabled=&#8220;0&#8243;]<\/p>\n<h3 class=\"TextModule__headline-h3___MN46G\"><strong class=\"TextModule__bold___1ubC0\">2. Versteck f\u00fcr Kinder<\/strong><\/h3>\n<p><span>Kind sein war schon geil. Stundenlang H\u00f6hlen aus Kissen und Decken bauen, dann tagelang darin abh\u00e4ngen. Und das ohne einen Funken Langeweile. Ja, die meisten Kinder sind recht einfach zu begeistern. In diesem Fall tuts sogar ein gro\u00dfer Karton und etwas Restpappe. Daraus kannst Du zum Beispiel ein kleines Haus bauen. Na ja, oder besser eine Einzimmerwohnung. Mit<\/span>\u00a0<a href=\"https:\/\/www.modulor.de\/klebefolien\/\" target=\"_blank\" class=\"TextModule__link___3cVUh\" rel=\"noopener\">Klebefolie<\/a><a href=\"https:\/\/www.modulor.de\/klebefolien\/\" target=\"_blank\" class=\"TextModule__link___3cVUh\" rel=\"noopener\"><span>\u00a0<\/span><\/a><span>wird\u2019s dann richtig luxuri\u00f6s.\u00a0<\/span><\/p>\n<p>[\/et_pb_text][\/et_pb_column][et_pb_column type=&#8220;2_5&#8243; _builder_version=&#8220;4.17.3&#8243; _module_preset=&#8220;default&#8220; global_colors_info=&#8220;{}&#8220;][et_pb_image src=&#8220;https:\/\/www.modulor.de\/magazin\/wp-content\/uploads\/2022\/09\/98A0178-scaled.jpg&#8220; title_text=&#8220;_98A0178&#8243; _builder_version=&#8220;4.17.3&#8243; _module_preset=&#8220;default&#8220; global_colors_info=&#8220;{}&#8220;][\/et_pb_image][\/et_pb_column][\/et_pb_row][et_pb_row column_structure=&#8220;3_5,2_5&#8243; _builder_version=&#8220;4.17.3&#8243; _module_preset=&#8220;default&#8220; global_colors_info=&#8220;{}&#8220;][et_pb_column type=&#8220;3_5&#8243; _builder_version=&#8220;4.17.3&#8243; _module_preset=&#8220;default&#8220; global_colors_info=&#8220;{}&#8220;][et_pb_text _builder_version=&#8220;4.17.3&#8243; _module_preset=&#8220;default&#8220; width=&#8220;96%&#8220; global_colors_info=&#8220;{}&#8220;]<\/p>\n<h3 class=\"ql-align-center TextModule__headline-h3___MN46G\">3. Versandkartons upcyclen als Kost\u00fcm<\/h3>\n<p class=\"TextModule__paragraph--noMargins___1Ekat\"><span>Nach der Party ist ja bekanntlich vor der Party. Und obwohl es f\u00fcr viele wohl auch dieses Jahr keine Weihnachtsfeiern in der Firma geben wird, die Hoffnung stirbt zuletzt. Ist zwar noch etwas hin bis Weihnachten 2022, aber bis dahin kannst Du Dich ja von unserer Kollegin aus dem Sortiment inspirieren lassen. Die wurde 2019 zur coolsten Lebkuchenfrau. Chapeau, Jule.<\/span><\/p>\n<p>[\/et_pb_text][\/et_pb_column][et_pb_column type=&#8220;2_5&#8243; _builder_version=&#8220;4.17.3&#8243; _module_preset=&#8220;default&#8220; global_colors_info=&#8220;{}&#8220;][et_pb_image src=&#8220;https:\/\/www.modulor.de\/magazin\/wp-content\/uploads\/2022\/09\/838AD247-DC23-4DEF-8A9D-6B04904297D6.jpg&#8220; title_text=&#8220;838AD247-DC23-4DEF-8A9D-6B04904297D6&#8243; _builder_version=&#8220;4.17.3&#8243; _module_preset=&#8220;default&#8220; global_colors_info=&#8220;{}&#8220;][\/et_pb_image][\/et_pb_column][\/et_pb_row][et_pb_row _builder_version=&#8220;4.17.3&#8243; _module_preset=&#8220;default&#8220; global_colors_info=&#8220;{}&#8220;][et_pb_column type=&#8220;4_4&#8243; _builder_version=&#8220;4.17.3&#8243; _module_preset=&#8220;default&#8220; global_colors_info=&#8220;{}&#8220;][et_pb_text module_id=&#8220;plexiglas-kleben-anker4&#8243; _builder_version=&#8220;4.17.3&#8243; _module_preset=&#8220;default&#8220; global_colors_info=&#8220;{}&#8220;]<\/p>\n<h3 class=\"TextModule__headline-h3___MN46G\"><strong class=\"TextModule__bold___1ubC0\">4. Mittel zum Zweck<\/strong><\/h3>\n<p class=\"TextModule__paragraph--noMargins___1Ekat\"><span>Manchmal muss man das Rad auch nicht neu erfinden. Also, bevor Du einen ganzen Karton im M\u00fcll entsorgst, nutze ihn doch eher als Unterlage,\u00a0 zum Bespr\u00fchen von Objekten oder zum Trocknen von Kr\u00e4utern. Easy.<\/span><\/p>\n<p>[\/et_pb_text][\/et_pb_column][\/et_pb_row][et_pb_row _builder_version=&#8220;4.17.3&#8243; _module_preset=&#8220;default&#8220; global_colors_info=&#8220;{}&#8220;][et_pb_column type=&#8220;4_4&#8243; _builder_version=&#8220;4.17.3&#8243; _module_preset=&#8220;default&#8220; global_colors_info=&#8220;{}&#8220;][et_pb_text _builder_version=&#8220;4.17.3&#8243; _module_preset=&#8220;default&#8220; width=&#8220;96%&#8220; hover_enabled=&#8220;0&#8243; global_colors_info=&#8220;{}&#8220; sticky_enabled=&#8220;0&#8243;]<\/p>\n<h3 class=\"TextModule__headline-h3___MN46G\"><strong class=\"TextModule__bold___1ubC0\">5. Versankartons wiederverwenden f\u00fcr ein Kunstwerk auf Pappe<\/strong><\/h3>\n<p class=\"TextModule__paragraph--noMargins___1Ekat\"><span>Gest\u00e4ndnis: Als unsere Insta-Freundin Donata uns ihr<strong> Kunstwerk aus Pappe<\/strong> gezeigt hat, sind uns erstmal kurz (gelogen, ziemlich lange) die Kinnladen runtergeklappt. Dabei reicht eigentlich ein Blick auf <a href=\"https:\/\/www.instagram.com\/finsterperk\/?\" target=\"_blank\" rel=\"noopener\">ihren Insta-Account<\/a> um festzustellen: Sie \u00fcbertrifft sich immer wieder aufs Neue. Pappe hat sich in diesem Fall f\u00fcr sie bew\u00e4hrt, weil sie verf\u00fcgbar, stabil aber ungef\u00e4hrlich ist und gut zu gestalten ist.<\/span><\/p>\n<p>[\/et_pb_text][et_pb_text _builder_version=&#8220;4.17.3&#8243; _module_preset=&#8220;default&#8220; global_colors_info=&#8220;{}&#8220;]<\/p>\n<blockquote>\n<p style=\"text-align: left;\">\u201e<span>Man kann klein anfangen und sich in der zweiten oder dritten Dimension voran bewegen. Wenn man mit Pappe arbeitet, erzeugt man ein Objekt.\u00a0<\/span><span>Was ich auch sehr sch\u00e4tze: Die M\u00f6glichkeit, die formale Einschr\u00e4nkung, die Bilderrahmen mit sich bringen zu durchbrechen. Rechtecke und Ovale sind ja eine Reduktion der Formenvielfalt der Welt \u2013 mit Karton kann man sich da ein bisschen freier machen<\/span>.\u201c<\/p>\n<\/blockquote>\n<p>[\/et_pb_text][\/et_pb_column][\/et_pb_row][et_pb_row column_structure=&#8220;2_5,3_5&#8243; _builder_version=&#8220;4.17.3&#8243; _module_preset=&#8220;default&#8220; global_colors_info=&#8220;{}&#8220;][et_pb_column type=&#8220;2_5&#8243; _builder_version=&#8220;4.17.3&#8243; _module_preset=&#8220;default&#8220; global_colors_info=&#8220;{}&#8220;][et_pb_image src=&#8220;https:\/\/www.modulor.de\/magazin\/wp-content\/uploads\/2022\/09\/Modulor_Magazin-scaled-e1664442869326.jpg&#8220; alt=&#8220;Kunstwerk aus Pappe von Modulor Kundin Finsterperk&#8220; title_text=&#8220;Kunstwerk aus Pappe von Modulor Kundin Finsterperk&#8220; _builder_version=&#8220;4.17.3&#8243; _module_preset=&#8220;default&#8220; global_colors_info=&#8220;{}&#8220;][\/et_pb_image][\/et_pb_column][et_pb_column type=&#8220;3_5&#8243; _builder_version=&#8220;4.17.3&#8243; _module_preset=&#8220;default&#8220; global_colors_info=&#8220;{}&#8220;][et_pb_video src=&#8220;https:\/\/www.modulor.de\/magazin\/wp-content\/uploads\/2022\/09\/supersuessvideo.mp4&#8243; _builder_version=&#8220;4.17.3&#8243; _module_preset=&#8220;default&#8220; global_colors_info=&#8220;{}&#8220;][\/et_pb_video][\/et_pb_column][\/et_pb_row][et_pb_row _builder_version=&#8220;4.17.3&#8243; _module_preset=&#8220;default&#8220; custom_padding=&#8220;||0px|||&#8220; global_colors_info=&#8220;{}&#8220;][et_pb_column type=&#8220;4_4&#8243; _builder_version=&#8220;4.17.3&#8243; _module_preset=&#8220;default&#8220; global_colors_info=&#8220;{}&#8220;][et_pb_text module_id=&#8220;plexiglas-kleben-anker6&#8243; _builder_version=&#8220;4.17.3&#8243; _module_preset=&#8220;default&#8220; custom_margin=&#8220;|224px|22px|224px|false|false&#8220; global_colors_info=&#8220;{}&#8220;]<\/p>\n<p class=\"TextModule__paragraph--noMargins___1Ekat\"><span>Zum Schneiden empfiehlt Donata \u00fcbrigens das gute alte Obstmesser. Nat\u00fcrlich haben wir sie auch noch gefragt, ob sie uns etwas zu dem Motiv erz\u00e4hlen kann. Kann sie.<\/span><\/p>\n<p class=\"TextModule__paragraph--noMargins___1Ekat\">[\/et_pb_text][et_pb_text _builder_version=&#8220;4.17.3&#8243; _module_preset=&#8220;default&#8220; global_colors_info=&#8220;{}&#8220;]<\/p>\n<blockquote>\n<p style=\"text-align: left;\">\u201e<span>Die Motive darin sind eine Nacherz\u00e4hlung von mehreren Jahren B\u00fcroarbeit, da sind die Menschen, die zusammenarbeiteten und ihre Tiere und Geschichten, die sie erz\u00e4hlt haben und wovon sie schw\u00e4rmen.<\/span>\u201c<\/p>\n<\/blockquote>\n<p>[\/et_pb_text][\/et_pb_column][\/et_pb_row][et_pb_row _builder_version=&#8220;4.17.3&#8243; _module_preset=&#8220;default&#8220; global_colors_info=&#8220;{}&#8220;][et_pb_column type=&#8220;4_4&#8243; _builder_version=&#8220;4.17.3&#8243; _module_preset=&#8220;default&#8220; global_colors_info=&#8220;{}&#8220;][et_pb_text _builder_version=&#8220;4.17.3&#8243; _module_preset=&#8220;default&#8220; custom_margin=&#8220;-5px|224px||224px|false|false&#8220; global_colors_info=&#8220;{}&#8220;]<\/p>\n<p><span>Falls Du Dich jetzt fragst, wo Donata Dein ganzes Leben lang war: Hier geht&#8217;s zu ihrem fantastischen Kanal. Gern geschehen.<\/span><\/p>\n<p>[\/et_pb_text][et_pb_button button_url=&#8220;https:\/\/www.instagram.com\/finsterperk\/?hl=de&#8220; url_new_window=&#8220;on&#8220; button_text=&#8220;\ud83c\udfa8\u270d\ufe0f @finsterperk&#8220; button_alignment=&#8220;center&#8220; _builder_version=&#8220;4.17.3&#8243; _module_preset=&#8220;default&#8220; hover_enabled=&#8220;0&#8243; global_colors_info=&#8220;{}&#8220; sticky_enabled=&#8220;0&#8243;][\/et_pb_button][\/et_pb_column][\/et_pb_row][et_pb_row _builder_version=&#8220;4.17.3&#8243; _module_preset=&#8220;default&#8220; global_colors_info=&#8220;{}&#8220;][et_pb_column type=&#8220;4_4&#8243; _builder_version=&#8220;4.17.3&#8243; _module_preset=&#8220;default&#8220; global_colors_info=&#8220;{}&#8220;][et_pb_text _builder_version=&#8220;4.17.3&#8243; _module_preset=&#8220;default&#8220; hover_enabled=&#8220;0&#8243; global_colors_info=&#8220;{}&#8220; sticky_enabled=&#8220;0&#8243;]<\/p>\n<h3 class=\"TextModule__headline-h3___MN46G\">6. Ein Kunstwerk auf Pappe &#8211; f\u00fcr Beginner*innen<\/h3>\n<p class=\"TextModule__paragraph--noMargins___1Ekat\">Wenn Dir von Donatas Kunst immer noch schwindelig ist, kannst Du auch erstmal ganz easy starten. Die Beschaffenheit von einem St\u00fcck Rest-Wellpappe hat sich\u00a0<a href=\"https:\/\/www.modulor.de\/magazin\/kreativitaet-inspiration\/zwischen-den-regalen-mit-modulor-mitarbeiterin-regula\/\" target=\"_blank\" class=\"TextModule__link___3cVUh\" rel=\"noopener\">Regula<\/a><a href=\"https:\/\/www.modulor.de\/magazin\/story\/zwischen-den-regalen-mit-regula\/\" target=\"_blank\" class=\"TextModule__link___3cVUh\" rel=\"noopener\"><span>\u00a0<\/span><\/a>zu nutze gemacht, um eine Kollegin aus dem Kundenservice zu portraitieren. Alles, was Du f\u00fcr ein eigenes Portrait brauchst, ist ein St\u00fcck (Well-) Pappe, ein Blatt Papier und ein Cuttermesser.<\/p>\n<p>[\/et_pb_text][\/et_pb_column][\/et_pb_row][et_pb_row column_structure=&#8220;1_2,1_2&#8243; _builder_version=&#8220;4.17.3&#8243; _module_preset=&#8220;default&#8220; global_colors_info=&#8220;{}&#8220;][et_pb_column type=&#8220;1_2&#8243; _builder_version=&#8220;4.17.3&#8243; _module_preset=&#8220;default&#8220; global_colors_info=&#8220;{}&#8220;][et_pb_image src=&#8220;https:\/\/www.modulor.de\/magazin\/wp-content\/uploads\/2022\/09\/98A0243-scaled-e1664442012184.jpg&#8220; title_text=&#8220;_98A0243&#8243; _builder_version=&#8220;4.17.3&#8243; _module_preset=&#8220;default&#8220; global_colors_info=&#8220;{}&#8220;][\/et_pb_image][\/et_pb_column][et_pb_column type=&#8220;1_2&#8243; _builder_version=&#8220;4.17.3&#8243; _module_preset=&#8220;default&#8220; global_colors_info=&#8220;{}&#8220;][et_pb_image src=&#8220;https:\/\/www.modulor.de\/magazin\/wp-content\/uploads\/2022\/09\/98A0246-scaled.jpg&#8220; title_text=&#8220;_98A0246&#8243; _builder_version=&#8220;4.17.3&#8243; _module_preset=&#8220;default&#8220; global_colors_info=&#8220;{}&#8220;][\/et_pb_image][\/et_pb_column][\/et_pb_row][et_pb_row _builder_version=&#8220;4.17.3&#8243; _module_preset=&#8220;default&#8220; global_colors_info=&#8220;{}&#8220;][et_pb_column type=&#8220;4_4&#8243; _builder_version=&#8220;4.17.3&#8243; _module_preset=&#8220;default&#8220; global_colors_info=&#8220;{}&#8220;][et_pb_text module_id=&#8220;PST-anker5&#8243; _builder_version=&#8220;4.17.3&#8243; _module_preset=&#8220;default&#8220; custom_margin=&#8220;|224px|-4px|224px|false|false&#8220; hover_enabled=&#8220;0&#8243; global_colors_info=&#8220;{}&#8220; sticky_enabled=&#8220;0&#8243;]<\/p>\n<h3 class=\"TextModule__headline-h3___MN46G\"><strong class=\"TextModule__bold___1ubC0\">7. \u00a0Als K\u00e4lteunterlage<\/strong><\/h3>\n<p class=\"TextModule__paragraph--noMargins___1Ekat\"><span>Gro\u00dfe und stabile Kartons kannst Du an Hilfsbed\u00fcrftige auf der Stra\u00dfe weitergeben. Denn der Boden wird besonders in der Nacht wirklich kalt. Auch im Sommer. Nat\u00fcrlich ersetzt ein langes St\u00fcck Pappe keine Isomatte, dennoch kann sie zumindest ein wenig Schutz bieten. Nat\u00fcrlich gilt immer zuerst, das Gespr\u00e4ch zu suchen. Fragen, was er oder sie braucht. Und in der dunklen Jahreszeit: Die Nummer vom\u00a0<\/span><a href=\"https:\/\/www.berliner-stadtmission.de\/kaeltehilfe\/kaeltebus\/kaeltebus\/ueber-den-kaeltebus\" target=\"_blank\" class=\"TextModule__link___3cVUh\" rel=\"noopener\">K\u00e4ltebus<\/a><a href=\"https:\/\/www.berliner-stadtmission.de\/kaeltehilfe\/kaeltebus\/kaeltebus\/ueber-den-kaeltebus\" target=\"_blank\" class=\"TextModule__link___3cVUh\" rel=\"noopener\">\u00a0<\/a><span>einspeichern. Und ihn dann auch rufen.\u00a0<\/span><\/p>\n<p>[\/et_pb_text][\/et_pb_column][\/et_pb_row][et_pb_row column_structure=&#8220;3_5,2_5&#8243; _builder_version=&#8220;4.17.3&#8243; _module_preset=&#8220;default&#8220; custom_padding=&#8220;1px|||||&#8220; global_colors_info=&#8220;{}&#8220;][et_pb_column type=&#8220;3_5&#8243; _builder_version=&#8220;4.17.3&#8243; _module_preset=&#8220;default&#8220; global_colors_info=&#8220;{}&#8220;][et_pb_image src=&#8220;https:\/\/www.modulor.de\/magazin\/wp-content\/uploads\/2022\/09\/98A0207-scaled.jpg&#8220; title_text=&#8220;_98A0207&#8243; _builder_version=&#8220;4.17.3&#8243; _module_preset=&#8220;default&#8220; global_colors_info=&#8220;{}&#8220;][\/et_pb_image][\/et_pb_column][et_pb_column type=&#8220;2_5&#8243; _builder_version=&#8220;4.17.3&#8243; _module_preset=&#8220;default&#8220; global_colors_info=&#8220;{}&#8220;][et_pb_text _builder_version=&#8220;4.17.3&#8243; _module_preset=&#8220;default&#8220; width=&#8220;96%&#8220; hover_enabled=&#8220;0&#8243; global_colors_info=&#8220;{}&#8220; sticky_enabled=&#8220;0&#8243;]<\/p>\n<h3 class=\"TextModule__headline-h3___MN46G\"><strong class=\"TextModule__bold___1ubC0\">8. Versandkartons wiederverwenden als Schreibtisch-Organizer<\/strong><\/h3>\n<p class=\"TextModule__paragraph--noMargins___1Ekat\"><span>Bei Modulor haben wir bereits hitzig debattiert, was wohl besser f\u00fcr die <a href=\"https:\/\/www.modulor.de\/magazin\/leben-arbeiten\/homeoffice-einrichten-und-steuerlich-absetzen\/\" target=\"_blank\" rel=\"noopener\">Produktivit\u00e4t am Arbeitsplatz<\/a> ist:\u00a0<\/span>Ordnung, oder doch Chaos?<span> Wenn Du Dich eher im Team Ordnung wiederfindest, kannst Du Dir aus Restpappe ruckzuck einen Schreibtisch-Organizer bauen. Und zwar ganz genau so, wie Du ihn brauchst.\u00a0<\/span><\/p>\n<p>[\/et_pb_text][\/et_pb_column][\/et_pb_row][et_pb_row _builder_version=&#8220;4.17.3&#8243; _module_preset=&#8220;default&#8220; global_colors_info=&#8220;{}&#8220;][et_pb_column type=&#8220;4_4&#8243; _builder_version=&#8220;4.17.3&#8243; _module_preset=&#8220;default&#8220; global_colors_info=&#8220;{}&#8220;][et_pb_text module_id=&#8220;PST-anker5&#8243; _builder_version=&#8220;4.17.3&#8243; _module_preset=&#8220;default&#8220; custom_margin=&#8220;|224px|-4px|224px|false|false&#8220; global_colors_info=&#8220;{}&#8220;]<\/p>\n<h3 class=\"TextModule__headline-h3___MN46G\"><strong class=\"TextModule__bold___1ubC0\">9. Spielzeuge bauen<\/strong><\/h3>\n<p class=\"TextModule__paragraph--noMargins___1Ekat\">\n<p class=\"TextModule__paragraph--noMargins___1Ekat\"><span>Auch f\u00fcr Spielzeuge oder kleine M\u00f6bel braucht\u2019s nicht viel. Eigentlich nur alte Pappkartons. Und etwas Fantasie. Mal ehrlich, was gibt\u2019s geileres als selfmade-Spielzeug? Das Beste daran ist, dass Kinder direkt beim Bauen mithelfen und bestimmen k\u00f6nnen. Aus Pappe kannst Du zum Beispiel eine Kinderk\u00fcche oder einen Kaufmannsladen bauen. Aber auch kleine Dinge wie Handys, Figuren, oder diesen Computer mit Tastatur und Maus, kannst Du daraus bauen. Hier sind Dir keine Grenzen gesetzt!<\/span><\/p>\n<p>[\/et_pb_text][\/et_pb_column][\/et_pb_row][et_pb_row column_structure=&#8220;2_5,3_5&#8243; _builder_version=&#8220;4.17.3&#8243; _module_preset=&#8220;default&#8220; global_colors_info=&#8220;{}&#8220;][et_pb_column type=&#8220;2_5&#8243; _builder_version=&#8220;4.17.3&#8243; _module_preset=&#8220;default&#8220; global_colors_info=&#8220;{}&#8220;][et_pb_image src=&#8220;https:\/\/www.modulor.de\/magazin\/wp-content\/uploads\/2022\/09\/98A0203-scaled.jpg&#8220; title_text=&#8220;_98A0203&#8243; _builder_version=&#8220;4.17.3&#8243; _module_preset=&#8220;default&#8220; global_colors_info=&#8220;{}&#8220;][\/et_pb_image][\/et_pb_column][et_pb_column type=&#8220;3_5&#8243; _builder_version=&#8220;4.17.3&#8243; _module_preset=&#8220;default&#8220; global_colors_info=&#8220;{}&#8220;][et_pb_image src=&#8220;https:\/\/www.modulor.de\/magazin\/wp-content\/uploads\/2022\/09\/98A0201-scaled.jpg&#8220; title_text=&#8220;_98A0201&#8243; _builder_version=&#8220;4.17.3&#8243; _module_preset=&#8220;default&#8220; global_colors_info=&#8220;{}&#8220;][\/et_pb_image][\/et_pb_column][\/et_pb_row][et_pb_row _builder_version=&#8220;4.17.3&#8243; _module_preset=&#8220;default&#8220; global_colors_info=&#8220;{}&#8220;][et_pb_column type=&#8220;4_4&#8243; _builder_version=&#8220;4.17.3&#8243; _module_preset=&#8220;default&#8220; global_colors_info=&#8220;{}&#8220;][et_pb_text _builder_version=&#8220;4.17.3&#8243; _module_preset=&#8220;default&#8220; global_colors_info=&#8220;{}&#8220;]<\/p>\n<h3 class=\"TextModule__headline-h3___MN46G\">10. Modesch\u00f6pfer*in werden<\/h3>\n<p class=\"TextModule__paragraph--noMargins___1Ekat\">\n<p class=\"TextModule__paragraph--noMargins___1Ekat\">Mode und Nachhaltigkeit funktionieren nicht? Bei Regula schon. In ihrer Werkstatt, die sie sich mit unseren anderen Dekoelfen bei Modulor teilt, bleiben regelm\u00e4\u00dfig Papp- und andere Materialreste \u00fcbrig. Diese wurden von ihr kurzerhand verwertet und als Ladendeko genutzt.<\/p>\n<p>[\/et_pb_text][\/et_pb_column][\/et_pb_row][et_pb_row column_structure=&#8220;3_5,2_5&#8243; _builder_version=&#8220;4.17.3&#8243; _module_preset=&#8220;default&#8220; global_colors_info=&#8220;{}&#8220;][et_pb_column type=&#8220;3_5&#8243; _builder_version=&#8220;4.17.3&#8243; _module_preset=&#8220;default&#8220; global_colors_info=&#8220;{}&#8220;][et_pb_image src=&#8220;https:\/\/www.modulor.de\/magazin\/wp-content\/uploads\/2022\/09\/98A0236-scaled-e1664442185459.jpg&#8220; title_text=&#8220;_98A0236&#8243; _builder_version=&#8220;4.17.3&#8243; _module_preset=&#8220;default&#8220; global_colors_info=&#8220;{}&#8220;][\/et_pb_image][\/et_pb_column][et_pb_column type=&#8220;2_5&#8243; _builder_version=&#8220;4.17.3&#8243; _module_preset=&#8220;default&#8220; global_colors_info=&#8220;{}&#8220;][et_pb_image src=&#8220;https:\/\/www.modulor.de\/magazin\/wp-content\/uploads\/2022\/09\/98A0228-scaled.jpg&#8220; title_text=&#8220;_98A0228&#8243; _builder_version=&#8220;4.17.3&#8243; _module_preset=&#8220;default&#8220; global_colors_info=&#8220;{}&#8220;][\/et_pb_image][\/et_pb_column][\/et_pb_row][et_pb_row column_structure=&#8220;3_5,2_5&#8243; _builder_version=&#8220;4.17.3&#8243; _module_preset=&#8220;default&#8220; global_colors_info=&#8220;{}&#8220;][et_pb_column type=&#8220;3_5&#8243; _builder_version=&#8220;4.17.3&#8243; _module_preset=&#8220;default&#8220; global_colors_info=&#8220;{}&#8220;][et_pb_image src=&#8220;https:\/\/www.modulor.de\/magazin\/wp-content\/uploads\/2022\/09\/98A0248-scaled.jpg&#8220; title_text=&#8220;_98A0248&#8243; _builder_version=&#8220;4.17.3&#8243; _module_preset=&#8220;default&#8220; global_colors_info=&#8220;{}&#8220;][\/et_pb_image][\/et_pb_column][et_pb_column type=&#8220;2_5&#8243; _builder_version=&#8220;4.17.3&#8243; _module_preset=&#8220;default&#8220; global_colors_info=&#8220;{}&#8220;][et_pb_image src=&#8220;https:\/\/www.modulor.de\/magazin\/wp-content\/uploads\/2022\/09\/98A0267-scaled-e1664442273774.jpg&#8220; title_text=&#8220;_98A0267&#8243; _builder_version=&#8220;4.17.3&#8243; _module_preset=&#8220;default&#8220; global_colors_info=&#8220;{}&#8220;][\/et_pb_image][\/et_pb_column][\/et_pb_row][et_pb_row _builder_version=&#8220;4.17.3&#8243; _module_preset=&#8220;default&#8220; global_colors_info=&#8220;{}&#8220;][et_pb_column type=&#8220;4_4&#8243; _builder_version=&#8220;4.17.3&#8243; _module_preset=&#8220;default&#8220; global_colors_info=&#8220;{}&#8220;][et_pb_text _builder_version=&#8220;4.17.3&#8243; _module_preset=&#8220;default&#8220; global_colors_info=&#8220;{}&#8220;]<\/p>\n<p class=\"TextModule__headline-h3___MN46G\">Konnten wir Dich inspirieren? Falls ja, freuen wir uns wie immer mega, wenn Du Dein (Papp-) Projekt mit uns auf Social Media teilst!\u00a0\u2702\ufe0f<\/p>\n<p>[\/et_pb_text][\/et_pb_column][\/et_pb_row][et_pb_row column_structure=&#8220;1_2,1_2&#8243; _builder_version=&#8220;4.17.3&#8243; _module_preset=&#8220;default&#8220; min_height=&#8220;138px&#8220; custom_margin=&#8220;26px|auto||auto||&#8220; global_colors_info=&#8220;{}&#8220;][et_pb_column type=&#8220;1_2&#8243; _builder_version=&#8220;4.17.3&#8243; _module_preset=&#8220;default&#8220; global_colors_info=&#8220;{}&#8220;][\/et_pb_column][et_pb_column type=&#8220;1_2&#8243; _builder_version=&#8220;4.17.3&#8243; _module_preset=&#8220;default&#8220; global_colors_info=&#8220;{}&#8220;][et_pb_button button_url=&#8220;https:\/\/www.instagram.com\/modulorberlin\/&#8220; button_text=&#8220;Zu unserem Insta Channel &#8211; Schau vorbei!&#8220; _builder_version=&#8220;4.17.3&#8243; _module_preset=&#8220;default&#8220; hover_enabled=&#8220;0&#8243; global_colors_info=&#8220;{}&#8220; sticky_enabled=&#8220;0&#8243;][\/et_pb_button][\/et_pb_column][\/et_pb_row][\/et_pb_section]<\/p>\n","protected":false},"excerpt":{"rendered":"<p>Upycling \u2013 Versandkartons wiederverwenden. Konsum. Man kennt\u2019s, man macht\u2019s. Einige mehr, andere weniger. Die meisten dann aber sp\u00e4testens zum Weihnachtsfest. Aber na ja, machen wir uns nichts vor \u2212 eigentlich ist er ja immer da, der Konsum. Und einen Anlass braucht es oft gar nicht mehr. Gerade jetzt, w\u00e4hrend der Pandemie, t\u00e4tigen immer mehr von [&hellip;]<\/p>\n","protected":false},"author":5,"featured_media":3617,"comment_status":"closed","ping_status":"closed","sticky":false,"template":"","format":"standard","meta":{"_et_pb_use_builder":"on","_et_pb_old_content":"","_et_gb_content_width":"1178","footnotes":""},"categories":[10],"tags":[27,33,47,26],"yoast_head":"<!-- This site is optimized with the Yoast SEO plugin v19.14 - https:\/\/yoast.com\/wordpress\/plugins\/seo\/ -->\n<title>10 M\u00f6glichkeiten zum Versandkartons wiederverwenden | Modulor<\/title>\n<meta name=\"description\" content=\"Versandkartons wiederverwenden: Heute zeigen wir Dir 10 tolle M\u00f6glichkeiten, wie Du alte Kartons in etwas Neues verwandeln kannst! \ud83d\udce6\u2702\ufe0f\" \/>\n<meta name=\"robots\" content=\"index, follow, max-snippet:-1, max-image-preview:large, max-video-preview:-1\" \/>\n<link rel=\"canonical\" href=\"https:\/\/www.modulor.de\/magazin\/konsum-zufriedenheit\/versandkartons-wiederverwenden-10-moeglichkeiten\/\" \/>\n<meta property=\"og:locale\" content=\"de_DE\" \/>\n<meta property=\"og:type\" content=\"article\" \/>\n<meta property=\"og:title\" content=\"10 M\u00f6glichkeiten zum Versandkartons wiederverwenden | Modulor\" \/>\n<meta property=\"og:description\" content=\"Versandkartons wiederverwenden: Heute zeigen wir Dir 10 tolle M\u00f6glichkeiten, wie Du alte Kartons in etwas Neues verwandeln kannst! \ud83d\udce6\u2702\ufe0f\" \/>\n<meta property=\"og:url\" content=\"https:\/\/www.modulor.de\/magazin\/konsum-zufriedenheit\/versandkartons-wiederverwenden-10-moeglichkeiten\/\" \/>\n<meta property=\"og:site_name\" content=\"Modulor\" \/>\n<meta property=\"article:publisher\" content=\"https:\/\/de-de.facebook.com\/modulor.de\/\" \/>\n<meta property=\"article:published_time\" content=\"2021-11-17T08:35:00+00:00\" \/>\n<meta property=\"article:modified_time\" content=\"2022-11-28T14:24:33+00:00\" \/>\n<meta property=\"og:image\" content=\"https:\/\/www.modulor.de\/magazin\/wp-content\/uploads\/2022\/09\/98A0203-scaled.jpg\" \/>\n\t<meta property=\"og:image:width\" content=\"2560\" \/>\n\t<meta property=\"og:image:height\" content=\"1707\" \/>\n\t<meta property=\"og:image:type\" content=\"image\/jpeg\" \/>\n<meta name=\"author\" content=\"Saskia\" \/>\n<meta name=\"twitter:card\" content=\"summary_large_image\" \/>\n<meta name=\"twitter:label1\" content=\"Verfasst von\" \/>\n\t<meta name=\"twitter:data1\" content=\"Saskia\" \/>\n\t<meta name=\"twitter:label2\" content=\"Gesch\u00e4tzte Lesezeit\" \/>\n\t<meta name=\"twitter:data2\" content=\"8 Minuten\" \/>\n<script type=\"application\/ld+json\" class=\"yoast-schema-graph\">{\"@context\":\"https:\/\/schema.org\",\"@graph\":[{\"@type\":\"Article\",\"@id\":\"https:\/\/www.modulor.de\/magazin\/konsum-zufriedenheit\/versandkartons-wiederverwenden-10-moeglichkeiten\/#article\",\"isPartOf\":{\"@id\":\"https:\/\/www.modulor.de\/magazin\/konsum-zufriedenheit\/versandkartons-wiederverwenden-10-moeglichkeiten\/\"},\"author\":{\"name\":\"Saskia\",\"@id\":\"https:\/\/www.modulor.de\/magazin\/#\/schema\/person\/1b91d5c6c8c02f1ddd9326168a069c63\"},\"headline\":\"10 M\u00f6glichkeiten zum Versandkartons wiederverwenden\",\"datePublished\":\"2021-11-17T08:35:00+00:00\",\"dateModified\":\"2022-11-28T14:24:33+00:00\",\"mainEntityOfPage\":{\"@id\":\"https:\/\/www.modulor.de\/magazin\/konsum-zufriedenheit\/versandkartons-wiederverwenden-10-moeglichkeiten\/\"},\"wordCount\":2635,\"publisher\":{\"@id\":\"https:\/\/www.modulor.de\/magazin\/#organization\"},\"keywords\":[\"Do it Yourself\",\"Material\",\"Modulor Material\",\"Moduloris machen\"],\"articleSection\":[\"Konsum + Zufriedenheit\"],\"inLanguage\":\"de-DE\"},{\"@type\":\"WebPage\",\"@id\":\"https:\/\/www.modulor.de\/magazin\/konsum-zufriedenheit\/versandkartons-wiederverwenden-10-moeglichkeiten\/\",\"url\":\"https:\/\/www.modulor.de\/magazin\/konsum-zufriedenheit\/versandkartons-wiederverwenden-10-moeglichkeiten\/\",\"name\":\"10 M\u00f6glichkeiten zum Versandkartons wiederverwenden | Modulor\",\"isPartOf\":{\"@id\":\"https:\/\/www.modulor.de\/magazin\/#website\"},\"datePublished\":\"2021-11-17T08:35:00+00:00\",\"dateModified\":\"2022-11-28T14:24:33+00:00\",\"description\":\"Versandkartons wiederverwenden: Heute zeigen wir Dir 10 tolle M\u00f6glichkeiten, wie Du alte Kartons in etwas Neues verwandeln kannst! \ud83d\udce6\u2702\ufe0f\",\"breadcrumb\":{\"@id\":\"https:\/\/www.modulor.de\/magazin\/konsum-zufriedenheit\/versandkartons-wiederverwenden-10-moeglichkeiten\/#breadcrumb\"},\"inLanguage\":\"de-DE\",\"potentialAction\":[{\"@type\":\"ReadAction\",\"target\":[\"https:\/\/www.modulor.de\/magazin\/konsum-zufriedenheit\/versandkartons-wiederverwenden-10-moeglichkeiten\/\"]}]},{\"@type\":\"BreadcrumbList\",\"@id\":\"https:\/\/www.modulor.de\/magazin\/konsum-zufriedenheit\/versandkartons-wiederverwenden-10-moeglichkeiten\/#breadcrumb\",\"itemListElement\":[{\"@type\":\"ListItem\",\"position\":1,\"name\":\"Startseite\",\"item\":\"https:\/\/www.modulor.de\/magazin\/\"},{\"@type\":\"ListItem\",\"position\":2,\"name\":\"10 M\u00f6glichkeiten zum Versandkartons wiederverwenden\"}]},{\"@type\":\"WebSite\",\"@id\":\"https:\/\/www.modulor.de\/magazin\/#website\",\"url\":\"https:\/\/www.modulor.de\/magazin\/\",\"name\":\"Modulor\",\"description\":\"Allerhand Inspiration und Wissen rund um Modulor Material, M\u00f6bel, DIY-Projekte und ein Blick hinter die Modulor Kulissen.\",\"publisher\":{\"@id\":\"https:\/\/www.modulor.de\/magazin\/#organization\"},\"potentialAction\":[{\"@type\":\"SearchAction\",\"target\":{\"@type\":\"EntryPoint\",\"urlTemplate\":\"https:\/\/www.modulor.de\/magazin\/?s={search_term_string}\"},\"query-input\":\"required name=search_term_string\"}],\"inLanguage\":\"de-DE\"},{\"@type\":\"Organization\",\"@id\":\"https:\/\/www.modulor.de\/magazin\/#organization\",\"name\":\"Modulor\",\"url\":\"https:\/\/www.modulor.de\/magazin\/\",\"logo\":{\"@type\":\"ImageObject\",\"inLanguage\":\"de-DE\",\"@id\":\"https:\/\/www.modulor.de\/magazin\/#\/schema\/logo\/image\/\",\"url\":\"https:\/\/www.modulor.de\/magazin\/wp-content\/uploads\/2022\/10\/Modulor_Logo_rot_HG-transparent_1200-Px-B.png\",\"contentUrl\":\"https:\/\/www.modulor.de\/magazin\/wp-content\/uploads\/2022\/10\/Modulor_Logo_rot_HG-transparent_1200-Px-B.png\",\"width\":1200,\"height\":360,\"caption\":\"Modulor\"},\"image\":{\"@id\":\"https:\/\/www.modulor.de\/magazin\/#\/schema\/logo\/image\/\"},\"sameAs\":[\"https:\/\/www.instagram.com\/modulorberlin\/?hl=de\",\"https:\/\/www.pinterest.de\/modulor_de\/\",\"https:\/\/de-de.facebook.com\/modulor.de\/\"]},{\"@type\":\"Person\",\"@id\":\"https:\/\/www.modulor.de\/magazin\/#\/schema\/person\/1b91d5c6c8c02f1ddd9326168a069c63\",\"name\":\"Saskia\",\"image\":{\"@type\":\"ImageObject\",\"inLanguage\":\"de-DE\",\"@id\":\"https:\/\/www.modulor.de\/magazin\/#\/schema\/person\/image\/\",\"url\":\"https:\/\/secure.gravatar.com\/avatar\/b241441256dc11d8e12642e975bf0068?s=96&d=mm&r=g\",\"contentUrl\":\"https:\/\/secure.gravatar.com\/avatar\/b241441256dc11d8e12642e975bf0068?s=96&d=mm&r=g\",\"caption\":\"Saskia\"},\"url\":\"https:\/\/www.modulor.de\/magazin\/author\/saskia\/\"}]}<\/script>\n<!-- \/ Yoast SEO plugin. -->","yoast_head_json":{"title":"10 M\u00f6glichkeiten zum Versandkartons wiederverwenden | Modulor","description":"Versandkartons wiederverwenden: Heute zeigen wir Dir 10 tolle M\u00f6glichkeiten, wie Du alte Kartons in etwas Neues verwandeln kannst! \ud83d\udce6\u2702\ufe0f","robots":{"index":"index","follow":"follow","max-snippet":"max-snippet:-1","max-image-preview":"max-image-preview:large","max-video-preview":"max-video-preview:-1"},"canonical":"https:\/\/www.modulor.de\/magazin\/konsum-zufriedenheit\/versandkartons-wiederverwenden-10-moeglichkeiten\/","og_locale":"de_DE","og_type":"article","og_title":"10 M\u00f6glichkeiten zum Versandkartons wiederverwenden | Modulor","og_description":"Versandkartons wiederverwenden: Heute zeigen wir Dir 10 tolle M\u00f6glichkeiten, wie Du alte Kartons in etwas Neues verwandeln kannst! \ud83d\udce6\u2702\ufe0f","og_url":"https:\/\/www.modulor.de\/magazin\/konsum-zufriedenheit\/versandkartons-wiederverwenden-10-moeglichkeiten\/","og_site_name":"Modulor","article_publisher":"https:\/\/de-de.facebook.com\/modulor.de\/","article_published_time":"2021-11-17T08:35:00+00:00","article_modified_time":"2022-11-28T14:24:33+00:00","og_image":[{"width":2560,"height":1707,"url":"https:\/\/www.modulor.de\/magazin\/wp-content\/uploads\/2022\/09\/98A0203-scaled.jpg","type":"image\/jpeg"}],"author":"Saskia","twitter_card":"summary_large_image","twitter_misc":{"Verfasst von":"Saskia","Gesch\u00e4tzte Lesezeit":"8 Minuten"},"schema":{"@context":"https:\/\/schema.org","@graph":[{"@type":"Article","@id":"https:\/\/www.modulor.de\/magazin\/konsum-zufriedenheit\/versandkartons-wiederverwenden-10-moeglichkeiten\/#article","isPartOf":{"@id":"https:\/\/www.modulor.de\/magazin\/konsum-zufriedenheit\/versandkartons-wiederverwenden-10-moeglichkeiten\/"},"author":{"name":"Saskia","@id":"https:\/\/www.modulor.de\/magazin\/#\/schema\/person\/1b91d5c6c8c02f1ddd9326168a069c63"},"headline":"10 M\u00f6glichkeiten zum Versandkartons wiederverwenden","datePublished":"2021-11-17T08:35:00+00:00","dateModified":"2022-11-28T14:24:33+00:00","mainEntityOfPage":{"@id":"https:\/\/www.modulor.de\/magazin\/konsum-zufriedenheit\/versandkartons-wiederverwenden-10-moeglichkeiten\/"},"wordCount":2635,"publisher":{"@id":"https:\/\/www.modulor.de\/magazin\/#organization"},"keywords":["Do it Yourself","Material","Modulor Material","Moduloris machen"],"articleSection":["Konsum + Zufriedenheit"],"inLanguage":"de-DE"},{"@type":"WebPage","@id":"https:\/\/www.modulor.de\/magazin\/konsum-zufriedenheit\/versandkartons-wiederverwenden-10-moeglichkeiten\/","url":"https:\/\/www.modulor.de\/magazin\/konsum-zufriedenheit\/versandkartons-wiederverwenden-10-moeglichkeiten\/","name":"10 M\u00f6glichkeiten zum Versandkartons wiederverwenden | Modulor","isPartOf":{"@id":"https:\/\/www.modulor.de\/magazin\/#website"},"datePublished":"2021-11-17T08:35:00+00:00","dateModified":"2022-11-28T14:24:33+00:00","description":"Versandkartons wiederverwenden: Heute zeigen wir Dir 10 tolle M\u00f6glichkeiten, wie Du alte Kartons in etwas Neues verwandeln kannst! \ud83d\udce6\u2702\ufe0f","breadcrumb":{"@id":"https:\/\/www.modulor.de\/magazin\/konsum-zufriedenheit\/versandkartons-wiederverwenden-10-moeglichkeiten\/#breadcrumb"},"inLanguage":"de-DE","potentialAction":[{"@type":"ReadAction","target":["https:\/\/www.modulor.de\/magazin\/konsum-zufriedenheit\/versandkartons-wiederverwenden-10-moeglichkeiten\/"]}]},{"@type":"BreadcrumbList","@id":"https:\/\/www.modulor.de\/magazin\/konsum-zufriedenheit\/versandkartons-wiederverwenden-10-moeglichkeiten\/#breadcrumb","itemListElement":[{"@type":"ListItem","position":1,"name":"Startseite","item":"https:\/\/www.modulor.de\/magazin\/"},{"@type":"ListItem","position":2,"name":"10 M\u00f6glichkeiten zum Versandkartons wiederverwenden"}]},{"@type":"WebSite","@id":"https:\/\/www.modulor.de\/magazin\/#website","url":"https:\/\/www.modulor.de\/magazin\/","name":"Modulor","description":"Allerhand Inspiration und Wissen rund um Modulor Material, M\u00f6bel, DIY-Projekte und ein Blick hinter die Modulor Kulissen.","publisher":{"@id":"https:\/\/www.modulor.de\/magazin\/#organization"},"potentialAction":[{"@type":"SearchAction","target":{"@type":"EntryPoint","urlTemplate":"https:\/\/www.modulor.de\/magazin\/?s={search_term_string}"},"query-input":"required name=search_term_string"}],"inLanguage":"de-DE"},{"@type":"Organization","@id":"https:\/\/www.modulor.de\/magazin\/#organization","name":"Modulor","url":"https:\/\/www.modulor.de\/magazin\/","logo":{"@type":"ImageObject","inLanguage":"de-DE","@id":"https:\/\/www.modulor.de\/magazin\/#\/schema\/logo\/image\/","url":"https:\/\/www.modulor.de\/magazin\/wp-content\/uploads\/2022\/10\/Modulor_Logo_rot_HG-transparent_1200-Px-B.png","contentUrl":"https:\/\/www.modulor.de\/magazin\/wp-content\/uploads\/2022\/10\/Modulor_Logo_rot_HG-transparent_1200-Px-B.png","width":1200,"height":360,"caption":"Modulor"},"image":{"@id":"https:\/\/www.modulor.de\/magazin\/#\/schema\/logo\/image\/"},"sameAs":["https:\/\/www.instagram.com\/modulorberlin\/?hl=de","https:\/\/www.pinterest.de\/modulor_de\/","https:\/\/de-de.facebook.com\/modulor.de\/"]},{"@type":"Person","@id":"https:\/\/www.modulor.de\/magazin\/#\/schema\/person\/1b91d5c6c8c02f1ddd9326168a069c63","name":"Saskia","image":{"@type":"ImageObject","inLanguage":"de-DE","@id":"https:\/\/www.modulor.de\/magazin\/#\/schema\/person\/image\/","url":"https:\/\/secure.gravatar.com\/avatar\/b241441256dc11d8e12642e975bf0068?s=96&d=mm&r=g","contentUrl":"https:\/\/secure.gravatar.com\/avatar\/b241441256dc11d8e12642e975bf0068?s=96&d=mm&r=g","caption":"Saskia"},"url":"https:\/\/www.modulor.de\/magazin\/author\/saskia\/"}]}},"_links":{"self":[{"href":"https:\/\/www.modulor.de\/magazin\/wp-json\/wp\/v2\/posts\/3612"}],"collection":[{"href":"https:\/\/www.modulor.de\/magazin\/wp-json\/wp\/v2\/posts"}],"about":[{"href":"https:\/\/www.modulor.de\/magazin\/wp-json\/wp\/v2\/types\/post"}],"author":[{"embeddable":true,"href":"https:\/\/www.modulor.de\/magazin\/wp-json\/wp\/v2\/users\/5"}],"replies":[{"embeddable":true,"href":"https:\/\/www.modulor.de\/magazin\/wp-json\/wp\/v2\/comments?post=3612"}],"version-history":[{"count":3,"href":"https:\/\/www.modulor.de\/magazin\/wp-json\/wp\/v2\/posts\/3612\/revisions"}],"predecessor-version":[{"id":5555,"href":"https:\/\/www.modulor.de\/magazin\/wp-json\/wp\/v2\/posts\/3612\/revisions\/5555"}],"wp:featuredmedia":[{"embeddable":true,"href":"https:\/\/www.modulor.de\/magazin\/wp-json\/wp\/v2\/media\/3617"}],"wp:attachment":[{"href":"https:\/\/www.modulor.de\/magazin\/wp-json\/wp\/v2\/media?parent=3612"}],"wp:term":[{"taxonomy":"category","embeddable":true,"href":"https:\/\/www.modulor.de\/magazin\/wp-json\/wp\/v2\/categories?post=3612"},{"taxonomy":"post_tag","embeddable":true,"href":"https:\/\/www.modulor.de\/magazin\/wp-json\/wp\/v2\/tags?post=3612"}],"curies":[{"name":"wp","href":"https:\/\/api.w.org\/{rel}","templated":true}]}}