{"id":3527,"date":"2022-06-14T10:21:00","date_gmt":"2022-06-14T08:21:00","guid":{"rendered":"https:\/\/www.modulor.de\/magazin\/?p=3527"},"modified":"2022-12-09T09:11:46","modified_gmt":"2022-12-09T08:11:46","slug":"diy-mobile","status":"publish","type":"post","link":"https:\/\/www.modulor.de\/magazin\/kreativitaet-inspiration\/diy-mobile\/","title":{"rendered":"Calder inspiriertes DIY Mobile"},"content":{"rendered":"<p>[et_pb_section fb_built=&#8220;1&#8243; _builder_version=&#8220;4.17.3&#8243; _module_preset=&#8220;default&#8220; custom_padding=&#8220;||15px|||&#8220; global_colors_info=&#8220;{}&#8220;][et_pb_row _builder_version=&#8220;4.17.3&#8243; _module_preset=&#8220;default&#8220; custom_margin=&#8220;-107px|auto||auto||&#8220; global_colors_info=&#8220;{}&#8220;][et_pb_column type=&#8220;4_4&#8243; _builder_version=&#8220;4.17.3&#8243; _module_preset=&#8220;default&#8220; global_colors_info=&#8220;{}&#8220;][et_pb_post_title text_background=&#8220;on&#8220; _builder_version=&#8220;4.17.3&#8243; _module_preset=&#8220;default&#8220; title_text_color=&#8220;#000000&#8243; meta_text_align=&#8220;center&#8220; global_colors_info=&#8220;{}&#8220;][\/et_pb_post_title][\/et_pb_column][\/et_pb_row][et_pb_row _builder_version=&#8220;4.17.3&#8243; _module_preset=&#8220;default&#8220; custom_margin=&#8220;-16px|auto||auto||&#8220; global_colors_info=&#8220;{}&#8220;][et_pb_column type=&#8220;4_4&#8243; _builder_version=&#8220;4.17.3&#8243; _module_preset=&#8220;default&#8220; global_colors_info=&#8220;{}&#8220;][et_pb_text _builder_version=&#8220;4.17.3&#8243; _module_preset=&#8220;default&#8220; width_tablet=&#8220;&#8220; width_phone=&#8220;&#8220; width_last_edited=&#8220;on|desktop&#8220; custom_margin_phone=&#8220;-43px|0px||0px|false|true&#8220; global_colors_info=&#8220;{}&#8220;]<\/p>\n<p>Inspiriert von Alexander Calder und seiner aktuellen Ausstellung Minimal \/ Maximal in der Neuen Nationalgalerie Berlin, hat <a href=\"https:\/\/www.modulor.de\/magazin\/kreativitaet-inspiration\/zwischen-den-regalen-mit-modulor-mitarbeiterin-regula\/\" target=\"_blank\" rel=\"noopener\">unsere Regula<\/a> dieses wunderbare Mobile gebaut. Es besteht aus Polystyrolspiegeln, eine leicht <a href=\"https:\/\/www.modulor.de\/material-werkzeug\/\" target=\"_blank\" rel=\"noopener\">zu verarbeitende Alternative<\/a> zu Spiegelglas, die Du bei uns in verschiedenen Farben kaufen kannst. Wie Du Dein ganz eigenes<strong> DIY Mobile<\/strong> herstellst, zeigen wir Dir heute Schritt f\u00fcr Schritt.<\/p>\n<p>[\/et_pb_text][\/et_pb_column][\/et_pb_row][et_pb_row _builder_version=&#8220;4.17.3&#8243; _module_preset=&#8220;default&#8220; custom_margin=&#8220;-16px|auto||auto||&#8220; global_colors_info=&#8220;{}&#8220;][et_pb_column type=&#8220;4_4&#8243; _builder_version=&#8220;4.17.3&#8243; _module_preset=&#8220;default&#8220; global_colors_info=&#8220;{}&#8220;][et_pb_text _builder_version=&#8220;4.17.3&#8243; _module_preset=&#8220;default&#8220; width_tablet=&#8220;&#8220; width_phone=&#8220;&#8220; width_last_edited=&#8220;on|desktop&#8220; custom_margin_phone=&#8220;-43px|0px||0px|false|true&#8220; global_colors_info=&#8220;{}&#8220;]<\/p>\n<h2 class=\"TextModule__headline-h3___MN46G\"><strong class=\"TextModule__bold___1ubC0\">DIY Mobile: <\/strong><strong class=\"TextModule__bold___1ubC0\">Welche Materialien brauchst Du?<\/strong><\/h2>\n<ul class=\"TextModule__unordered___3GG9l\">\n<li class=\"TextModule__unordered-item___1wejG\"><a href=\"https:\/\/www.modulor.de\/polystyrol-spiegel-farbig-glatt-irisierend-pink-1-x-500-x-1000-mm.html\" target=\"_self\" class=\"TextModule__link___3cVUh\" rel=\"noopener\">Polystyrolspiegel\u00a0<\/a>nach Wahl<\/li>\n<li class=\"TextModule__unordered-item___1wejG\"><a href=\"https:\/\/www.modulor.de\/stahl-schweissdraht-gerichtet-o-1-6-l-1000-mm.html\" target=\"_self\" class=\"TextModule__link___3cVUh\" rel=\"noopener\">Stahl-Schwei\u00dfdraht<\/a>\u00a01,6mm<\/li>\n<li class=\"TextModule__unordered-item___1wejG\"><a href=\"https:\/\/www.modulor.de\/3m-doppelseitiges-klebeband-9086-25-mm-x-50-m.html\" target=\"_self\" class=\"TextModule__link___3cVUh\" rel=\"noopener\">Doppelseitiges Klebeband<\/a>\u00a03m<\/li>\n<\/ul>\n<ul><\/ul>\n<p>[\/et_pb_text][\/et_pb_column][\/et_pb_row][et_pb_row column_structure=&#8220;1_3,1_3,1_3&#8243; _builder_version=&#8220;4.17.3&#8243; _module_preset=&#8220;default&#8220; custom_margin=&#8220;-56px|auto||auto||&#8220; global_colors_info=&#8220;{}&#8220;][et_pb_column type=&#8220;1_3&#8243; _builder_version=&#8220;4.17.3&#8243; _module_preset=&#8220;default&#8220; global_colors_info=&#8220;{}&#8220;][et_pb_image src=&#8220;https:\/\/www.modulor.de\/magazin\/wp-content\/uploads\/2022\/09\/1_480_480_r_polystyrol_spiegel_farbig_glatt_irisierend_pink_1_x_500_x_1000_mm.jpg&#8220; alt=&#8220;Polystyrol Spiegel, farbig, glatt&#8220; title_text=&#8220;Polystyrol Spiegel, farbig, glatt&#8220; url=&#8220;https:\/\/www.modulor.de\/polystyrol-spiegel-farbig-glatt-irisierend-pink-1-x-500-x-1000-mm.html&#8220; url_new_window=&#8220;on&#8220; align=&#8220;center&#8220; disabled_on=&#8220;on|on|off&#8220; _builder_version=&#8220;4.17.3&#8243; _module_preset=&#8220;default&#8220; width=&#8220;60%&#8220; width_tablet=&#8220;30%&#8220; width_phone=&#8220;50%&#8220; width_last_edited=&#8220;on|tablet&#8220; custom_padding=&#8220;||19px|||&#8220; global_colors_info=&#8220;{}&#8220;][\/et_pb_image][et_pb_button button_url=&#8220;https:\/\/www.modulor.de\/polystyrol-spiegel-farbig-glatt-irisierend-pink-1-x-500-x-1000-mm.html&#8220; url_new_window=&#8220;on&#8220; button_text=&#8220;Polystyrol Spiegel&#8220; button_alignment=&#8220;center&#8220; disabled_on=&#8220;on|on|off&#8220; _builder_version=&#8220;4.17.3&#8243; _module_preset=&#8220;default&#8220; button_text_size=&#8220;14px&#8220; button_text_color=&#8220;#FFFFFF&#8220; button_bg_color=&#8220;#E40000&#8243; background_layout=&#8220;dark&#8220; custom_margin=&#8220;-30px||||false|false&#8220; hover_enabled=&#8220;0&#8243; button_text_color_tablet=&#8220;#FFFFFF&#8220; button_text_color_phone=&#8220;#FFFFFF&#8220; button_text_color_last_edited=&#8220;on|desktop&#8220; background_layout_tablet=&#8220;dark&#8220; background_layout_phone=&#8220;dark&#8220; background_layout_last_edited=&#8220;on|desktop&#8220; global_colors_info=&#8220;{}&#8220; sticky_enabled=&#8220;0&#8243; button_text_size_tablet=&#8220;14px&#8220;][\/et_pb_button][\/et_pb_column][et_pb_column type=&#8220;1_3&#8243; _builder_version=&#8220;4.17.3&#8243; _module_preset=&#8220;default&#8220; global_colors_info=&#8220;{}&#8220;][et_pb_image src=&#8220;https:\/\/www.modulor.de\/magazin\/wp-content\/uploads\/2022\/09\/1_768_768_r_stahl_schweissdraht_gerichtet.jpg&#8220; alt=&#8220;Stahl Schwei\u00dfdraht, gerichtet&#8220; title_text=&#8220;Stahl Schwei\u00dfdraht, gerichtet&#8220; url=&#8220;https:\/\/www.modulor.de\/stahl-schweissdraht-gerichtet-o-1-6-l-1000-mm.html&#8220; url_new_window=&#8220;on&#8220; align=&#8220;center&#8220; disabled_on=&#8220;on|on|off&#8220; _builder_version=&#8220;4.17.3&#8243; _module_preset=&#8220;default&#8220; width=&#8220;60%&#8220; width_tablet=&#8220;30%&#8220; width_phone=&#8220;50%&#8220; width_last_edited=&#8220;on|tablet&#8220; global_colors_info=&#8220;{}&#8220; custom_padding=&#8220;||13px|||&#8220;][\/et_pb_image][et_pb_button button_url=&#8220;https:\/\/www.modulor.de\/stahl-schweissdraht-gerichtet-o-1-6-l-1000-mm.html&#8220; url_new_window=&#8220;on&#8220; button_text=&#8220;Schwei\u00dfdraht&#8220; button_alignment=&#8220;center&#8220; disabled_on=&#8220;on|on|off&#8220; _builder_version=&#8220;4.17.3&#8243; _module_preset=&#8220;default&#8220; button_text_size=&#8220;14px&#8220; button_text_color=&#8220;#FFFFFF&#8220; button_bg_color=&#8220;#E40000&#8243; background_layout=&#8220;dark&#8220; custom_margin=&#8220;-30px||||false|false&#8220; hover_enabled=&#8220;0&#8243; button_text_color_tablet=&#8220;#FFFFFF&#8220; button_text_color_phone=&#8220;#FFFFFF&#8220; button_text_color_last_edited=&#8220;on|desktop&#8220; background_layout_tablet=&#8220;dark&#8220; background_layout_phone=&#8220;dark&#8220; background_layout_last_edited=&#8220;on|desktop&#8220; global_colors_info=&#8220;{}&#8220; sticky_enabled=&#8220;0&#8243; button_text_size_tablet=&#8220;16px&#8220;][\/et_pb_button][\/et_pb_column][et_pb_column type=&#8220;1_3&#8243; _builder_version=&#8220;4.17.3&#8243; _module_preset=&#8220;default&#8220; global_colors_info=&#8220;{}&#8220;][et_pb_image src=&#8220;https:\/\/www.modulor.de\/magazin\/wp-content\/uploads\/2022\/09\/1_768_768_r_3m_doppelseitiges_klebeband_9086.jpg&#8220; alt=&#8220;3M doppelseitiges Klebeband 9086&#8243; title_text=&#8220;3M doppelseitiges Klebeband 9086&#8243; url=&#8220;https:\/\/www.modulor.de\/3m-doppelseitiges-klebeband-9086-25-mm-x-50-m.html&#8220; url_new_window=&#8220;on&#8220; align=&#8220;center&#8220; disabled_on=&#8220;on|on|off&#8220; _builder_version=&#8220;4.17.3&#8243; _module_preset=&#8220;default&#8220; width=&#8220;60%&#8220; width_tablet=&#8220;30%&#8220; width_phone=&#8220;50%&#8220; width_last_edited=&#8220;on|tablet&#8220; global_colors_info=&#8220;{}&#8220; custom_padding=&#8220;||6px|||&#8220;][\/et_pb_image][et_pb_button button_url=&#8220;https:\/\/www.modulor.de\/3m-doppelseitiges-klebeband-9086-25-mm-x-50-m.html&#8220; url_new_window=&#8220;on&#8220; button_text=&#8220;Klebeband kaufen&#8220; button_alignment=&#8220;center&#8220; disabled_on=&#8220;on|on|off&#8220; _builder_version=&#8220;4.17.3&#8243; _module_preset=&#8220;default&#8220; button_text_size=&#8220;14px&#8220; button_text_color=&#8220;#FFFFFF&#8220; button_bg_color=&#8220;#E40000&#8243; background_layout=&#8220;dark&#8220; custom_margin=&#8220;-30px||||false|false&#8220; hover_enabled=&#8220;0&#8243; button_text_color_tablet=&#8220;#FFFFFF&#8220; button_text_color_phone=&#8220;#FFFFFF&#8220; button_text_color_last_edited=&#8220;on|tablet&#8220; background_layout_tablet=&#8220;dark&#8220; background_layout_phone=&#8220;dark&#8220; background_layout_last_edited=&#8220;on|desktop&#8220; global_colors_info=&#8220;{}&#8220; sticky_enabled=&#8220;0&#8243; button_text_size_tablet=&#8220;16px&#8220;][\/et_pb_button][\/et_pb_column][\/et_pb_row][et_pb_row _builder_version=&#8220;4.17.3&#8243; _module_preset=&#8220;default&#8220; global_colors_info=&#8220;{}&#8220;][et_pb_column type=&#8220;4_4&#8243; _builder_version=&#8220;4.17.3&#8243; _module_preset=&#8220;default&#8220; global_colors_info=&#8220;{}&#8220;][et_pb_text _builder_version=&#8220;4.17.3&#8243; _module_preset=&#8220;default&#8220; global_colors_info=&#8220;{}&#8220;]<\/p>\n<h3>Au\u00dferdem ben\u00f6tigst Du:<\/h3>\n<ul>\n<li>Bohrer 1,6mm<\/li>\n<li><a href=\"https:\/\/www.modulor.de\/schneidewerkzeuge\/cuttermesser\/kreiscutter\/?moduleData={%22filters%22:{},%22type%22:%22box4%22,%22sort%22:%22impact_desc%22}\" target=\"_self\" rel=\"noopener\">Kreiscutter NT<\/a><\/li>\n<li><a href=\"https:\/\/www.modulor.de\/rundzange-basic-160-mm.html\" target=\"_self\" rel=\"noopener\">Rundzange<\/a><a href=\"https:\/\/www.modulor.de\/rundzange-basic-160-mm.html\" target=\"_self\" rel=\"noopener\">\u00a0<\/a><\/li>\n<li><a href=\"https:\/\/www.modulor.de\/kombizange-basic-180-mm.html\" target=\"_self\" rel=\"noopener\">Flachzange<\/a><\/li>\n<li><a href=\"https:\/\/www.modulor.de\/seitenschneider-basic.html\" target=\"_self\" rel=\"noopener\">Seitenschneider<\/a><\/li>\n<li><a href=\"https:\/\/www.modulor.de\/skalpell-k1-set-inkl-5-klingen-nr-72.html\" target=\"_self\" rel=\"noopener\">Skalpell<\/a><\/li>\n<li>m\u00f6glichst schmale Auflegekante zum Ausbalancieren<\/li>\n<li><a href=\"https:\/\/www.modulor.de\/stifte-schreibwaren\/marker\/\" target=\"_self\" rel=\"noopener\">schwarzer Marker<\/a>\u00a0zum Markieren<\/li>\n<\/ul>\n<p>[\/et_pb_text][\/et_pb_column][\/et_pb_row][et_pb_row column_structure=&#8220;1_4,1_4,1_4,1_4&#8243; module_class=&#8220;pa-button-over-image&#8220; _builder_version=&#8220;4.17.3&#8243; _module_preset=&#8220;default&#8220; width=&#8220;100%&#8220; custom_margin=&#8220;-51px|auto||auto||&#8220; custom_padding=&#8220;||0px|||&#8220; global_colors_info=&#8220;{}&#8220;][et_pb_column type=&#8220;1_4&#8243; module_class=&#8220;pa-button-over-image&#8220; _builder_version=&#8220;4.17.3&#8243; _module_preset=&#8220;default&#8220; global_colors_info=&#8220;{}&#8220;][et_pb_image src=&#8220;https:\/\/www.modulor.de\/magazin\/wp-content\/uploads\/2022\/09\/1_768_768_r_rundzange_basic.jpg&#8220; alt=&#8220;Rundzange basic&#8220; title_text=&#8220;Rundzange basic&#8220; url=&#8220;https:\/\/www.modulor.de\/rundzange-basic-160-mm.html&#8220; url_new_window=&#8220;on&#8220; show_bottom_space=&#8220;off&#8220; align=&#8220;center&#8220; _builder_version=&#8220;4.17.3&#8243; _module_preset=&#8220;default&#8220; width_tablet=&#8220;&#8220; width_phone=&#8220;70%&#8220; width_last_edited=&#8220;on|phone&#8220; global_colors_info=&#8220;{}&#8220;][\/et_pb_image][et_pb_button button_url=&#8220;https:\/\/www.modulor.de\/rundzange-basic-160-mm.html&#8220; url_new_window=&#8220;on&#8220; button_text=&#8220;Rundzange&#8220; button_alignment=&#8220;center&#8220; _builder_version=&#8220;4.17.3&#8243; _module_preset=&#8220;default&#8220; button_text_size=&#8220;14px&#8220; button_text_color=&#8220;#FFFFFF&#8220; button_bg_color=&#8220;#E40000&#8243; background_layout=&#8220;dark&#8220; custom_margin_tablet=&#8220;&#8220; custom_margin_phone=&#8220;-40px||||false|false&#8220; custom_margin_last_edited=&#8220;on|phone&#8220; hover_enabled=&#8220;0&#8243; button_text_color_tablet=&#8220;#FFFFFF&#8220; button_text_color_phone=&#8220;#FFFFFF&#8220; button_text_color_last_edited=&#8220;on|desktop&#8220; background_layout_tablet=&#8220;dark&#8220; background_layout_phone=&#8220;dark&#8220; background_layout_last_edited=&#8220;on|desktop&#8220; global_colors_info=&#8220;{}&#8220; sticky_enabled=&#8220;0&#8243; button_text_size_tablet=&#8220;16px&#8220;][\/et_pb_button][\/et_pb_column][et_pb_column type=&#8220;1_4&#8243; module_class=&#8220;pa-button-over-image&#8220; _builder_version=&#8220;4.17.3&#8243; _module_preset=&#8220;default&#8220; global_colors_info=&#8220;{}&#8220;][et_pb_image src=&#8220;https:\/\/www.modulor.de\/magazin\/wp-content\/uploads\/2022\/09\/1_768_768_r_kombizange_basic.jpg&#8220; alt=&#8220;Kombizange basic&#8220; title_text=&#8220;Kombizange basic&#8220; url=&#8220;https:\/\/www.modulor.de\/kombizange-basic-180-mm.html&#8220; url_new_window=&#8220;on&#8220; show_bottom_space=&#8220;off&#8220; align=&#8220;center&#8220; _builder_version=&#8220;4.17.3&#8243; _module_preset=&#8220;default&#8220; width_tablet=&#8220;&#8220; width_phone=&#8220;70%&#8220; width_last_edited=&#8220;on|desktop&#8220; global_colors_info=&#8220;{}&#8220;][\/et_pb_image][et_pb_button button_url=&#8220;https:\/\/www.modulor.de\/kombizange-basic-180-mm.html&#8220; url_new_window=&#8220;on&#8220; button_text=&#8220;Kombizange&#8220; button_alignment=&#8220;center&#8220; _builder_version=&#8220;4.17.3&#8243; _module_preset=&#8220;default&#8220; button_text_size=&#8220;14px&#8220; button_text_color=&#8220;#FFFFFF&#8220; button_bg_color=&#8220;#E40000&#8243; custom_margin_tablet=&#8220;&#8220; custom_margin_phone=&#8220;-40px||||false|false&#8220; custom_margin_last_edited=&#8220;on|phone&#8220; hover_enabled=&#8220;0&#8243; global_colors_info=&#8220;{}&#8220; button_text_size_tablet=&#8220;16px&#8220; sticky_enabled=&#8220;0&#8243;][\/et_pb_button][\/et_pb_column][et_pb_column type=&#8220;1_4&#8243; module_class=&#8220;pa-button-over-image&#8220; _builder_version=&#8220;4.17.3&#8243; _module_preset=&#8220;default&#8220; global_colors_info=&#8220;{}&#8220;][et_pb_image src=&#8220;https:\/\/www.modulor.de\/magazin\/wp-content\/uploads\/2022\/09\/1_480_480_r_seitenschneider_basic_160_mm.jpg&#8220; alt=&#8220;Seitenschneider basic&#8220; title_text=&#8220;Seitenschneider basic&#8220; url=&#8220;https:\/\/www.modulor.de\/seitenschneider-basic-160-mm.html&#8220; url_new_window=&#8220;on&#8220; show_bottom_space=&#8220;off&#8220; align=&#8220;center&#8220; _builder_version=&#8220;4.17.3&#8243; _module_preset=&#8220;default&#8220; width_tablet=&#8220;&#8220; width_phone=&#8220;70%&#8220; width_last_edited=&#8220;on|phone&#8220; global_colors_info=&#8220;{}&#8220;][\/et_pb_image][et_pb_button button_url=&#8220;https:\/\/www.modulor.de\/seitenschneider-basic-160-mm.html&#8220; url_new_window=&#8220;on&#8220; button_text=&#8220;Seitenschneider&#8220; button_alignment=&#8220;center&#8220; _builder_version=&#8220;4.17.3&#8243; _module_preset=&#8220;default&#8220; button_text_size=&#8220;14px&#8220; button_text_color=&#8220;#FFFFFF&#8220; button_bg_color=&#8220;#E40000&#8243; background_layout=&#8220;dark&#8220; custom_margin_tablet=&#8220;&#8220; custom_margin_phone=&#8220;-40px||||false|false&#8220; custom_margin_last_edited=&#8220;on|phone&#8220; hover_enabled=&#8220;0&#8243; global_colors_info=&#8220;{}&#8220; button_text_color__hover_enabled=&#8220;on|desktop&#8220; button_text_color__hover=&#8220;#FFFFFF&#8220; button_text_size_tablet=&#8220;16px&#8220; sticky_enabled=&#8220;0&#8243;][\/et_pb_button][\/et_pb_column][et_pb_column type=&#8220;1_4&#8243; module_class=&#8220;pa-button-over-image&#8220; _builder_version=&#8220;4.17.3&#8243; _module_preset=&#8220;default&#8220; global_colors_info=&#8220;{}&#8220;][et_pb_image src=&#8220;https:\/\/www.modulor.de\/magazin\/wp-content\/uploads\/2022\/09\/1_768_768_r_skalpell_k1_set.jpg&#8220; alt=&#8220;Skalpell K1 Set&#8220; title_text=&#8220;Skalpell K1 Set&#8220; url=&#8220;https:\/\/www.modulor.de\/skalpell-k1-set-inkl-5-klingen-nr-72.html&#8220; url_new_window=&#8220;on&#8220; show_bottom_space=&#8220;off&#8220; align=&#8220;center&#8220; _builder_version=&#8220;4.17.3&#8243; _module_preset=&#8220;default&#8220; width_tablet=&#8220;&#8220; width_phone=&#8220;70%&#8220; width_last_edited=&#8220;on|tablet&#8220; global_colors_info=&#8220;{}&#8220;][\/et_pb_image][et_pb_button button_url=&#8220;https:\/\/www.modulor.de\/skalpell-k1-set-inkl-5-klingen-nr-72.html&#8220; url_new_window=&#8220;on&#8220; button_text=&#8220;Skalpell&#8220; button_alignment=&#8220;center&#8220; _builder_version=&#8220;4.17.3&#8243; _module_preset=&#8220;default&#8220; button_text_size=&#8220;14px&#8220; button_text_color=&#8220;#FFFFFF&#8220; button_bg_color=&#8220;#E40000&#8243; custom_margin_tablet=&#8220;&#8220; custom_margin_phone=&#8220;-40px||||false|false&#8220; custom_margin_last_edited=&#8220;on|phone&#8220; hover_enabled=&#8220;0&#8243; global_colors_info=&#8220;{}&#8220; button_text_size_tablet=&#8220;16px&#8220; sticky_enabled=&#8220;0&#8243;][\/et_pb_button][\/et_pb_column][\/et_pb_row][et_pb_row _builder_version=&#8220;4.17.3&#8243; _module_preset=&#8220;default&#8220; global_colors_info=&#8220;{}&#8220;][et_pb_column type=&#8220;4_4&#8243; _builder_version=&#8220;4.17.3&#8243; _module_preset=&#8220;default&#8220; global_colors_info=&#8220;{}&#8220;][et_pb_text _builder_version=&#8220;4.17.3&#8243; _module_preset=&#8220;default&#8220; custom_margin=&#8220;52px|224px||224px|false|false&#8220; global_colors_info=&#8220;{}&#8220;]<\/p>\n<h2>Skizze DIY Mobile<\/h2>\n<p>Bevor Du loslegst, mache Dir am besten eine Skizze von Deinem Mobile. So wei\u00dft Du, wie viele Kreisteile gebraucht werden.<\/p>\n<p>[\/et_pb_text][\/et_pb_column][\/et_pb_row][et_pb_row _builder_version=&#8220;4.17.3&#8243; _module_preset=&#8220;default&#8220; custom_padding=&#8220;0px|||||&#8220; global_colors_info=&#8220;{}&#8220;][et_pb_column type=&#8220;4_4&#8243; _builder_version=&#8220;4.17.3&#8243; _module_preset=&#8220;default&#8220; global_colors_info=&#8220;{}&#8220;][et_pb_image src=&#8220;https:\/\/www.modulor.de\/magazin\/wp-content\/uploads\/2022\/09\/Bild-von-iOS-1-e1664532532559.jpg&#8220; alt=&#8220;Moduloris machen: Regulas DIY Mobile &#8211; Skizze&#8220; title_text=&#8220;Moduloris machen: Regulas DIY Mobile &#8211; Skizze&#8220; _builder_version=&#8220;4.17.3&#8243; _module_preset=&#8220;default&#8220; width=&#8220;50%&#8220; module_alignment=&#8220;center&#8220; global_colors_info=&#8220;{}&#8220;][\/et_pb_image][\/et_pb_column][\/et_pb_row][et_pb_row _builder_version=&#8220;4.17.3&#8243; _module_preset=&#8220;default&#8220; global_colors_info=&#8220;{}&#8220;][et_pb_column type=&#8220;4_4&#8243; _builder_version=&#8220;4.17.3&#8243; _module_preset=&#8220;default&#8220; global_colors_info=&#8220;{}&#8220;][et_pb_text _builder_version=&#8220;4.17.3&#8243; _module_preset=&#8220;default&#8220; global_colors_info=&#8220;{}&#8220;]<\/p>\n<p>Nat\u00fcrlich haben wir das Ganze auch als Video f\u00fcr Dich mitgefilmt. Die Anleitung findest Du darunter.<\/p>\n<p>[\/et_pb_text][\/et_pb_column][\/et_pb_row][et_pb_row _builder_version=&#8220;4.17.3&#8243; _module_preset=&#8220;default&#8220; global_colors_info=&#8220;{}&#8220;][et_pb_column type=&#8220;4_4&#8243; _builder_version=&#8220;4.17.3&#8243; _module_preset=&#8220;default&#8220; global_colors_info=&#8220;{}&#8220;][et_pb_video src=&#8220;https:\/\/www.youtube.com\/watch?v=fVF7YZK8hTs&#8220; _builder_version=&#8220;4.17.3&#8243; _module_preset=&#8220;default&#8220; global_colors_info=&#8220;{}&#8220;][\/et_pb_video][\/et_pb_column][\/et_pb_row][et_pb_row _builder_version=&#8220;4.17.3&#8243; _module_preset=&#8220;default&#8220; global_colors_info=&#8220;{}&#8220;][et_pb_column type=&#8220;4_4&#8243; _builder_version=&#8220;4.17.3&#8243; _module_preset=&#8220;default&#8220; global_colors_info=&#8220;{}&#8220;][et_pb_text _builder_version=&#8220;4.17.3&#8243; _module_preset=&#8220;default&#8220; global_colors_info=&#8220;{}&#8220;]<\/p>\n<h3>Kreisteil<\/h3>\n<ol>\n<li>Die Polystyrolspiegel mit dem Kreiscutter in gew\u00fcnschter Gr\u00f6\u00dfe bzw. Durchmesser anritzen und das Kreisteil herausbrechen.\u00a0Tipp: Du bist hier v\u00f6llig frei\u00a0\u2013\u00a0Deine Kreisteile kannst Du in unterschiedlichen Gr\u00f6\u00dfen und auch Farben herstellen.<\/li>\n<li>Diesen Vorgang wiederholen bis Du die gew\u00fcnschte Anzahl an Kreisteilen beisammen hast.\u00a0Beachte, dass Du f\u00fcr jeden Kreis zwei Kreisteile brauchst \u2013 sie werden im n\u00e4chsten Schritt zusammengeklebt.<\/li>\n<li>Die R\u00fcckseiten der Kreisteile mit doppelseitigem Klebeband bekleben und abstehendes Klebeband mit dem Skalpell entfernen.<\/li>\n<li>Dann beide Kreisteile zusammenkleben und die Schutzfolie entfernen.<\/li>\n<li>In die Mitte Deines Kreises bohrst Du ein Loch.<\/li>\n<\/ol>\n<p>[\/et_pb_text][et_pb_text _builder_version=&#8220;4.17.3&#8243; _module_preset=&#8220;default&#8220; global_colors_info=&#8220;{}&#8220;]<\/p>\n<h3>Metallgestell<\/h3>\n<ol>\n<li>Das Ende des Schwei\u00dfdrahtes mit der Rundzange zu einer Schlaufe biegen.<\/li>\n<li>Jetzt setzt Du mit der Flachzange an und biegst die Schlaufe um 90\u00b0.<\/li>\n<li>Nun kannst Du Dein erstes Kreisteil auff\u00e4deln.<\/li>\n<li>Den Schwei\u00dfdraht auf die gew\u00fcnschte L\u00e4nge schneiden und das n\u00e4chste Kreisteil auff\u00e4deln.<\/li>\n<li>Das andere Ende des Schwei\u00dfdrahtes zur Schlaufe biegen. Dann wiederholst Du den Vorgang, bis alle Kreisteile fest sitzen.<\/li>\n<\/ol>\n<p>[\/et_pb_text][et_pb_text _builder_version=&#8220;4.17.3&#8243; _module_preset=&#8220;default&#8220; global_colors_info=&#8220;{}&#8220;]<\/p>\n<h3>Metall S-Haken\u00a0<\/h3>\n<ol>\n<li>Mit der Rundzange ein S in den Schwei\u00dfdraht biegen.<\/li>\n<li>Mit dem Seitenschneider abschneiden und f\u00fcr die ben\u00f6tigte Anzahl herstellen.<\/li>\n<\/ol>\n<p>[\/et_pb_text][et_pb_text _builder_version=&#8220;4.17.3&#8243; _module_preset=&#8220;default&#8220; global_colors_info=&#8220;{}&#8220;]<\/p>\n<h3>Neue Ebene<\/h3>\n<ol>\n<li>Den eben angefertigten Metall S-Haken an die Schlaufe des Metallgestells mit den Kreisteilen einhaken.<\/li>\n<li>Jetzt die zweite Ebene: Den Schwei\u00dfdraht mit gebogenem Ende an das andere Ende der Schlaufe einhaken.<\/li>\n<li>Kreisteil einf\u00e4deln.<\/li>\n<li>F\u00fcr die verbleibenden Kreisteile wiederholst Du die Schritte\u00a01-2 unter Metallgestell, balancierst das Gestell aus, markierst Dir erneut diese Stelle mit dem Marker und biegst mit der Rundzange eine Schlaufe.<\/li>\n<\/ol>\n<p>[\/et_pb_text][et_pb_text _builder_version=&#8220;4.17.3&#8243; _module_preset=&#8220;default&#8220; global_colors_info=&#8220;{}&#8220;]<\/p>\n<p>Erstelle Dir die gew\u00fcnschte Anzahl von Ebenen und h\u00e4nge sie ein.<\/p>\n<p>[\/et_pb_text][\/et_pb_column][\/et_pb_row][et_pb_row column_structure=&#8220;1_2,1_2&#8243; _builder_version=&#8220;4.17.3&#8243; _module_preset=&#8220;default&#8220; global_colors_info=&#8220;{}&#8220;][et_pb_column type=&#8220;1_2&#8243; _builder_version=&#8220;4.17.3&#8243; _module_preset=&#8220;default&#8220; global_colors_info=&#8220;{}&#8220;][et_pb_button button_url=&#8220;https:\/\/www.modulor.de\/material-werkzeug\/&#8220; url_new_window=&#8220;on&#8220; button_text=&#8220;Material &#038; Werkzeug&#8220; button_alignment=&#8220;left&#8220; _builder_version=&#8220;4.17.3&#8243; _module_preset=&#8220;default&#8220; button_text_color=&#8220;#FFFFFF&#8220; button_bg_color=&#8220;#E40000&#8243; hover_enabled=&#8220;0&#8243; global_colors_info=&#8220;{}&#8220; sticky_enabled=&#8220;0&#8243;][\/et_pb_button][\/et_pb_column][et_pb_column type=&#8220;1_2&#8243; _builder_version=&#8220;4.17.3&#8243; _module_preset=&#8220;default&#8220; global_colors_info=&#8220;{}&#8220;][et_pb_button button_url=&#8220;https:\/\/www.modulor.de\/magazin\/kreativitaet-inspiration\/&#8220; url_new_window=&#8220;on&#8220; button_text=&#8220;Mehr Kreativit\u00e4t + Inspiration&#8220; _builder_version=&#8220;4.17.3&#8243; _module_preset=&#8220;default&#8220; global_colors_info=&#8220;{}&#8220;][\/et_pb_button][\/et_pb_column][\/et_pb_row][\/et_pb_section]<\/p>\n","protected":false},"excerpt":{"rendered":"<p>Inspiriert von Alexander Calder und seiner aktuellen Ausstellung Minimal \/ Maximal in der Neuen Nationalgalerie Berlin, hat unsere Regula dieses wunderbare Mobile gebaut. Es besteht aus Polystyrolspiegeln, eine leicht zu verarbeitende Alternative zu Spiegelglas, die Du bei uns in verschiedenen Farben kaufen kannst. Wie Du Dein ganz eigenes DIY Mobile herstellst, zeigen wir Dir heute [&hellip;]<\/p>\n","protected":false},"author":7,"featured_media":3538,"comment_status":"closed","ping_status":"closed","sticky":false,"template":"","format":"standard","meta":{"_et_pb_use_builder":"on","_et_pb_old_content":"","_et_gb_content_width":"1178","footnotes":""},"categories":[8],"tags":[57,25,27,38,36,58,26],"yoast_head":"<!-- This site is optimized with the Yoast SEO plugin v19.14 - https:\/\/yoast.com\/wordpress\/plugins\/seo\/ -->\n<title>Calder inspiriertes DIY Mobile | Modulor<\/title>\n<meta name=\"description\" content=\"Wir machen ein DIY Mobile, inspiriert von Alexander Calder: Regula zeigt Dir, wie Du so ein wunderbares Mobile selbst bauen kannst. \u2728\" \/>\n<meta name=\"robots\" content=\"index, follow, max-snippet:-1, max-image-preview:large, max-video-preview:-1\" \/>\n<link rel=\"canonical\" href=\"https:\/\/www.modulor.de\/magazin\/kreativitaet-inspiration\/diy-mobile\/\" \/>\n<meta property=\"og:locale\" content=\"de_DE\" \/>\n<meta property=\"og:type\" content=\"article\" \/>\n<meta property=\"og:title\" content=\"Calder inspiriertes DIY Mobile | Modulor\" \/>\n<meta property=\"og:description\" content=\"Wir machen ein DIY Mobile, inspiriert von Alexander Calder: Regula zeigt Dir, wie Du so ein wunderbares Mobile selbst bauen kannst. \u2728\" \/>\n<meta property=\"og:url\" content=\"https:\/\/www.modulor.de\/magazin\/kreativitaet-inspiration\/diy-mobile\/\" \/>\n<meta property=\"og:site_name\" content=\"Modulor\" \/>\n<meta property=\"article:publisher\" content=\"https:\/\/de-de.facebook.com\/modulor.de\/\" \/>\n<meta property=\"article:published_time\" content=\"2022-06-14T08:21:00+00:00\" \/>\n<meta property=\"article:modified_time\" content=\"2022-12-09T08:11:46+00:00\" \/>\n<meta property=\"og:image\" content=\"https:\/\/www.modulor.de\/magazin\/wp-content\/uploads\/2022\/09\/2021-12-09_Produktfotos1543-scaled-e1664454277555.jpg\" \/>\n\t<meta property=\"og:image:width\" content=\"2560\" \/>\n\t<meta property=\"og:image:height\" content=\"1504\" \/>\n\t<meta property=\"og:image:type\" content=\"image\/jpeg\" \/>\n<meta name=\"author\" content=\"Modulor Macher\" \/>\n<meta name=\"twitter:card\" content=\"summary_large_image\" \/>\n<meta name=\"twitter:label1\" content=\"Verfasst von\" \/>\n\t<meta name=\"twitter:data1\" content=\"Modulor Macher\" \/>\n\t<meta name=\"twitter:label2\" content=\"Gesch\u00e4tzte Lesezeit\" \/>\n\t<meta name=\"twitter:data2\" content=\"5 Minuten\" \/>\n<script type=\"application\/ld+json\" class=\"yoast-schema-graph\">{\"@context\":\"https:\/\/schema.org\",\"@graph\":[{\"@type\":\"Article\",\"@id\":\"https:\/\/www.modulor.de\/magazin\/kreativitaet-inspiration\/diy-mobile\/#article\",\"isPartOf\":{\"@id\":\"https:\/\/www.modulor.de\/magazin\/kreativitaet-inspiration\/diy-mobile\/\"},\"author\":{\"name\":\"Modulor Macher\",\"@id\":\"https:\/\/www.modulor.de\/magazin\/#\/schema\/person\/fb5412608b0443b63592bde4a60ae18f\"},\"headline\":\"Calder inspiriertes DIY Mobile\",\"datePublished\":\"2022-06-14T08:21:00+00:00\",\"dateModified\":\"2022-12-09T08:11:46+00:00\",\"mainEntityOfPage\":{\"@id\":\"https:\/\/www.modulor.de\/magazin\/kreativitaet-inspiration\/diy-mobile\/\"},\"wordCount\":2386,\"publisher\":{\"@id\":\"https:\/\/www.modulor.de\/magazin\/#organization\"},\"keywords\":[\"2022\",\"DIY\",\"Do it Yourself\",\"Gift Guide\",\"Kreative K\u00f6pfe\",\"Mobile\",\"Moduloris machen\"],\"articleSection\":[\"Kreativit\u00e4t + Inspiration\"],\"inLanguage\":\"de-DE\"},{\"@type\":\"WebPage\",\"@id\":\"https:\/\/www.modulor.de\/magazin\/kreativitaet-inspiration\/diy-mobile\/\",\"url\":\"https:\/\/www.modulor.de\/magazin\/kreativitaet-inspiration\/diy-mobile\/\",\"name\":\"Calder inspiriertes DIY Mobile | Modulor\",\"isPartOf\":{\"@id\":\"https:\/\/www.modulor.de\/magazin\/#website\"},\"datePublished\":\"2022-06-14T08:21:00+00:00\",\"dateModified\":\"2022-12-09T08:11:46+00:00\",\"description\":\"Wir machen ein DIY Mobile, inspiriert von Alexander Calder: Regula zeigt Dir, wie Du so ein wunderbares Mobile selbst bauen kannst. \u2728\",\"breadcrumb\":{\"@id\":\"https:\/\/www.modulor.de\/magazin\/kreativitaet-inspiration\/diy-mobile\/#breadcrumb\"},\"inLanguage\":\"de-DE\",\"potentialAction\":[{\"@type\":\"ReadAction\",\"target\":[\"https:\/\/www.modulor.de\/magazin\/kreativitaet-inspiration\/diy-mobile\/\"]}]},{\"@type\":\"BreadcrumbList\",\"@id\":\"https:\/\/www.modulor.de\/magazin\/kreativitaet-inspiration\/diy-mobile\/#breadcrumb\",\"itemListElement\":[{\"@type\":\"ListItem\",\"position\":1,\"name\":\"Startseite\",\"item\":\"https:\/\/www.modulor.de\/magazin\/\"},{\"@type\":\"ListItem\",\"position\":2,\"name\":\"Calder inspiriertes DIY Mobile\"}]},{\"@type\":\"WebSite\",\"@id\":\"https:\/\/www.modulor.de\/magazin\/#website\",\"url\":\"https:\/\/www.modulor.de\/magazin\/\",\"name\":\"Modulor\",\"description\":\"Allerhand Inspiration und Wissen rund um Modulor Material, M\u00f6bel, DIY-Projekte und ein Blick hinter die Modulor Kulissen.\",\"publisher\":{\"@id\":\"https:\/\/www.modulor.de\/magazin\/#organization\"},\"potentialAction\":[{\"@type\":\"SearchAction\",\"target\":{\"@type\":\"EntryPoint\",\"urlTemplate\":\"https:\/\/www.modulor.de\/magazin\/?s={search_term_string}\"},\"query-input\":\"required name=search_term_string\"}],\"inLanguage\":\"de-DE\"},{\"@type\":\"Organization\",\"@id\":\"https:\/\/www.modulor.de\/magazin\/#organization\",\"name\":\"Modulor\",\"url\":\"https:\/\/www.modulor.de\/magazin\/\",\"logo\":{\"@type\":\"ImageObject\",\"inLanguage\":\"de-DE\",\"@id\":\"https:\/\/www.modulor.de\/magazin\/#\/schema\/logo\/image\/\",\"url\":\"https:\/\/www.modulor.de\/magazin\/wp-content\/uploads\/2022\/10\/Modulor_Logo_rot_HG-transparent_1200-Px-B.png\",\"contentUrl\":\"https:\/\/www.modulor.de\/magazin\/wp-content\/uploads\/2022\/10\/Modulor_Logo_rot_HG-transparent_1200-Px-B.png\",\"width\":1200,\"height\":360,\"caption\":\"Modulor\"},\"image\":{\"@id\":\"https:\/\/www.modulor.de\/magazin\/#\/schema\/logo\/image\/\"},\"sameAs\":[\"https:\/\/www.instagram.com\/modulorberlin\/?hl=de\",\"https:\/\/www.pinterest.de\/modulor_de\/\",\"https:\/\/de-de.facebook.com\/modulor.de\/\"]},{\"@type\":\"Person\",\"@id\":\"https:\/\/www.modulor.de\/magazin\/#\/schema\/person\/fb5412608b0443b63592bde4a60ae18f\",\"name\":\"Modulor Macher\",\"image\":{\"@type\":\"ImageObject\",\"inLanguage\":\"de-DE\",\"@id\":\"https:\/\/www.modulor.de\/magazin\/#\/schema\/person\/image\/\",\"url\":\"https:\/\/secure.gravatar.com\/avatar\/e66de172381ad7fe7e9dca963a65143f?s=96&d=mm&r=g\",\"contentUrl\":\"https:\/\/secure.gravatar.com\/avatar\/e66de172381ad7fe7e9dca963a65143f?s=96&d=mm&r=g\",\"caption\":\"Modulor Macher\"},\"url\":\"https:\/\/www.modulor.de\/magazin\/author\/moduloris-machen\/\"}]}<\/script>\n<!-- \/ Yoast SEO plugin. -->","yoast_head_json":{"title":"Calder inspiriertes DIY Mobile | Modulor","description":"Wir machen ein DIY Mobile, inspiriert von Alexander Calder: Regula zeigt Dir, wie Du so ein wunderbares Mobile selbst bauen kannst. \u2728","robots":{"index":"index","follow":"follow","max-snippet":"max-snippet:-1","max-image-preview":"max-image-preview:large","max-video-preview":"max-video-preview:-1"},"canonical":"https:\/\/www.modulor.de\/magazin\/kreativitaet-inspiration\/diy-mobile\/","og_locale":"de_DE","og_type":"article","og_title":"Calder inspiriertes DIY Mobile | Modulor","og_description":"Wir machen ein DIY Mobile, inspiriert von Alexander Calder: Regula zeigt Dir, wie Du so ein wunderbares Mobile selbst bauen kannst. \u2728","og_url":"https:\/\/www.modulor.de\/magazin\/kreativitaet-inspiration\/diy-mobile\/","og_site_name":"Modulor","article_publisher":"https:\/\/de-de.facebook.com\/modulor.de\/","article_published_time":"2022-06-14T08:21:00+00:00","article_modified_time":"2022-12-09T08:11:46+00:00","og_image":[{"width":2560,"height":1504,"url":"https:\/\/www.modulor.de\/magazin\/wp-content\/uploads\/2022\/09\/2021-12-09_Produktfotos1543-scaled-e1664454277555.jpg","type":"image\/jpeg"}],"author":"Modulor Macher","twitter_card":"summary_large_image","twitter_misc":{"Verfasst von":"Modulor Macher","Gesch\u00e4tzte Lesezeit":"5 Minuten"},"schema":{"@context":"https:\/\/schema.org","@graph":[{"@type":"Article","@id":"https:\/\/www.modulor.de\/magazin\/kreativitaet-inspiration\/diy-mobile\/#article","isPartOf":{"@id":"https:\/\/www.modulor.de\/magazin\/kreativitaet-inspiration\/diy-mobile\/"},"author":{"name":"Modulor Macher","@id":"https:\/\/www.modulor.de\/magazin\/#\/schema\/person\/fb5412608b0443b63592bde4a60ae18f"},"headline":"Calder inspiriertes DIY Mobile","datePublished":"2022-06-14T08:21:00+00:00","dateModified":"2022-12-09T08:11:46+00:00","mainEntityOfPage":{"@id":"https:\/\/www.modulor.de\/magazin\/kreativitaet-inspiration\/diy-mobile\/"},"wordCount":2386,"publisher":{"@id":"https:\/\/www.modulor.de\/magazin\/#organization"},"keywords":["2022","DIY","Do it Yourself","Gift Guide","Kreative K\u00f6pfe","Mobile","Moduloris machen"],"articleSection":["Kreativit\u00e4t + Inspiration"],"inLanguage":"de-DE"},{"@type":"WebPage","@id":"https:\/\/www.modulor.de\/magazin\/kreativitaet-inspiration\/diy-mobile\/","url":"https:\/\/www.modulor.de\/magazin\/kreativitaet-inspiration\/diy-mobile\/","name":"Calder inspiriertes DIY Mobile | Modulor","isPartOf":{"@id":"https:\/\/www.modulor.de\/magazin\/#website"},"datePublished":"2022-06-14T08:21:00+00:00","dateModified":"2022-12-09T08:11:46+00:00","description":"Wir machen ein DIY Mobile, inspiriert von Alexander Calder: Regula zeigt Dir, wie Du so ein wunderbares Mobile selbst bauen kannst. \u2728","breadcrumb":{"@id":"https:\/\/www.modulor.de\/magazin\/kreativitaet-inspiration\/diy-mobile\/#breadcrumb"},"inLanguage":"de-DE","potentialAction":[{"@type":"ReadAction","target":["https:\/\/www.modulor.de\/magazin\/kreativitaet-inspiration\/diy-mobile\/"]}]},{"@type":"BreadcrumbList","@id":"https:\/\/www.modulor.de\/magazin\/kreativitaet-inspiration\/diy-mobile\/#breadcrumb","itemListElement":[{"@type":"ListItem","position":1,"name":"Startseite","item":"https:\/\/www.modulor.de\/magazin\/"},{"@type":"ListItem","position":2,"name":"Calder inspiriertes DIY Mobile"}]},{"@type":"WebSite","@id":"https:\/\/www.modulor.de\/magazin\/#website","url":"https:\/\/www.modulor.de\/magazin\/","name":"Modulor","description":"Allerhand Inspiration und Wissen rund um Modulor Material, M\u00f6bel, DIY-Projekte und ein Blick hinter die Modulor Kulissen.","publisher":{"@id":"https:\/\/www.modulor.de\/magazin\/#organization"},"potentialAction":[{"@type":"SearchAction","target":{"@type":"EntryPoint","urlTemplate":"https:\/\/www.modulor.de\/magazin\/?s={search_term_string}"},"query-input":"required name=search_term_string"}],"inLanguage":"de-DE"},{"@type":"Organization","@id":"https:\/\/www.modulor.de\/magazin\/#organization","name":"Modulor","url":"https:\/\/www.modulor.de\/magazin\/","logo":{"@type":"ImageObject","inLanguage":"de-DE","@id":"https:\/\/www.modulor.de\/magazin\/#\/schema\/logo\/image\/","url":"https:\/\/www.modulor.de\/magazin\/wp-content\/uploads\/2022\/10\/Modulor_Logo_rot_HG-transparent_1200-Px-B.png","contentUrl":"https:\/\/www.modulor.de\/magazin\/wp-content\/uploads\/2022\/10\/Modulor_Logo_rot_HG-transparent_1200-Px-B.png","width":1200,"height":360,"caption":"Modulor"},"image":{"@id":"https:\/\/www.modulor.de\/magazin\/#\/schema\/logo\/image\/"},"sameAs":["https:\/\/www.instagram.com\/modulorberlin\/?hl=de","https:\/\/www.pinterest.de\/modulor_de\/","https:\/\/de-de.facebook.com\/modulor.de\/"]},{"@type":"Person","@id":"https:\/\/www.modulor.de\/magazin\/#\/schema\/person\/fb5412608b0443b63592bde4a60ae18f","name":"Modulor Macher","image":{"@type":"ImageObject","inLanguage":"de-DE","@id":"https:\/\/www.modulor.de\/magazin\/#\/schema\/person\/image\/","url":"https:\/\/secure.gravatar.com\/avatar\/e66de172381ad7fe7e9dca963a65143f?s=96&d=mm&r=g","contentUrl":"https:\/\/secure.gravatar.com\/avatar\/e66de172381ad7fe7e9dca963a65143f?s=96&d=mm&r=g","caption":"Modulor Macher"},"url":"https:\/\/www.modulor.de\/magazin\/author\/moduloris-machen\/"}]}},"_links":{"self":[{"href":"https:\/\/www.modulor.de\/magazin\/wp-json\/wp\/v2\/posts\/3527"}],"collection":[{"href":"https:\/\/www.modulor.de\/magazin\/wp-json\/wp\/v2\/posts"}],"about":[{"href":"https:\/\/www.modulor.de\/magazin\/wp-json\/wp\/v2\/types\/post"}],"author":[{"embeddable":true,"href":"https:\/\/www.modulor.de\/magazin\/wp-json\/wp\/v2\/users\/7"}],"replies":[{"embeddable":true,"href":"https:\/\/www.modulor.de\/magazin\/wp-json\/wp\/v2\/comments?post=3527"}],"version-history":[{"count":6,"href":"https:\/\/www.modulor.de\/magazin\/wp-json\/wp\/v2\/posts\/3527\/revisions"}],"predecessor-version":[{"id":5740,"href":"https:\/\/www.modulor.de\/magazin\/wp-json\/wp\/v2\/posts\/3527\/revisions\/5740"}],"wp:featuredmedia":[{"embeddable":true,"href":"https:\/\/www.modulor.de\/magazin\/wp-json\/wp\/v2\/media\/3538"}],"wp:attachment":[{"href":"https:\/\/www.modulor.de\/magazin\/wp-json\/wp\/v2\/media?parent=3527"}],"wp:term":[{"taxonomy":"category","embeddable":true,"href":"https:\/\/www.modulor.de\/magazin\/wp-json\/wp\/v2\/categories?post=3527"},{"taxonomy":"post_tag","embeddable":true,"href":"https:\/\/www.modulor.de\/magazin\/wp-json\/wp\/v2\/tags?post=3527"}],"curies":[{"name":"wp","href":"https:\/\/api.w.org\/{rel}","templated":true}]}}