{"id":3056,"date":"2019-09-21T13:45:00","date_gmt":"2019-09-21T11:45:00","guid":{"rendered":"https:\/\/www.modulor.de\/magazin\/?p=3056"},"modified":"2022-11-22T15:55:53","modified_gmt":"2022-11-22T14:55:53","slug":"modulor-streikt-fuers-klima","status":"publish","type":"post","link":"https:\/\/www.modulor.de\/magazin\/konsum-zufriedenheit\/modulor-streikt-fuers-klima\/","title":{"rendered":"Modulor beim Klimastreik: Zusammen auf die Stra\u00dfe"},"content":{"rendered":"<p>[et_pb_section fb_built=&#8220;1&#8243; _builder_version=&#8220;4.17.3&#8243; _module_preset=&#8220;default&#8220; custom_padding=&#8220;||15px|||&#8220; global_colors_info=&#8220;{}&#8220;][et_pb_row _builder_version=&#8220;4.17.3&#8243; _module_preset=&#8220;default&#8220; global_colors_info=&#8220;{}&#8220;][et_pb_column type=&#8220;4_4&#8243; _builder_version=&#8220;4.17.3&#8243; _module_preset=&#8220;default&#8220; global_colors_info=&#8220;{}&#8220;][et_pb_post_title text_background=&#8220;on&#8220; _builder_version=&#8220;4.17.3&#8243; _module_preset=&#8220;default&#8220; title_text_color=&#8220;#000000&#8243; meta_text_align=&#8220;center&#8220; global_colors_info=&#8220;{}&#8220;][\/et_pb_post_title][et_pb_text _builder_version=&#8220;4.17.3&#8243; _module_preset=&#8220;default&#8220; hover_enabled=&#8220;0&#8243; global_colors_info=&#8220;{}&#8220; sticky_enabled=&#8220;0&#8243;]<\/p>\n<p><span>Modulor beim Klimastreik: Am Freitag, den 20. September 2019 blieb unser Laden geschlossen. Den ganzen Tag \u00fcber. Stattdessen gingen wir am Tag des <\/span><strong class=\"BannerModule__bold___1s5X1\">globalen Klimastreiks<\/strong><span>\u00a0gemeinsam mit\u00a0<\/span><strong class=\"BannerModule__bold___1s5X1\">FRIDAYS FOR FUTURE<\/strong><span>\u00a0auf die Stra\u00dfe. Um ein deutliches Zeichen Richtung Politik zu senden.\u00a0<\/span><span>Dieser Entschluss hatte nichts zu tun mit irgendeiner ausgekl\u00fcgelten Marketingstrategie und dem Versuch, Modulor ins \u201egr\u00fcne Licht\u201c zu r\u00fccken. Denn wir sind kein gr\u00fcnes Unternehmen. Da wollen wir uns auch sicherlich keinen Heiligenschein aufsetzen. Oder wie Christof, der Gr\u00fcnder von Modulor es formuliert: \u201eWir <a href=\"https:\/\/www.modulor.de\/magazin\/konsum-zufriedenheit\/interview-mit-modulor-gruender-christof\/%20\">verkaufen Plastikzeugs und Konsumkrempel<\/a>, da gibt es auch nichts sch\u00f6nzureden.\u201c<\/span><\/p>\n<p>[\/et_pb_text][\/et_pb_column][\/et_pb_row][et_pb_row _builder_version=&#8220;4.17.3&#8243; _module_preset=&#8220;default&#8220; global_colors_info=&#8220;{}&#8220;][et_pb_column type=&#8220;4_4&#8243; _builder_version=&#8220;4.17.3&#8243; _module_preset=&#8220;default&#8220; global_colors_info=&#8220;{}&#8220;][et_pb_text _builder_version=&#8220;4.17.3&#8243; _module_preset=&#8220;default&#8220; global_colors_info=&#8220;{}&#8220;]<\/p>\n<h2 class=\"TextModule__headline-h3___MN46G\"><span>Zeichen setzen f\u00fcrs Klima<\/span><\/h2>\n<p class=\"TextModule__headline-h3___MN46G\"><span>Trotzdem wollen und m\u00fcssen wir etwas tun. Ein Zeichen setzen \u2013 f\u00fcrs Klima. Weil nein, \u00d6kostrom, Dienstfahrr\u00e4der, eine \u00d6kobank und der Verzicht auf Firmenparkpl\u00e4tze sind bei weitem nicht genug. Die intensive Auseinandersetzung mit dem Thema w\u00e4hrend der letzten Wochen und die vielen teilweise hitzigen Diskussionen im Vorfeld haben uns das klar gemacht. Und irgendwo haben sie auch einen Stein ins Rollen gebracht. Dazu aber an anderer Stelle mehr.<\/span><\/p>\n<p><span>Hier und jetzt soll es gar nicht gro\u00dfartig um das \u201eWarum haben wir gestreikt\u201c gehen, sondern vielmehr um das \u201eWie\u201c. Wir wollen Dich ein wenig mitnehmen. Auf unseren Weg vom ersten Entrepreneurs for Future Treffen, der Planung unserer\u00a0<\/span><strong class=\"BannerModule__bold___1s5X1\">Klimastreik Aktion bis zum 20. September<\/strong><span>, dem Tag des globalen Klimastreiks. Lassen wir mal Revue passieren: Was ist passiert? Wo lagen die Herausforderungen? Was waren die R\u00fcckschl\u00e4ge? Wie haben unsere Kunden reagiert? An welcher Stelle sind wir zu naiv an die Sache herangegangen? Und vor allem: was sind unsere Learnings?<\/span><br \/><span>Spulen wir mal zur\u00fcck \u2013 Mitte August.<\/span><\/p>\n<p>[\/et_pb_text][\/et_pb_column][\/et_pb_row][et_pb_row column_structure=&#8220;1_2,1_2&#8243; _builder_version=&#8220;4.17.3&#8243; _module_preset=&#8220;default&#8220; global_colors_info=&#8220;{}&#8220;][et_pb_column type=&#8220;1_2&#8243; _builder_version=&#8220;4.17.3&#8243; _module_preset=&#8220;default&#8220; global_colors_info=&#8220;{}&#8220;][et_pb_image src=&#8220;https:\/\/www.modulor.de\/magazin\/wp-content\/uploads\/2022\/09\/IMG_8362-scaled.jpg&#8220; title_text=&#8220;IMG_8362&#8243; _builder_version=&#8220;4.17.3&#8243; _module_preset=&#8220;default&#8220; global_colors_info=&#8220;{}&#8220;][\/et_pb_image][\/et_pb_column][et_pb_column type=&#8220;1_2&#8243; _builder_version=&#8220;4.17.3&#8243; _module_preset=&#8220;default&#8220; global_colors_info=&#8220;{}&#8220;][et_pb_image src=&#8220;https:\/\/www.modulor.de\/magazin\/wp-content\/uploads\/2022\/09\/IMG_8372-scaled.jpg&#8220; title_text=&#8220;IMG_8372&#8243; _builder_version=&#8220;4.17.3&#8243; _module_preset=&#8220;default&#8220; global_colors_info=&#8220;{}&#8220;][\/et_pb_image][\/et_pb_column][\/et_pb_row][et_pb_row _builder_version=&#8220;4.17.3&#8243; _module_preset=&#8220;default&#8220; global_colors_info=&#8220;{}&#8220;][et_pb_column type=&#8220;4_4&#8243; _builder_version=&#8220;4.17.3&#8243; _module_preset=&#8220;default&#8220; global_colors_info=&#8220;{}&#8220;][et_pb_text module_id=&#8220;PST-anker3&#8243; _builder_version=&#8220;4.17.3&#8243; _module_preset=&#8220;default&#8220; global_colors_info=&#8220;{}&#8220;]<\/p>\n<h2 class=\"TextModule__headline-h2___2SWCs\"><strong class=\"TextModule__bold___1ubC0\">#Allef\u00fcrsKlima: Chronik der Ereignisse<\/strong><\/h2>\n<h3 class=\"TextModule__headline-h3___MN46G\"><\/h3>\n<h3 class=\"TextModule__headline-h3___MN46G\"><strong class=\"TextModule__bold___1ubC0\">Kalenderwoche 34: Die H\u00fctte brennt!<\/strong><\/h3>\n<p class=\"TextModule__paragraph___3AIU_\">Greta wei\u00df es. Und wir wissen es auch. Man kann noch so gut im Verdr\u00e4ngen sein, an den t\u00e4glichen (schlechten) Nachrichten zur Klimakrise f\u00fchrt kein Weg vorbei. Warum wir das Thema ausgerechnet jetzt angehen? Einfach deshalb, weil uns (und dank<span>\u00a0<\/span><span>\u201eFridays for Future\u201c\u00a0<\/span>offenbar vielen anderen auch) in den letzten Monaten immer klarer geworden ist, dass es nunmehr 5 vor 12 ist. Wenn nicht sogar schon viel sp\u00e4ter. Ab einem bestimmten Zeitpunkt kann man die Augen einfach nicht mehr verschlie\u00dfen. In unserem Markenleitbild steht, Modulor ist mutig, radikal, ein wenig anders und konsequent. Also lasst uns das sein. Lasst uns was tun, gemeinsam!<\/p>\n<p>Mit diesem Motto ging es einigerma\u00dfen nichtsahnend also zum Vernetzungstreffen von Entrepreneurs for Future. Mit dabei waren vor allem nachhaltig agierende und bereits umweltpolitisch aktive Unternehmerinnen und Unternehmer \u2013 und eben wir. Die Frage, die im Raum schwebte: Wer wird sich wie am globalen Klimastreik beteiligen?<\/p>\n<p>[\/et_pb_text][et_pb_text module_id=&#8220;PST-anker3&#8243; _builder_version=&#8220;4.17.3&#8243; _module_preset=&#8220;default&#8220; hover_enabled=&#8220;0&#8243; global_colors_info=&#8220;{}&#8220; sticky_enabled=&#8220;0&#8243;]<\/p>\n<div id=\"arealayoutrowarea-row-3\" class=\"module_bWFnYXppbi9zdG9yeS96dXNhbW1lbi1hdWYtZGllLXN0cmFzc2UtbW9kdWxvci1zdHJlaWt0ZS1mdXJzLWtsaW1hLw___AreaLayoutRow_3 AreaLayout__AreaLayoutRow___2Xps6 \">\n<div class=\"AreaLayout__row___37mlk AreaLayout__row__full___2o208\">\n<div id=\"text289619\" class=\"module_bWFnYXppbi9zdG9yeS96dXNhbW1lbi1hdWYtZGllLXN0cmFzc2UtbW9kdWxvci1zdHJlaWt0ZS1mdXJzLWtsaW1hLw___TEXT_296903 TextModule__TEXT___35YEX AreaLayout__column___loShH AreaLayout__column__1-layout--1-elements--1-span___23x8G\" data-testid=\"LayoutColumn__TEXT.296903\">\n<div class=\"TextModule__textWrapper___2aHt4\">\n<div data-content-checksum=\"f83ea95faa7ffe5319514e2d522e300e7f6c4c68\" class=\"TextModule__description___2Y1l0\">\n<h3 class=\"TextModule__headline-h3___MN46G\"><strong class=\"TextModule__bold___1ubC0\">23.08.2019: Wir schlie\u00dfen den Laden!<\/strong><\/h3>\n<p class=\"TextModule__paragraph___3AIU_\">Kurz darauf fiel auch schon der Entschluss:<span>\u00a0<\/span><strong class=\"TextModule__bold___1ubC0\"><a href=\"https:\/\/www.modulor.de\/filiale-berlin\/\" target=\"_blank\" rel=\"noopener\">Der Laden<\/a> bleibt zu!<\/strong><span>\u00a0<\/span>Wir sind bereit, auf einen Teil des Umsatzes zu verzichten, um ein ganz deutliches Signal Richtung Politik zu senden.<br \/>Aber k\u00f6nnen wir uns das eigentlich leisten? Gibt man allen Mitarbeitern frei? Was ist mit denen, die ohnehin nicht im Schichtplan eingetragen sind? Und mit den Kollegen aus der Logistik, wer gew\u00e4hrleistet die Warenannahme? Was sagen wir den Studenten, die vorm geschlossenen Laden stehen \u2013 verzweifelt, weil sie f\u00fcr die morgige Abgabe noch dringend was f\u00fcr ihre Mappe oder ihr Architektur-Modell brauchen? Die Liste der offenen Fragen f\u00fcrs Management war lang, reichte gef\u00fchlt vom Moritzplatz bis nach Brandenburg.<\/p>\n<\/div>\n<\/div>\n<\/div>\n<\/div>\n<\/div>\n<p>[\/et_pb_text][\/et_pb_column][\/et_pb_row][et_pb_row _builder_version=&#8220;4.17.3&#8243; _module_preset=&#8220;default&#8220; global_colors_info=&#8220;{}&#8220;][et_pb_column type=&#8220;4_4&#8243; _builder_version=&#8220;4.17.3&#8243; _module_preset=&#8220;default&#8220; global_colors_info=&#8220;{}&#8220;][et_pb_image src=&#8220;https:\/\/www.modulor.de\/magazin\/wp-content\/uploads\/2022\/09\/small_98A0215-scaled-e1663761770287.jpg&#8220; title_text=&#8220;small_98A0215&#8243; _builder_version=&#8220;4.17.3&#8243; _module_preset=&#8220;default&#8220; transform_scale_tablet=&#8220;&#8220; transform_scale_phone=&#8220;&#8220; transform_scale_last_edited=&#8220;on|phone&#8220; transform_translate_tablet=&#8220;0px|0px&#8220; transform_translate_phone=&#8220;0px|0px&#8220; transform_translate_last_edited=&#8220;on|desktop&#8220; transform_translate_linked=&#8220;off&#8220; transform_rotate_tablet=&#8220;&#8220; transform_rotate_phone=&#8220;&#8220; transform_rotate_last_edited=&#8220;on|desktop&#8220; transform_skew_tablet=&#8220;&#8220; transform_skew_phone=&#8220;&#8220; transform_skew_last_edited=&#8220;on|desktop&#8220; transform_origin_tablet=&#8220;&#8220; transform_origin_phone=&#8220;&#8220; transform_origin_last_edited=&#8220;on|desktop&#8220; transform_styles_last_edited=&#8220;on|desktop&#8220; transform_styles_tablet=&#8220;&#8220; transform_styles_phone=&#8220;&#8220; global_colors_info=&#8220;{}&#8220;][\/et_pb_image][\/et_pb_column][\/et_pb_row][et_pb_row _builder_version=&#8220;4.17.3&#8243; _module_preset=&#8220;default&#8220; global_colors_info=&#8220;{}&#8220;][et_pb_column type=&#8220;4_4&#8243; _builder_version=&#8220;4.17.3&#8243; _module_preset=&#8220;default&#8220; global_colors_info=&#8220;{}&#8220;][et_pb_text _builder_version=&#8220;4.17.3&#8243; _module_preset=&#8220;default&#8220; global_colors_info=&#8220;{}&#8220;]<\/p>\n<h3 class=\"TextModule__headline-h3___MN46G\"><strong class=\"TextModule__bold___1ubC0\">Kalenderwoche 35 &amp; 36: Demonstrieren statt Konsumieren!<\/strong><\/h3>\n<p><span>Dann machen wir am 20. September also auch den Online Shop dicht \u2013 logisch, oder? Logisch ja, ganz so einfach aber leider nicht. Warum erkl\u00e4rt uns unser Performance Marketing &amp; SEO Team so:<\/span><\/p>\n<p><span>F\u00fcr Google und andere Suchmaschinen ist es in erster Linie wichtig, dem Suchenden das m\u00f6glichst relevanteste Suchergebnis anzuzeigen. Hierf\u00fcr scannen Google &amp; Co. t\u00e4glich, st\u00fcndlich, teilweise min\u00fctlich Teile unserer Website. Wenn eine Seite offline \u2013 also nicht erreichbar \u2013 ist, fliegt sie schnell aus dem Index, das hei\u00dft, sie wird dem Suchenden bei Google nicht mehr angezeigt.<\/span><br \/><span>Passiert so etwas f\u00fcr kurze Zeit, ist das nicht weiter tragisch. Bei einem 24-st\u00fcndigen \u201eTotal-Ausfall\u201c w\u00fcrden die Rankings von <a href=\"https:\/\/www.modulor.de\/\">modulor.de<\/a> eventuell ganz sch\u00f6n in den Keller rutschen. Eventuell, denn das Ganze kann durch negative Nutzersignale nochmal verst\u00e4rkt werden \u2013 sprich, wenn Besucher abspringen oder nicht gekauft wird. Hier liegt also das Problem: Im Gegensatz zur Schlie\u00dfung des Ladens sind die Folgen bei der Schlie\u00dfung unseres Online Shop nicht kalkulierbar. Mit etwas Gl\u00fcck ranken wir am 21. September gleich wie am 19. September, also vor dem Klimastreik. Vielleicht aber eben auch nicht und es wird Monate dauern, bis die urspr\u00fcnglich gut positionierte Seite es wieder nach oben schafft in den Rankings. Und wir sind nat\u00fcrlich darauf angewiesen, dass Du uns findest, wenn Du zum Beispiel nach \u201e<\/span><a href=\"https:\/\/www.modulor.de\/bleche-gitter\/lochbleche\/\" target=\"_blank\" class=\"TextModule__link___3cVUh\" rel=\"noopener\">Lochblech<\/a><span>\u201c oder \u201e<\/span><a href=\"https:\/\/www.modulor.de\/platten\/verbundplatten\/kapa-platten\/\" target=\"_blank\" class=\"TextModule__link___3cVUh\" rel=\"noopener\">Kapa Platte<\/a><span>\u201c suchst. Also was tun?<\/span><\/p>\n<p>[\/et_pb_text][et_pb_text _builder_version=&#8220;4.17.3&#8243; _module_preset=&#8220;default&#8220; global_colors_info=&#8220;{}&#8220;]<\/p>\n<p class=\"TextModule__headline-h3___MN46G\"><span>Christofs erster Impuls<\/span><strong class=\"TextModule__bold___1ubC0\">:<\/strong><\/p>\n<p>[\/et_pb_text][et_pb_text _builder_version=&#8220;4.17.3&#8243; _module_preset=&#8220;default&#8220; global_colors_info=&#8220;{}&#8220;]<\/p>\n<blockquote>\n<p style=\"text-align: left;\">\u201e<span>Ich ruf bei Google an. Die sollen halt ihren Algorithmus manipulieren. Ich meine, die k\u00f6nnen ja ruhig auch etwas tun f\u00fcr den Klimaschutz.<\/span>\u201c<\/p>\n<p style=\"text-align: right;\">Chrisof, Modulor Gr\u00fcnder<\/p>\n<\/blockquote>\n<p>[\/et_pb_text][et_pb_text _builder_version=&#8220;4.17.3&#8243; _module_preset=&#8220;default&#8220; global_colors_info=&#8220;{}&#8220;]<\/p>\n<p><span>Wie Du Dir denken kannst, ist dieses Vorhaben nicht ganz so leicht umzusetzen. Eine Alternative musste her. Und zwar eine, die unser Motto des Tages \u2013 <\/span><strong>Demonstrieren statt Konsumieren \u2013<\/strong><span> auch im Online Shop ganz deutlich zeigt. So haben wir neben dem Banner auch ein Pop-Up eingebaut.<\/span><\/p>\n<p>[\/et_pb_text][\/et_pb_column][\/et_pb_row][et_pb_row _builder_version=&#8220;4.17.3&#8243; _module_preset=&#8220;default&#8220; global_colors_info=&#8220;{}&#8220;][et_pb_column type=&#8220;4_4&#8243; _builder_version=&#8220;4.17.3&#8243; _module_preset=&#8220;default&#8220; global_colors_info=&#8220;{}&#8220;][et_pb_video src=&#8220;https:\/\/www.modulor.de\/magazin\/wp-content\/uploads\/2022\/09\/klimastreik.mp4&#8243; _builder_version=&#8220;4.17.3&#8243; _module_preset=&#8220;default&#8220; global_colors_info=&#8220;{}&#8220;][\/et_pb_video][\/et_pb_column][\/et_pb_row][et_pb_row _builder_version=&#8220;4.17.3&#8243; _module_preset=&#8220;default&#8220; global_colors_info=&#8220;{}&#8220;][et_pb_column type=&#8220;4_4&#8243; _builder_version=&#8220;4.17.3&#8243; _module_preset=&#8220;default&#8220; global_colors_info=&#8220;{}&#8220;][et_pb_text module_id=&#8220;PST-anker4&#8243; _builder_version=&#8220;4.17.3&#8243; _module_preset=&#8220;default&#8220; global_colors_info=&#8220;{}&#8220;]<\/p>\n<h3 class=\"TextModule__headline-h3___MN46G\"><strong class=\"TextModule__bold___1ubC0\">10.09.2019: Nicht nur Zuspruch &#8211; <\/strong><strong class=\"TextModule__bold___1ubC0\">\u201eIhr wohlstandsverbl\u00f6deten Gutmenschen\u2026\u201c \u00a0<\/strong><\/h3>\n<p class=\"TextModule__paragraph___3AIU_\">\n<p class=\"TextModule__paragraph___3AIU_\">Eines unserer Learnings der letzten Wochen: Sobald man sich zum Thema Klimakrise positioniert, sich kritisch mit dem eigenen Tun auseinandersetzt und sich Nachhaltigkeit auf die Agenda schreibt, macht man sich angreifbar. Denn neben viel positivem Feedback kam auch viel Kritik. Kritik, mit der wir gerechnet hatten und die zum Teil auch berechtigt ist. Wie gesagt, wir verkaufen seit Jahren Plastik und Produkte mit zweifelhafter Klimabilanz. Nat\u00fcrlich gab es auch Leute, die uns vorgeworfen haben, die Klimastreik-Aktion sei ein billiger PR-Stunt und Greenwashing.<br \/>Und dann waren da noch die \u00fcblichen<span>\u00a0<\/span><strong class=\"TextModule__bold___1ubC0\">Wutb\u00fcrger und Klimawandel-Skeptiker<\/strong>. So oder so, wir wollten Dir das nicht vorenthalten und haben ein kleines Best Of solcher positiven und negativen Fan Mails zusammengestellt.<\/p>\n<p>[\/et_pb_text][et_pb_text _builder_version=&#8220;4.17.3&#8243; _module_preset=&#8220;default&#8220; global_colors_info=&#8220;{}&#8220;]<\/p>\n<blockquote>\n<p style=\"text-align: left;\">\u201e<span>\u2026diesen geistigen D\u00fcnnschiss k\u00f6nnt ihr den Penn\u00e4lern unterjubeln die am Freitag wieder hysterisch rumbl\u00f6cken und mit ihren shit Smartfones wieder Gigabyteweise Bildchen und videos hochladen und unn\u00fctz die Serverlasten (ist \u00fcbrigens auch ENERGIEVERSCHWENDUNG) hochjagen werden&#8230;<\/span>\u201c<\/p>\n<p style=\"text-align: right;\"><\/blockquote>\n<p>[\/et_pb_text][et_pb_text _builder_version=&#8220;4.17.3&#8243; _module_preset=&#8220;default&#8220; global_colors_info=&#8220;{}&#8220;]<\/p>\n<blockquote>\n<p style=\"text-align: right;\"><span>\u201eGeile Aktion!\u201c<\/span><\/p>\n<p style=\"text-align: right;\"><\/blockquote>\n<p>[\/et_pb_text][et_pb_text _builder_version=&#8220;4.17.3&#8243; _module_preset=&#8220;default&#8220; global_colors_info=&#8220;{}&#8220;]<\/p>\n<blockquote>\n<p style=\"text-align: left;\"><span>\u201ePeinlich, wie tief kann das wohlstandsverbl\u00f6dete Gutmenschenland noch sinken?\u201c<\/span><\/p>\n<\/blockquote>\n<p>[\/et_pb_text][et_pb_text _builder_version=&#8220;4.17.3&#8243; _module_preset=&#8220;default&#8220; global_colors_info=&#8220;{}&#8220;]<\/p>\n<blockquote>\n<p style=\"text-align: left;\">\u201e<span>&#8230;sch\u00f6ne Werbeaktion, von mir aus k\u00f6nnt ihr f\u00fcr immer schlie\u00dfen. Wenn in Berlin das Klima so gerettet wird, wie der Flughafen gebaut wird, dann gute Nacht<\/span>.\u201c<\/p>\n<\/blockquote>\n<p>[\/et_pb_text][et_pb_text _builder_version=&#8220;4.17.3&#8243; _module_preset=&#8220;default&#8220; global_colors_info=&#8220;{}&#8220;]<\/p>\n<blockquote>\n<p style=\"text-align: left;\">\u201e<span>&#8230; leider werden die unparteiischen Wissenschaftler (zum Thema Klima) nicht nicht geh\u00f6rt, weil ihre andere Wahrheit nicht ins Konzept der Klima-Lobbyisten pa\u00dft ! Mit diesem gigantischem CO\u00b2-Schlindel, den sich die Klima-Lobbyisten ausgedacht haben, verdienen Sie sich Milliarden Dollar \/ \u20ac , den alle EU-Mitgliedsstaaten bezahlen m\u00fcssen!<\/span>\u201c<\/p>\n<\/blockquote>\n<p>[\/et_pb_text][et_pb_text _builder_version=&#8220;4.17.3&#8243; _module_preset=&#8220;default&#8220; global_colors_info=&#8220;{}&#8220;]<\/p>\n<blockquote>\n<p class=\"ql-align-right\" style=\"text-align: right;\"><span>\u201e&#8230;Gro\u00dfartig! Versucht bitte noch andere Firmen mit ins Boot zu holen!\u201c<\/span><\/p>\n<\/blockquote>\n<p>[\/et_pb_text][et_pb_text _builder_version=&#8220;4.17.3&#8243; _module_preset=&#8220;default&#8220; global_colors_info=&#8220;{}&#8220;]<\/p>\n<blockquote>\n<p class=\"ql-align-right\" style=\"text-align: left;\"><span>\u201e&#8230; Auf die Stra\u00dfe zu gehen und mitzufeiern ist einfacher, als wahre pers\u00f6nliche Opfer zu erbringen. Somit ist es f\u00fcr uns Unternehmen noch viel wichtiger, dass WIR wegweisend sind und z.B. diese Produkte &#8211; aus Klimagr\u00fcnden und aus ethischen Gr\u00fcnden &#8211; nicht mehr anbieten. Sei es im Ladengesch\u00e4ft oder auch in der Kantine.\u201c<\/span><\/p>\n<\/blockquote>\n<p>[\/et_pb_text][et_pb_text _builder_version=&#8220;4.17.3&#8243; _module_preset=&#8220;default&#8220; global_colors_info=&#8220;{}&#8220;]<\/p>\n<h3><strong>19.09.2019: Schilderaktion bei Modulor <\/strong><\/h3>\n<p>So, genug von Hatern. Widmen wir uns lieber den positiven Dingen, und dem, was wir am besten k\u00f6nnen. Bunt und kreativ sein. Und sch\u00f6n malen, kleben, reimen und tackern.<\/p>\n<p>[\/et_pb_text][\/et_pb_column][\/et_pb_row][et_pb_row column_structure=&#8220;3_5,2_5&#8243; _builder_version=&#8220;4.17.3&#8243; _module_preset=&#8220;default&#8220; global_colors_info=&#8220;{}&#8220;][et_pb_column type=&#8220;3_5&#8243; _builder_version=&#8220;4.17.3&#8243; _module_preset=&#8220;default&#8220; global_colors_info=&#8220;{}&#8220;][et_pb_image src=&#8220;https:\/\/www.modulor.de\/magazin\/wp-content\/uploads\/2022\/09\/IMG_8292-scaled-e1663761973661.jpg&#8220; title_text=&#8220;IMG_8292&#8243; _builder_version=&#8220;4.17.3&#8243; _module_preset=&#8220;default&#8220; transform_scale_tablet=&#8220;&#8220; transform_scale_phone=&#8220;&#8220; transform_scale_last_edited=&#8220;on|desktop&#8220; transform_translate_tablet=&#8220;0px|0px&#8220; transform_translate_phone=&#8220;0px|0px&#8220; transform_translate_last_edited=&#8220;on|desktop&#8220; transform_translate_linked=&#8220;off&#8220; transform_rotate_tablet=&#8220;&#8220; transform_rotate_phone=&#8220;&#8220; transform_rotate_last_edited=&#8220;on|desktop&#8220; transform_skew_tablet=&#8220;&#8220; transform_skew_phone=&#8220;&#8220; transform_skew_last_edited=&#8220;on|desktop&#8220; transform_origin_tablet=&#8220;&#8220; transform_origin_phone=&#8220;&#8220; transform_origin_last_edited=&#8220;on|desktop&#8220; transform_styles_last_edited=&#8220;on|desktop&#8220; transform_styles_tablet=&#8220;&#8220; transform_styles_phone=&#8220;&#8220; global_colors_info=&#8220;{}&#8220;][\/et_pb_image][\/et_pb_column][et_pb_column type=&#8220;2_5&#8243; _builder_version=&#8220;4.17.3&#8243; _module_preset=&#8220;default&#8220; global_colors_info=&#8220;{}&#8220;][et_pb_image src=&#8220;https:\/\/www.modulor.de\/magazin\/wp-content\/uploads\/2022\/09\/IMG_8360-scaled.jpg&#8220; title_text=&#8220;IMG_8360&#8243; _builder_version=&#8220;4.17.3&#8243; _module_preset=&#8220;default&#8220; global_colors_info=&#8220;{}&#8220;][\/et_pb_image][et_pb_image src=&#8220;https:\/\/www.modulor.de\/magazin\/wp-content\/uploads\/2022\/09\/MG_8224-scaled.jpg&#8220; title_text=&#8220;_MG_8224&#8243; _builder_version=&#8220;4.17.3&#8243; _module_preset=&#8220;default&#8220; global_colors_info=&#8220;{}&#8220;][\/et_pb_image][\/et_pb_column][\/et_pb_row][et_pb_row column_structure=&#8220;1_2,1_2&#8243; _builder_version=&#8220;4.17.3&#8243; _module_preset=&#8220;default&#8220; global_colors_info=&#8220;{}&#8220;][et_pb_column type=&#8220;1_2&#8243; _builder_version=&#8220;4.17.3&#8243; _module_preset=&#8220;default&#8220; global_colors_info=&#8220;{}&#8220;][et_pb_image src=&#8220;https:\/\/www.modulor.de\/magazin\/wp-content\/uploads\/2022\/09\/IMG_8275-scaled.jpg&#8220; title_text=&#8220;IMG_8275&#8243; _builder_version=&#8220;4.17.3&#8243; _module_preset=&#8220;default&#8220; transform_scale_tablet=&#8220;&#8220; transform_scale_phone=&#8220;&#8220; transform_scale_last_edited=&#8220;on|desktop&#8220; transform_translate_tablet=&#8220;0px|0px&#8220; transform_translate_phone=&#8220;0px|0px&#8220; transform_translate_last_edited=&#8220;on|desktop&#8220; transform_translate_linked=&#8220;off&#8220; transform_rotate_tablet=&#8220;&#8220; transform_rotate_phone=&#8220;&#8220; transform_rotate_last_edited=&#8220;on|desktop&#8220; transform_skew_tablet=&#8220;&#8220; transform_skew_phone=&#8220;&#8220; transform_skew_last_edited=&#8220;on|desktop&#8220; transform_origin_tablet=&#8220;&#8220; transform_origin_phone=&#8220;&#8220; transform_origin_last_edited=&#8220;on|desktop&#8220; transform_styles_last_edited=&#8220;on|desktop&#8220; transform_styles_tablet=&#8220;&#8220; transform_styles_phone=&#8220;&#8220; global_colors_info=&#8220;{}&#8220;][\/et_pb_image][\/et_pb_column][et_pb_column type=&#8220;1_2&#8243; _builder_version=&#8220;4.17.3&#8243; _module_preset=&#8220;default&#8220; global_colors_info=&#8220;{}&#8220;][et_pb_image src=&#8220;https:\/\/www.modulor.de\/magazin\/wp-content\/uploads\/2022\/09\/IMG_8371-scaled.jpg&#8220; title_text=&#8220;IMG_8371&#8243; _builder_version=&#8220;4.17.3&#8243; _module_preset=&#8220;default&#8220; global_colors_info=&#8220;{}&#8220;][\/et_pb_image][\/et_pb_column][\/et_pb_row][et_pb_row column_structure=&#8220;1_3,1_3,1_3&#8243; _builder_version=&#8220;4.17.3&#8243; _module_preset=&#8220;default&#8220; global_colors_info=&#8220;{}&#8220;][et_pb_column type=&#8220;1_3&#8243; _builder_version=&#8220;4.17.3&#8243; _module_preset=&#8220;default&#8220; global_colors_info=&#8220;{}&#8220;][et_pb_image src=&#8220;https:\/\/www.modulor.de\/magazin\/wp-content\/uploads\/2022\/09\/IMG_8333-scaled-e1663763511496.jpg&#8220; title_text=&#8220;IMG_8333&#8243; _builder_version=&#8220;4.17.3&#8243; _module_preset=&#8220;default&#8220; transform_scale_tablet=&#8220;&#8220; transform_scale_phone=&#8220;&#8220; transform_scale_last_edited=&#8220;on|desktop&#8220; transform_translate_tablet=&#8220;0px|0px&#8220; transform_translate_phone=&#8220;0px|0px&#8220; transform_translate_last_edited=&#8220;on|desktop&#8220; transform_translate_linked=&#8220;off&#8220; transform_rotate_tablet=&#8220;&#8220; transform_rotate_phone=&#8220;&#8220; transform_rotate_last_edited=&#8220;on|desktop&#8220; transform_skew_tablet=&#8220;&#8220; transform_skew_phone=&#8220;&#8220; transform_skew_last_edited=&#8220;on|desktop&#8220; transform_origin_tablet=&#8220;&#8220; transform_origin_phone=&#8220;&#8220; transform_origin_last_edited=&#8220;on|desktop&#8220; transform_styles_last_edited=&#8220;on|desktop&#8220; transform_styles_tablet=&#8220;&#8220; transform_styles_phone=&#8220;&#8220; global_colors_info=&#8220;{}&#8220;][\/et_pb_image][\/et_pb_column][et_pb_column type=&#8220;1_3&#8243; _builder_version=&#8220;4.17.3&#8243; _module_preset=&#8220;default&#8220; global_colors_info=&#8220;{}&#8220;][et_pb_image src=&#8220;https:\/\/www.modulor.de\/magazin\/wp-content\/uploads\/2022\/09\/IMG_8324-scaled-e1663762085748.jpg&#8220; title_text=&#8220;IMG_8324&#8243; _builder_version=&#8220;4.17.3&#8243; _module_preset=&#8220;default&#8220; global_colors_info=&#8220;{}&#8220;][\/et_pb_image][\/et_pb_column][et_pb_column type=&#8220;1_3&#8243; _builder_version=&#8220;4.17.3&#8243; _module_preset=&#8220;default&#8220; global_colors_info=&#8220;{}&#8220;][et_pb_image src=&#8220;https:\/\/www.modulor.de\/magazin\/wp-content\/uploads\/2022\/09\/IMG_8289-scaled.jpg&#8220; title_text=&#8220;IMG_8289&#8243; _builder_version=&#8220;4.17.3&#8243; _module_preset=&#8220;default&#8220; global_colors_info=&#8220;{}&#8220;][\/et_pb_image][\/et_pb_column][\/et_pb_row][et_pb_row _builder_version=&#8220;4.17.3&#8243; _module_preset=&#8220;default&#8220; custom_padding=&#8220;||7px|||&#8220; global_colors_info=&#8220;{}&#8220;][et_pb_column type=&#8220;4_4&#8243; _builder_version=&#8220;4.17.3&#8243; _module_preset=&#8220;default&#8220; global_colors_info=&#8220;{}&#8220;][et_pb_text module_id=&#8220;PST-anker5&#8243; _builder_version=&#8220;4.17.3&#8243; _module_preset=&#8220;default&#8220; custom_margin=&#8220;|224px|55px|224px|false|false&#8220; global_colors_info=&#8220;{}&#8220;]<\/p>\n<h3 class=\"TextModule__headline-h3___MN46G\"><strong class=\"TextModule__bold___1ubC0\">20.09.2019:<\/strong><span>\u00a0<\/span><strong class=\"TextModule__bold___1ubC0\">20. September\u00a0<\/strong><\/h3>\n<h3 class=\"TextModule__headline-h3___MN46G\"><strong class=\"TextModule__bold___1ubC0\"> Modulor beim Klimastreik: Alle f\u00fcrs Klima!<\/strong><\/h3>\n<p class=\"TextModule__paragraph___3AIU_\"><span>Turbulent waren die letzten Wochen: Spontane Besuche von Fernsehteams, emotionale Interviews und die gro\u00dfe Frage, wie wir\u00a0 auf Hater-Kommentare unter Videos reagieren sollen? Gro\u00dfe Ambitionen trafen auf Gegenwind aus den eigenen Reihen. Intern gab es allerhand Diskussionen. Und ja, eventuell wurde auch mal die Telefonnummer von Google gegoogelt.<\/span><\/p>\n<p>[\/et_pb_text][\/et_pb_column][\/et_pb_row][et_pb_row column_structure=&#8220;2_3,1_3&#8243; _builder_version=&#8220;4.17.3&#8243; _module_preset=&#8220;default&#8220; width=&#8220;100%&#8220; custom_padding=&#8220;28px|||||&#8220; global_colors_info=&#8220;{}&#8220;][et_pb_column type=&#8220;2_3&#8243; _builder_version=&#8220;4.17.3&#8243; _module_preset=&#8220;default&#8220; global_colors_info=&#8220;{}&#8220;][et_pb_image src=&#8220;https:\/\/www.modulor.de\/magazin\/wp-content\/uploads\/2022\/09\/IMG_8303-scaled.jpg&#8220; title_text=&#8220;IMG_8303&#8243; _builder_version=&#8220;4.17.3&#8243; _module_preset=&#8220;default&#8220; transform_scale_tablet=&#8220;&#8220; transform_scale_phone=&#8220;&#8220; transform_scale_last_edited=&#8220;on|desktop&#8220; transform_translate_tablet=&#8220;0px|0px&#8220; transform_translate_phone=&#8220;0px|0px&#8220; transform_translate_last_edited=&#8220;on|desktop&#8220; transform_translate_linked=&#8220;off&#8220; transform_rotate_tablet=&#8220;&#8220; transform_rotate_phone=&#8220;&#8220; transform_rotate_last_edited=&#8220;on|desktop&#8220; transform_skew_tablet=&#8220;&#8220; transform_skew_phone=&#8220;&#8220; transform_skew_last_edited=&#8220;on|desktop&#8220; transform_origin_tablet=&#8220;&#8220; transform_origin_phone=&#8220;&#8220; transform_origin_last_edited=&#8220;on|desktop&#8220; transform_styles_last_edited=&#8220;on|desktop&#8220; transform_styles_tablet=&#8220;&#8220; transform_styles_phone=&#8220;&#8220; global_colors_info=&#8220;{}&#8220;][\/et_pb_image][\/et_pb_column][et_pb_column type=&#8220;1_3&#8243; _builder_version=&#8220;4.17.3&#8243; _module_preset=&#8220;default&#8220; global_colors_info=&#8220;{}&#8220;][et_pb_image src=&#8220;https:\/\/www.modulor.de\/magazin\/wp-content\/uploads\/2022\/09\/98A0235-scaled.jpg&#8220; title_text=&#8220;_98A0235&#8243; _builder_version=&#8220;4.17.3&#8243; _module_preset=&#8220;default&#8220; global_colors_info=&#8220;{}&#8220;][\/et_pb_image][\/et_pb_column][\/et_pb_row][et_pb_row use_custom_gutter=&#8220;on&#8220; _builder_version=&#8220;4.17.3&#8243; _module_preset=&#8220;default&#8220; global_colors_info=&#8220;{}&#8220;][et_pb_column type=&#8220;4_4&#8243; _builder_version=&#8220;4.17.3&#8243; _module_preset=&#8220;default&#8220; global_colors_info=&#8220;{}&#8220;][et_pb_text module_id=&#8220;PST-anker6&#8243; _builder_version=&#8220;4.17.3&#8243; _module_preset=&#8220;default&#8220; custom_margin=&#8220;58px|224px||224px|false|false&#8220; global_colors_info=&#8220;{}&#8220;]<\/p>\n<p><span>Und dann kam er schneller als gewollt, der Klimastreik Tag. Schon standen wir da, beim Brandenburger Tor, gemeinsam <\/span><strong>mit unseren Schildern und 270.000 Menschen<\/strong><span>. Auf das geile Wir-Gef\u00fchl folgte bald schon Ern\u00fcchterung beim Betrachten des Klimapakets der Gro\u00dfen Koalition. Ja, der Gef\u00fchlszustand immer irgendwo zwischen Enthusiasmus, Elan, Frust und purer Hektik. Vieles ist in letzter Sekunde und im Hauruck-Modus passiert. Typisch Modulor eben. Aber <\/span>fassen wir doch nochmal in sch\u00f6ner Demo-Manier zusammen:<\/p>\n<p class=\"ql-align-center\"><strong><em>Wir haben gemalt und gebaut. Hatten geschlossen und haben gestreikt, <\/em><\/strong><strong><em>gingen auf die Stra\u00dfen und haben gezeigt: <\/em><\/strong><strong><em>Wir sind hier, wir sind bereit. <\/em><\/strong><strong><em>Uns ist es wichtig, darum waren wir laut. <\/em><\/strong><strong><em>Danke euch allen, es ging unter die Haut!<\/em><\/strong><\/p>\n<p>[\/et_pb_text][\/et_pb_column][\/et_pb_row][\/et_pb_section][et_pb_section fb_built=&#8220;1&#8243; _builder_version=&#8220;4.17.3&#8243; _module_preset=&#8220;default&#8220; custom_padding=&#8220;0px||9px|||&#8220; global_colors_info=&#8220;{}&#8220;][et_pb_row column_structure=&#8220;2_5,3_5&#8243; _builder_version=&#8220;4.17.3&#8243; _module_preset=&#8220;default&#8220; global_colors_info=&#8220;{}&#8220;][et_pb_column type=&#8220;2_5&#8243; _builder_version=&#8220;4.17.3&#8243; _module_preset=&#8220;default&#8220; global_colors_info=&#8220;{}&#8220;][et_pb_image src=&#8220;https:\/\/www.modulor.de\/magazin\/wp-content\/uploads\/2022\/09\/IMG_8309-scaled-e1663763004536.jpg&#8220; title_text=&#8220;IMG_8309&#8243; _builder_version=&#8220;4.17.3&#8243; _module_preset=&#8220;default&#8220; transform_scale_tablet=&#8220;&#8220; transform_scale_phone=&#8220;&#8220; transform_scale_last_edited=&#8220;on|desktop&#8220; transform_translate_tablet=&#8220;0px|0px&#8220; transform_translate_phone=&#8220;0px|0px&#8220; transform_translate_last_edited=&#8220;on|desktop&#8220; transform_translate_linked=&#8220;off&#8220; transform_rotate_tablet=&#8220;&#8220; transform_rotate_phone=&#8220;&#8220; transform_rotate_last_edited=&#8220;on|desktop&#8220; transform_skew_tablet=&#8220;&#8220; transform_skew_phone=&#8220;&#8220; transform_skew_last_edited=&#8220;on|desktop&#8220; transform_origin_tablet=&#8220;&#8220; transform_origin_phone=&#8220;&#8220; transform_origin_last_edited=&#8220;on|desktop&#8220; transform_styles_last_edited=&#8220;on|desktop&#8220; transform_styles_tablet=&#8220;&#8220; transform_styles_phone=&#8220;&#8220; global_colors_info=&#8220;{}&#8220;][\/et_pb_image][\/et_pb_column][et_pb_column type=&#8220;3_5&#8243; _builder_version=&#8220;4.17.3&#8243; _module_preset=&#8220;default&#8220; global_colors_info=&#8220;{}&#8220;][et_pb_image src=&#8220;https:\/\/www.modulor.de\/magazin\/wp-content\/uploads\/2022\/09\/98A0348-scaled.jpg&#8220; title_text=&#8220;_98A0348&#8243; _builder_version=&#8220;4.17.3&#8243; _module_preset=&#8220;default&#8220; transform_scale_tablet=&#8220;&#8220; transform_scale_phone=&#8220;&#8220; transform_scale_last_edited=&#8220;on|desktop&#8220; transform_translate_tablet=&#8220;0px|0px&#8220; transform_translate_phone=&#8220;0px|0px&#8220; transform_translate_last_edited=&#8220;on|desktop&#8220; transform_translate_linked=&#8220;off&#8220; transform_rotate_tablet=&#8220;&#8220; transform_rotate_phone=&#8220;&#8220; transform_rotate_last_edited=&#8220;on|desktop&#8220; transform_skew_tablet=&#8220;&#8220; transform_skew_phone=&#8220;&#8220; transform_skew_last_edited=&#8220;on|desktop&#8220; transform_origin_tablet=&#8220;&#8220; transform_origin_phone=&#8220;&#8220; transform_origin_last_edited=&#8220;on|desktop&#8220; transform_styles_last_edited=&#8220;on|desktop&#8220; transform_styles_tablet=&#8220;&#8220; transform_styles_phone=&#8220;&#8220; global_colors_info=&#8220;{}&#8220;][\/et_pb_image][\/et_pb_column][\/et_pb_row][\/et_pb_section][et_pb_section fb_built=&#8220;1&#8243; _builder_version=&#8220;4.17.3&#8243; _module_preset=&#8220;default&#8220; custom_padding=&#8220;6px|||||&#8220; global_colors_info=&#8220;{}&#8220;][et_pb_row _builder_version=&#8220;4.17.3&#8243; _module_preset=&#8220;default&#8220; global_colors_info=&#8220;{}&#8220;][et_pb_column type=&#8220;4_4&#8243; _builder_version=&#8220;4.17.3&#8243; _module_preset=&#8220;default&#8220; global_colors_info=&#8220;{}&#8220;][et_pb_text module_id=&#8220;PST-anker7&#8243; _builder_version=&#8220;4.17.3&#8243; _module_preset=&#8220;default&#8220; hover_enabled=&#8220;0&#8243; global_colors_info=&#8220;{}&#8220; sticky_enabled=&#8220;0&#8243;]<\/p>\n<div id=\"arealayoutrowarea-row-16\" class=\"module_YXBzaHJicG1iYWh4dGVjdg___AreaLayoutRow_16 AreaLayout__AreaLayoutRow___2Xps6 \">\n<div class=\"AreaLayout__row___37mlk AreaLayout__row__full___2o208\">\n<div id=\"text296154\" class=\"module_YXBzaHJicG1iYWh4dGVjdg___TEXT_296154 TextModule__TEXT___35YEX AreaLayout__column___loShH AreaLayout__column__1-layout--1-elements--1-span___23x8G\" data-testid=\"LayoutColumn__TEXT.296154\" data-xeclicklistener=\"true\">\n<div class=\"TextModule__textWrapper___2aHt4\">\n<div data-content-checksum=\"21a407ebabd8c048c89251dddd4166d6a7f07823\" class=\"TextModule__description___2Y1l0\">\n<h3 class=\"TextModule__headline-h3___MN46G\"><strong class=\"TextModule__bold___1ubC0\">20.09.2019 Was k\u00f6nnen wir besser machen? Morgen, \u00fcbermorgen und am Tag danach?<\/strong><\/h3>\n<p class=\"TextModule__paragraph___3AIU_\"><span>Der Klimastreik und alles drum herum hat in unseren K\u00f6pfen so einiges bewegt. Wir sind voller Tatendrang, haben richtig Bock, was zu \u00e4ndern. So haben sich vor der Demo zirka 60 Kollegen aus allen Abteilungen im Rahmen eines Workshops zusammengetan. Und in Arbeitsgruppen Ideen gesammelt.\u00a0<\/span><strong class=\"TextModule__bold___1ubC0\">Wie k\u00f6nnen wir Modulor klimafreundlicher machen?<\/strong><span>\u00a0Wo setzen wir an? Welche Ma\u00dfnahmen sind effektiv und trotzdem realistisch? Wo ist in Sachen Klimaschutz besonders viel Luft nach oben?<\/span><\/p>\n<p><span>Es kamen einige verdammt gute Vorschl\u00e4ge f\u00fcr Ma\u00dfnahmen im Sortiment, Logistik und Laden zusammen. Ein Wundert\u00fcten-Tag, an dem Reste vom Zuschnitt verschenkt und verkauft werden. Die Begr\u00fcnung unseres Daches. <a href=\"https:\/\/www.modulor.de\/magazin\/konsum-zufriedenheit\/der-oekobon\/\" target=\"_blank\" rel=\"noopener\">Ein \u00d6kobon<\/a>. Fahrradkuriere f\u00fcr Lieferungen innerhalb Berlins. Refill-Produkte. Papieralternativen f\u00fcr unsere Luftpolsterfolie. Und so weiter. Ja, die eine oder andere Ma\u00dfnahme davon wird vielleicht ungem\u00fctlich werden. Uns wom\u00f6glich mehr kosten oder mit mehr Aufwand verbunden sein. Aber seien wir realistisch: <\/span><strong class=\"TextModule__bold___1ubC0\">Echter Klimaschutz wird nun mal wehtun.<\/strong><\/p>\n<\/div>\n<\/div>\n<\/div>\n<\/div>\n<\/div>\n<div id=\"arealayoutrowarea-row-17\" class=\"module_YXBzaHJicG1iYWh4dGVjdg___AreaLayoutRow_17 AreaLayout__AreaLayoutRow___2Xps6 \">\n<div class=\"AreaLayout__row___37mlk AreaLayout__row__full___2o208\">\n<div id=\"image296172\" class=\"module_YXBzaHJicG1iYWh4dGVjdg___IMAGE_296172 ImageModule__IMAGE___2rP79 AreaLayout__column___loShH AreaLayout__column__3-layout--2-elements--2-span___2ZRTf\" data-testid=\"LayoutColumn__IMAGE.296172\" data-xeclicklistener=\"true\">\n<figure class=\"ImageModule__imageWrapper___2e4Dz\"><picture class=\"ImageModule__picture___S8d_m\"><source srcset=\"https:\/\/styla-prod-us.imgix.net\/98ef1fef7e90176207ea3881bf9c52d0?auto=format%2Ccompress&amp;w=300&amp;h=200&amp;fit=original 300w, https:\/\/styla-prod-us.imgix.net\/98ef1fef7e90176207ea3881bf9c52d0?auto=format%2Ccompress&amp;w=450&amp;h=300&amp;fit=original 450w, https:\/\/styla-prod-us.imgix.net\/98ef1fef7e90176207ea3881bf9c52d0?auto=format%2Ccompress&amp;w=600&amp;h=400&amp;fit=original 600w, https:\/\/styla-prod-us.imgix.net\/98ef1fef7e90176207ea3881bf9c52d0?auto=format%2Ccompress&amp;w=750&amp;h=500&amp;fit=original 750w, https:\/\/styla-prod-us.imgix.net\/98ef1fef7e90176207ea3881bf9c52d0?auto=format%2Ccompress&amp;w=900&amp;h=600&amp;fit=original 900w, https:\/\/styla-prod-us.imgix.net\/98ef1fef7e90176207ea3881bf9c52d0?auto=format%2Ccompress&amp;w=1080&amp;h=720&amp;fit=original 1080w, https:\/\/styla-prod-us.imgix.net\/98ef1fef7e90176207ea3881bf9c52d0?auto=format%2Ccompress&amp;w=1280&amp;h=853&amp;fit=original 1280w, https:\/\/styla-prod-us.imgix.net\/98ef1fef7e90176207ea3881bf9c52d0?auto=format%2Ccompress&amp;w=1440&amp;h=960&amp;fit=original 1440w, https:\/\/styla-prod-us.imgix.net\/98ef1fef7e90176207ea3881bf9c52d0?auto=format%2Ccompress&amp;w=1680&amp;h=1120&amp;fit=original 1680w, https:\/\/styla-prod-us.imgix.net\/98ef1fef7e90176207ea3881bf9c52d0?auto=format%2Ccompress&amp;w=1920&amp;h=1280&amp;fit=original 1920w, https:\/\/styla-prod-us.imgix.net\/98ef1fef7e90176207ea3881bf9c52d0?auto=format%2Ccompress&amp;w=2560&amp;h=1707&amp;fit=original 2560w, https:\/\/styla-prod-us.imgix.net\/98ef1fef7e90176207ea3881bf9c52d0?auto=format%2Ccompress&amp;w=3840&amp;h=2560&amp;fit=original 3840w\" sizes=\"(max-width: 300px) 300px, (max-width: 450px) 450px, (max-width: 600px) 600px, (max-width: 750px) 750px, (max-width: 900px) 600px, (max-width: 1080px) 750px, (max-width: 1280px) 900px, (max-width: 1440px) 900px, (max-width: 1680px) 900px, (max-width: 1920px) 900px, (max-width: 2560px) 900px, (max-width: 3840px) 900px, 1280px\" \/><\/picture><\/figure>\n<\/div>\n<\/div>\n<\/div>\n<p>[\/et_pb_text][\/et_pb_column][\/et_pb_row][et_pb_row column_structure=&#8220;3_5,2_5&#8243; _builder_version=&#8220;4.17.3&#8243; _module_preset=&#8220;default&#8220; global_colors_info=&#8220;{}&#8220;][et_pb_column type=&#8220;3_5&#8243; _builder_version=&#8220;4.17.3&#8243; _module_preset=&#8220;default&#8220; global_colors_info=&#8220;{}&#8220;][et_pb_image src=&#8220;https:\/\/www.modulor.de\/magazin\/wp-content\/uploads\/2022\/09\/98A0116-scaled.jpg&#8220; title_text=&#8220;_98A0116&#8243; _builder_version=&#8220;4.17.3&#8243; _module_preset=&#8220;default&#8220; global_colors_info=&#8220;{}&#8220;][\/et_pb_image][\/et_pb_column][et_pb_column type=&#8220;2_5&#8243; _builder_version=&#8220;4.17.3&#8243; _module_preset=&#8220;default&#8220; global_colors_info=&#8220;{}&#8220;][et_pb_image src=&#8220;https:\/\/www.modulor.de\/magazin\/wp-content\/uploads\/2022\/09\/98A0138-scaled.jpg&#8220; title_text=&#8220;_98A0138&#8243; _builder_version=&#8220;4.17.3&#8243; _module_preset=&#8220;default&#8220; global_colors_info=&#8220;{}&#8220;][\/et_pb_image][\/et_pb_column][\/et_pb_row][et_pb_row _builder_version=&#8220;4.17.3&#8243; _module_preset=&#8220;default&#8220; global_colors_info=&#8220;{}&#8220;][et_pb_column type=&#8220;4_4&#8243; _builder_version=&#8220;4.17.3&#8243; _module_preset=&#8220;default&#8220; global_colors_info=&#8220;{}&#8220;][et_pb_text module_id=&#8220;PST-anker8&#8243; _builder_version=&#8220;4.17.3&#8243; _module_preset=&#8220;default&#8220; global_colors_info=&#8220;{}&#8220;]<\/p>\n<p class=\"TextModule__headline-h3___MN46G\"><span>Nun noch ein kleiner Appell oder vielmehr eine Bitte an Dich: Gib uns Input. Sag uns, wie Modulor klimafreundlicher werden kann. Kommentier auf Instagram &#8211; Sei dabei kreativ, ambitioniert &amp; kritisch.\u00a0<\/span><strong class=\"TextModule__bold___1ubC0\">Wir wollen Deine Ideen!<\/strong><\/p>\n<p>[\/et_pb_text][\/et_pb_column][\/et_pb_row][et_pb_row _builder_version=&#8220;4.17.3&#8243; _module_preset=&#8220;default&#8220; global_colors_info=&#8220;{}&#8220;][et_pb_column type=&#8220;4_4&#8243; _builder_version=&#8220;4.17.3&#8243; _module_preset=&#8220;default&#8220; global_colors_info=&#8220;{}&#8220;][et_pb_button button_url=&#8220;https:\/\/www.instagram.com\/modulorberlin\/&#8220; url_new_window=&#8220;on&#8220; button_text=&#8220;Gib uns Input!&#8220; button_alignment=&#8220;center&#8220; _builder_version=&#8220;4.17.3&#8243; _module_preset=&#8220;default&#8220; hover_enabled=&#8220;0&#8243; global_colors_info=&#8220;{}&#8220; sticky_enabled=&#8220;0&#8243;][\/et_pb_button][\/et_pb_column][\/et_pb_row][\/et_pb_section]<\/p>\n","protected":false},"excerpt":{"rendered":"<p>Modulor beim Klimastreik: Am Freitag, den 20. September 2019 blieb unser Laden geschlossen. Den ganzen Tag \u00fcber. Stattdessen gingen wir am Tag des globalen Klimastreiks\u00a0gemeinsam mit\u00a0FRIDAYS FOR FUTURE\u00a0auf die Stra\u00dfe. Um ein deutliches Zeichen Richtung Politik zu senden.\u00a0Dieser Entschluss hatte nichts zu tun mit irgendeiner ausgekl\u00fcgelten Marketingstrategie und dem Versuch, Modulor ins \u201egr\u00fcne Licht\u201c zu [&hellip;]<\/p>\n","protected":false},"author":2,"featured_media":3072,"comment_status":"closed","ping_status":"closed","sticky":false,"template":"","format":"standard","meta":{"_et_pb_use_builder":"on","_et_pb_old_content":"","_et_gb_content_width":"1178","footnotes":""},"categories":[10],"tags":[27,99,55,88],"yoast_head":"<!-- This site is optimized with the Yoast SEO plugin v19.14 - https:\/\/yoast.com\/wordpress\/plugins\/seo\/ -->\n<title>Modulor beim Klimastreik: Zusammen auf die Stra\u00dfe | Modulor<\/title>\n<meta name=\"description\" content=\"Modulor beim Klimastreik 2019: Wir machen den Laden zu und gehen f\u00fcrs Klima auf die Stra\u00dfe. Wieso, weshalb, warum? Erfahr es hier.\" \/>\n<meta name=\"robots\" content=\"index, follow, max-snippet:-1, max-image-preview:large, max-video-preview:-1\" \/>\n<link rel=\"canonical\" href=\"https:\/\/www.modulor.de\/magazin\/konsum-zufriedenheit\/modulor-streikt-fuers-klima\/\" \/>\n<meta property=\"og:locale\" content=\"de_DE\" \/>\n<meta property=\"og:type\" content=\"article\" \/>\n<meta property=\"og:title\" content=\"Modulor beim Klimastreik: Zusammen auf die Stra\u00dfe | Modulor\" \/>\n<meta property=\"og:description\" content=\"Modulor beim Klimastreik 2019: Wir machen den Laden zu und gehen f\u00fcrs Klima auf die Stra\u00dfe. Wieso, weshalb, warum? Erfahr es hier.\" \/>\n<meta property=\"og:url\" content=\"https:\/\/www.modulor.de\/magazin\/konsum-zufriedenheit\/modulor-streikt-fuers-klima\/\" \/>\n<meta property=\"og:site_name\" content=\"Modulor\" \/>\n<meta property=\"article:publisher\" content=\"https:\/\/de-de.facebook.com\/modulor.de\/\" \/>\n<meta property=\"article:published_time\" content=\"2019-09-21T11:45:00+00:00\" \/>\n<meta property=\"article:modified_time\" content=\"2022-11-22T14:55:53+00:00\" \/>\n<meta property=\"og:image\" content=\"https:\/\/www.modulor.de\/magazin\/wp-content\/uploads\/2022\/09\/98A0310-scaled-e1663761636340.jpg\" \/>\n\t<meta property=\"og:image:width\" content=\"2560\" \/>\n\t<meta property=\"og:image:height\" content=\"1196\" \/>\n\t<meta property=\"og:image:type\" content=\"image\/jpeg\" \/>\n<meta name=\"author\" content=\"Pia\" \/>\n<meta name=\"twitter:card\" content=\"summary_large_image\" \/>\n<meta name=\"twitter:label1\" content=\"Verfasst von\" \/>\n\t<meta name=\"twitter:data1\" content=\"Pia\" \/>\n\t<meta name=\"twitter:label2\" content=\"Gesch\u00e4tzte Lesezeit\" \/>\n\t<meta name=\"twitter:data2\" content=\"12 Minuten\" \/>\n<script type=\"application\/ld+json\" class=\"yoast-schema-graph\">{\"@context\":\"https:\/\/schema.org\",\"@graph\":[{\"@type\":\"Article\",\"@id\":\"https:\/\/www.modulor.de\/magazin\/konsum-zufriedenheit\/modulor-streikt-fuers-klima\/#article\",\"isPartOf\":{\"@id\":\"https:\/\/www.modulor.de\/magazin\/konsum-zufriedenheit\/modulor-streikt-fuers-klima\/\"},\"author\":{\"name\":\"Pia\",\"@id\":\"https:\/\/www.modulor.de\/magazin\/#\/schema\/person\/0ea0327a81ae97125b637043198dbef5\"},\"headline\":\"Modulor beim Klimastreik: Zusammen auf die Stra\u00dfe\",\"datePublished\":\"2019-09-21T11:45:00+00:00\",\"dateModified\":\"2022-11-22T14:55:53+00:00\",\"mainEntityOfPage\":{\"@id\":\"https:\/\/www.modulor.de\/magazin\/konsum-zufriedenheit\/modulor-streikt-fuers-klima\/\"},\"wordCount\":3835,\"publisher\":{\"@id\":\"https:\/\/www.modulor.de\/magazin\/#organization\"},\"keywords\":[\"Do it Yourself\",\"Klimastreik\",\"Modulor Mitarbeiter\",\"Zufriedenheit und Konsum\"],\"articleSection\":[\"Konsum + Zufriedenheit\"],\"inLanguage\":\"de-DE\"},{\"@type\":\"WebPage\",\"@id\":\"https:\/\/www.modulor.de\/magazin\/konsum-zufriedenheit\/modulor-streikt-fuers-klima\/\",\"url\":\"https:\/\/www.modulor.de\/magazin\/konsum-zufriedenheit\/modulor-streikt-fuers-klima\/\",\"name\":\"Modulor beim Klimastreik: Zusammen auf die Stra\u00dfe | Modulor\",\"isPartOf\":{\"@id\":\"https:\/\/www.modulor.de\/magazin\/#website\"},\"datePublished\":\"2019-09-21T11:45:00+00:00\",\"dateModified\":\"2022-11-22T14:55:53+00:00\",\"description\":\"Modulor beim Klimastreik 2019: Wir machen den Laden zu und gehen f\u00fcrs Klima auf die Stra\u00dfe. Wieso, weshalb, warum? Erfahr es hier.\",\"breadcrumb\":{\"@id\":\"https:\/\/www.modulor.de\/magazin\/konsum-zufriedenheit\/modulor-streikt-fuers-klima\/#breadcrumb\"},\"inLanguage\":\"de-DE\",\"potentialAction\":[{\"@type\":\"ReadAction\",\"target\":[\"https:\/\/www.modulor.de\/magazin\/konsum-zufriedenheit\/modulor-streikt-fuers-klima\/\"]}]},{\"@type\":\"BreadcrumbList\",\"@id\":\"https:\/\/www.modulor.de\/magazin\/konsum-zufriedenheit\/modulor-streikt-fuers-klima\/#breadcrumb\",\"itemListElement\":[{\"@type\":\"ListItem\",\"position\":1,\"name\":\"Startseite\",\"item\":\"https:\/\/www.modulor.de\/magazin\/\"},{\"@type\":\"ListItem\",\"position\":2,\"name\":\"Modulor beim Klimastreik: Zusammen auf die Stra\u00dfe\"}]},{\"@type\":\"WebSite\",\"@id\":\"https:\/\/www.modulor.de\/magazin\/#website\",\"url\":\"https:\/\/www.modulor.de\/magazin\/\",\"name\":\"Modulor\",\"description\":\"Allerhand Inspiration und Wissen rund um Modulor Material, M\u00f6bel, DIY-Projekte und ein Blick hinter die Modulor Kulissen.\",\"publisher\":{\"@id\":\"https:\/\/www.modulor.de\/magazin\/#organization\"},\"potentialAction\":[{\"@type\":\"SearchAction\",\"target\":{\"@type\":\"EntryPoint\",\"urlTemplate\":\"https:\/\/www.modulor.de\/magazin\/?s={search_term_string}\"},\"query-input\":\"required name=search_term_string\"}],\"inLanguage\":\"de-DE\"},{\"@type\":\"Organization\",\"@id\":\"https:\/\/www.modulor.de\/magazin\/#organization\",\"name\":\"Modulor\",\"url\":\"https:\/\/www.modulor.de\/magazin\/\",\"logo\":{\"@type\":\"ImageObject\",\"inLanguage\":\"de-DE\",\"@id\":\"https:\/\/www.modulor.de\/magazin\/#\/schema\/logo\/image\/\",\"url\":\"https:\/\/www.modulor.de\/magazin\/wp-content\/uploads\/2022\/10\/Modulor_Logo_rot_HG-transparent_1200-Px-B.png\",\"contentUrl\":\"https:\/\/www.modulor.de\/magazin\/wp-content\/uploads\/2022\/10\/Modulor_Logo_rot_HG-transparent_1200-Px-B.png\",\"width\":1200,\"height\":360,\"caption\":\"Modulor\"},\"image\":{\"@id\":\"https:\/\/www.modulor.de\/magazin\/#\/schema\/logo\/image\/\"},\"sameAs\":[\"https:\/\/www.instagram.com\/modulorberlin\/?hl=de\",\"https:\/\/www.pinterest.de\/modulor_de\/\",\"https:\/\/de-de.facebook.com\/modulor.de\/\"]},{\"@type\":\"Person\",\"@id\":\"https:\/\/www.modulor.de\/magazin\/#\/schema\/person\/0ea0327a81ae97125b637043198dbef5\",\"name\":\"Pia\",\"image\":{\"@type\":\"ImageObject\",\"inLanguage\":\"de-DE\",\"@id\":\"https:\/\/www.modulor.de\/magazin\/#\/schema\/person\/image\/\",\"url\":\"https:\/\/secure.gravatar.com\/avatar\/35c8dce050ed2945fe42600c6443d029?s=96&d=mm&r=g\",\"contentUrl\":\"https:\/\/secure.gravatar.com\/avatar\/35c8dce050ed2945fe42600c6443d029?s=96&d=mm&r=g\",\"caption\":\"Pia\"},\"url\":\"https:\/\/www.modulor.de\/magazin\/author\/pia-birkmodulor-de\/\"}]}<\/script>\n<!-- \/ Yoast SEO plugin. -->","yoast_head_json":{"title":"Modulor beim Klimastreik: Zusammen auf die Stra\u00dfe | Modulor","description":"Modulor beim Klimastreik 2019: Wir machen den Laden zu und gehen f\u00fcrs Klima auf die Stra\u00dfe. Wieso, weshalb, warum? Erfahr es hier.","robots":{"index":"index","follow":"follow","max-snippet":"max-snippet:-1","max-image-preview":"max-image-preview:large","max-video-preview":"max-video-preview:-1"},"canonical":"https:\/\/www.modulor.de\/magazin\/konsum-zufriedenheit\/modulor-streikt-fuers-klima\/","og_locale":"de_DE","og_type":"article","og_title":"Modulor beim Klimastreik: Zusammen auf die Stra\u00dfe | Modulor","og_description":"Modulor beim Klimastreik 2019: Wir machen den Laden zu und gehen f\u00fcrs Klima auf die Stra\u00dfe. Wieso, weshalb, warum? Erfahr es hier.","og_url":"https:\/\/www.modulor.de\/magazin\/konsum-zufriedenheit\/modulor-streikt-fuers-klima\/","og_site_name":"Modulor","article_publisher":"https:\/\/de-de.facebook.com\/modulor.de\/","article_published_time":"2019-09-21T11:45:00+00:00","article_modified_time":"2022-11-22T14:55:53+00:00","og_image":[{"width":2560,"height":1196,"url":"https:\/\/www.modulor.de\/magazin\/wp-content\/uploads\/2022\/09\/98A0310-scaled-e1663761636340.jpg","type":"image\/jpeg"}],"author":"Pia","twitter_card":"summary_large_image","twitter_misc":{"Verfasst von":"Pia","Gesch\u00e4tzte Lesezeit":"12 Minuten"},"schema":{"@context":"https:\/\/schema.org","@graph":[{"@type":"Article","@id":"https:\/\/www.modulor.de\/magazin\/konsum-zufriedenheit\/modulor-streikt-fuers-klima\/#article","isPartOf":{"@id":"https:\/\/www.modulor.de\/magazin\/konsum-zufriedenheit\/modulor-streikt-fuers-klima\/"},"author":{"name":"Pia","@id":"https:\/\/www.modulor.de\/magazin\/#\/schema\/person\/0ea0327a81ae97125b637043198dbef5"},"headline":"Modulor beim Klimastreik: Zusammen auf die Stra\u00dfe","datePublished":"2019-09-21T11:45:00+00:00","dateModified":"2022-11-22T14:55:53+00:00","mainEntityOfPage":{"@id":"https:\/\/www.modulor.de\/magazin\/konsum-zufriedenheit\/modulor-streikt-fuers-klima\/"},"wordCount":3835,"publisher":{"@id":"https:\/\/www.modulor.de\/magazin\/#organization"},"keywords":["Do it Yourself","Klimastreik","Modulor Mitarbeiter","Zufriedenheit und Konsum"],"articleSection":["Konsum + Zufriedenheit"],"inLanguage":"de-DE"},{"@type":"WebPage","@id":"https:\/\/www.modulor.de\/magazin\/konsum-zufriedenheit\/modulor-streikt-fuers-klima\/","url":"https:\/\/www.modulor.de\/magazin\/konsum-zufriedenheit\/modulor-streikt-fuers-klima\/","name":"Modulor beim Klimastreik: Zusammen auf die Stra\u00dfe | Modulor","isPartOf":{"@id":"https:\/\/www.modulor.de\/magazin\/#website"},"datePublished":"2019-09-21T11:45:00+00:00","dateModified":"2022-11-22T14:55:53+00:00","description":"Modulor beim Klimastreik 2019: Wir machen den Laden zu und gehen f\u00fcrs Klima auf die Stra\u00dfe. Wieso, weshalb, warum? Erfahr es hier.","breadcrumb":{"@id":"https:\/\/www.modulor.de\/magazin\/konsum-zufriedenheit\/modulor-streikt-fuers-klima\/#breadcrumb"},"inLanguage":"de-DE","potentialAction":[{"@type":"ReadAction","target":["https:\/\/www.modulor.de\/magazin\/konsum-zufriedenheit\/modulor-streikt-fuers-klima\/"]}]},{"@type":"BreadcrumbList","@id":"https:\/\/www.modulor.de\/magazin\/konsum-zufriedenheit\/modulor-streikt-fuers-klima\/#breadcrumb","itemListElement":[{"@type":"ListItem","position":1,"name":"Startseite","item":"https:\/\/www.modulor.de\/magazin\/"},{"@type":"ListItem","position":2,"name":"Modulor beim Klimastreik: Zusammen auf die Stra\u00dfe"}]},{"@type":"WebSite","@id":"https:\/\/www.modulor.de\/magazin\/#website","url":"https:\/\/www.modulor.de\/magazin\/","name":"Modulor","description":"Allerhand Inspiration und Wissen rund um Modulor Material, M\u00f6bel, DIY-Projekte und ein Blick hinter die Modulor Kulissen.","publisher":{"@id":"https:\/\/www.modulor.de\/magazin\/#organization"},"potentialAction":[{"@type":"SearchAction","target":{"@type":"EntryPoint","urlTemplate":"https:\/\/www.modulor.de\/magazin\/?s={search_term_string}"},"query-input":"required name=search_term_string"}],"inLanguage":"de-DE"},{"@type":"Organization","@id":"https:\/\/www.modulor.de\/magazin\/#organization","name":"Modulor","url":"https:\/\/www.modulor.de\/magazin\/","logo":{"@type":"ImageObject","inLanguage":"de-DE","@id":"https:\/\/www.modulor.de\/magazin\/#\/schema\/logo\/image\/","url":"https:\/\/www.modulor.de\/magazin\/wp-content\/uploads\/2022\/10\/Modulor_Logo_rot_HG-transparent_1200-Px-B.png","contentUrl":"https:\/\/www.modulor.de\/magazin\/wp-content\/uploads\/2022\/10\/Modulor_Logo_rot_HG-transparent_1200-Px-B.png","width":1200,"height":360,"caption":"Modulor"},"image":{"@id":"https:\/\/www.modulor.de\/magazin\/#\/schema\/logo\/image\/"},"sameAs":["https:\/\/www.instagram.com\/modulorberlin\/?hl=de","https:\/\/www.pinterest.de\/modulor_de\/","https:\/\/de-de.facebook.com\/modulor.de\/"]},{"@type":"Person","@id":"https:\/\/www.modulor.de\/magazin\/#\/schema\/person\/0ea0327a81ae97125b637043198dbef5","name":"Pia","image":{"@type":"ImageObject","inLanguage":"de-DE","@id":"https:\/\/www.modulor.de\/magazin\/#\/schema\/person\/image\/","url":"https:\/\/secure.gravatar.com\/avatar\/35c8dce050ed2945fe42600c6443d029?s=96&d=mm&r=g","contentUrl":"https:\/\/secure.gravatar.com\/avatar\/35c8dce050ed2945fe42600c6443d029?s=96&d=mm&r=g","caption":"Pia"},"url":"https:\/\/www.modulor.de\/magazin\/author\/pia-birkmodulor-de\/"}]}},"_links":{"self":[{"href":"https:\/\/www.modulor.de\/magazin\/wp-json\/wp\/v2\/posts\/3056"}],"collection":[{"href":"https:\/\/www.modulor.de\/magazin\/wp-json\/wp\/v2\/posts"}],"about":[{"href":"https:\/\/www.modulor.de\/magazin\/wp-json\/wp\/v2\/types\/post"}],"author":[{"embeddable":true,"href":"https:\/\/www.modulor.de\/magazin\/wp-json\/wp\/v2\/users\/2"}],"replies":[{"embeddable":true,"href":"https:\/\/www.modulor.de\/magazin\/wp-json\/wp\/v2\/comments?post=3056"}],"version-history":[{"count":0,"href":"https:\/\/www.modulor.de\/magazin\/wp-json\/wp\/v2\/posts\/3056\/revisions"}],"wp:featuredmedia":[{"embeddable":true,"href":"https:\/\/www.modulor.de\/magazin\/wp-json\/wp\/v2\/media\/3072"}],"wp:attachment":[{"href":"https:\/\/www.modulor.de\/magazin\/wp-json\/wp\/v2\/media?parent=3056"}],"wp:term":[{"taxonomy":"category","embeddable":true,"href":"https:\/\/www.modulor.de\/magazin\/wp-json\/wp\/v2\/categories?post=3056"},{"taxonomy":"post_tag","embeddable":true,"href":"https:\/\/www.modulor.de\/magazin\/wp-json\/wp\/v2\/tags?post=3056"}],"curies":[{"name":"wp","href":"https:\/\/api.w.org\/{rel}","templated":true}]}}