{"id":2595,"date":"2020-12-15T16:01:00","date_gmt":"2020-12-15T15:01:00","guid":{"rendered":"https:\/\/www.modulor.de\/magazin\/?p=2595"},"modified":"2022-11-22T14:32:20","modified_gmt":"2022-11-22T13:32:20","slug":"modulor-x-artconnect-open-call-highlights","status":"publish","type":"post","link":"https:\/\/www.modulor.de\/magazin\/kreativitaet-inspiration\/modulor-x-artconnect-open-call-highlights\/","title":{"rendered":"Modulor x ArtConnect Open Call: Unsere Highlights"},"content":{"rendered":"<p>[et_pb_section fb_built=&#8220;1&#8243; _builder_version=&#8220;4.17.3&#8243; _module_preset=&#8220;default&#8220; global_colors_info=&#8220;{}&#8220;][et_pb_row _builder_version=&#8220;4.17.3&#8243; _module_preset=&#8220;default&#8220; global_colors_info=&#8220;{}&#8220;][et_pb_column type=&#8220;4_4&#8243; _builder_version=&#8220;4.17.3&#8243; _module_preset=&#8220;default&#8220; global_colors_info=&#8220;{}&#8220;][et_pb_post_title text_background=&#8220;on&#8220; _builder_version=&#8220;4.17.3&#8243; _module_preset=&#8220;default&#8220; title_text_color=&#8220;#000000&#8243; meta_text_align=&#8220;center&#8220; global_colors_info=&#8220;{}&#8220;][\/et_pb_post_title][et_pb_text _builder_version=&#8220;4.17.3&#8243; _module_preset=&#8220;default&#8220; hover_enabled=&#8220;0&#8243; global_colors_info=&#8220;{}&#8220; sticky_enabled=&#8220;0&#8243;]<\/p>\n<div id=\"arealayoutrowarea-row-2\" class=\"module_bWFnYXppbi9zdG9yeS9pbXByZXNzaW9uZW4tdm9tLWF1ZmJhdS1kZXMtei1yZWdhbHMv_AreaLayoutRow_2 AreaLayout__AreaLayoutRow___2Xps6 \">\n<div class=\"AreaLayout__row___37mlk AreaLayout__row__full___2o208\">\n<div id=\"text653092\" class=\"module_bWFnYXppbi9zdG9yeS9pbXByZXNzaW9uZW4tdm9tLWF1ZmJhdS1kZXMtei1yZWdhbHMv_TEXT_653137 TextModule__TEXT___35YEX AreaLayout__column___loShH AreaLayout__column__1-layout--1-elements--1-span___23x8G\" data-testid=\"LayoutColumn__TEXT.653137\">\n<div class=\"TextModule__textWrapper___2aHt4\">\n<div data-content-checksum=\"d4bcfd00e368419bb4de05768b746a22d4811fec\" class=\"TextModule__description___2Y1l0\">\n<p class=\"TextModule__paragraph___3AIU_\">Vielleicht hast Du mitbekommen, dass wir vor einigen Wochen gemeinsam mit dem<span>\u00a0<\/span><a href=\"https:\/\/www.artconnect.com\/\" target=\"_blank\" class=\"TextModule__link___3cVUh\" rel=\"noopener\">Kunstnetzwerk ArtConnect<\/a><span>\u00a0<\/span>einen Aufruf gestartet haben. Und zwar haben wir dabei Student*innen aufgefordert,<span>\u00a0<\/span><strong class=\"TextModule__bold___1ubC0\">Projekte zum Thema<\/strong><strong class=\"TextModule__bold___1ubC0\"><em class=\"TextModule__italic___5Ug1_\"><span>\u00a0<\/span>\u201eMaterial Hybrids\u201c<\/em><\/strong><strong class=\"TextModule__bold___1ubC0\"><span>\u00a0<\/span>einzureichen<\/strong>. Digital oder analog, war dabei egal. Wichtig war uns, dass die Arbeiten mindestens zwei <a href=\"https:\/\/www.modulor.de\/material-werkzeug\/\" target=\"_blank\" rel=\"noopener\">Materialien<\/a> in Kombination oder Gegen\u00fcberstellung zeigen.<br \/>Die Top 3 unseres Open Calls wurden bereits<span>\u00a0<\/span><a href=\"https:\/\/www.instagram.com\/p\/CHvBmyNnU7V\/\" target=\"_blank\" class=\"TextModule__link___3cVUh\" rel=\"noopener\">im November gek\u00fcrt<\/a>. Ein ausf\u00fchrliches <a href=\"https:\/\/www.modulor.de\/magazin\/kreativitaet-inspiration\/modulor-x-artconnect-interview-scarlett-yang\/\">Feature zum Gewinnerprojekt<\/a> gibts hier. Weil wir aber derma\u00dfen baff waren \u00fcber das hohe Niveau der Einreichungen und uns die Wahl unserer Favoriten offen gesagt saum\u00e4\u00dfig schwergefallen ist, haben wir uns Folgendes \u00fcberlegt: Wir m\u00f6chten Dir hier nicht nur unsere Zweitplatzierten pr\u00e4sentieren, sondern noch einige Arbeiten mehr. Hier sind 7 Nachwuchsk\u00fcnstler*innen und Arbeiten, die herausgestochen und uns aus verschiedensten Gr\u00fcnden im Kopf geblieben sind.<\/p>\n<p class=\"ql-align-right TextModule__paragraph___3AIU_\"><em class=\"TextModule__italic___5Ug1_\">*bei den Texten zur jeweiligen Arbeit handelt es sich um Ausz\u00fcge aus den K\u00fcnstler*innen-Statements, die wir \u00fcbersetzt haben. Es empfiehlt sich, die Originaltexte in voller L\u00e4nge zu lesen! <\/em><em class=\"TextModule__italic___5Ug1_\">Hierzu einfach auf den jeweiligen Button klicken.<\/em><\/p>\n<\/div>\n<\/div>\n<\/div>\n<\/div>\n<\/div>\n<div id=\"arealayoutrowarea-row-3\" class=\"module_bWFnYXppbi9zdG9yeS9pbXByZXNzaW9uZW4tdm9tLWF1ZmJhdS1kZXMtei1yZWdhbHMv_AreaLayoutRow_3 AreaLayout__AreaLayoutRow___2Xps6 \">\n<div class=\"AreaLayout__row___37mlk AreaLayout__row__full___2o208\">\n<div id=\"image653093\" class=\"module_bWFnYXppbi9zdG9yeS9pbXByZXNzaW9uZW4tdm9tLWF1ZmJhdS1kZXMtei1yZWdhbHMv_IMAGE_653138 ImageModule__IMAGE___2rP79 AreaLayout__column___loShH AreaLayout__column__3-layout--2-elements--2-span___2ZRTf\" data-testid=\"LayoutColumn__IMAGE.653138\">\n<figure class=\"ImageModule__imageWrapper___2e4Dz\"><picture class=\"ImageModule__picture___S8d_m\"><source srcset=\"https:\/\/styla-prod-us.imgix.net\/2c561d41-74b0-4cc3-809d-2dea8ccd96d1\/41a0222c-1728-453d-b86b-187ced076a4a?auto=format%2Ccompress&amp;w=300&amp;h=225&amp;fit=original 300w, https:\/\/styla-prod-us.imgix.net\/2c561d41-74b0-4cc3-809d-2dea8ccd96d1\/41a0222c-1728-453d-b86b-187ced076a4a?auto=format%2Ccompress&amp;w=450&amp;h=338&amp;fit=original 450w, https:\/\/styla-prod-us.imgix.net\/2c561d41-74b0-4cc3-809d-2dea8ccd96d1\/41a0222c-1728-453d-b86b-187ced076a4a?auto=format%2Ccompress&amp;w=600&amp;h=450&amp;fit=original 600w, https:\/\/styla-prod-us.imgix.net\/2c561d41-74b0-4cc3-809d-2dea8ccd96d1\/41a0222c-1728-453d-b86b-187ced076a4a?auto=format%2Ccompress&amp;w=750&amp;h=563&amp;fit=original 750w, https:\/\/styla-prod-us.imgix.net\/2c561d41-74b0-4cc3-809d-2dea8ccd96d1\/41a0222c-1728-453d-b86b-187ced076a4a?auto=format%2Ccompress&amp;w=900&amp;h=675&amp;fit=original 900w, https:\/\/styla-prod-us.imgix.net\/2c561d41-74b0-4cc3-809d-2dea8ccd96d1\/41a0222c-1728-453d-b86b-187ced076a4a?auto=format%2Ccompress&amp;w=1080&amp;h=810&amp;fit=original 1080w, https:\/\/styla-prod-us.imgix.net\/2c561d41-74b0-4cc3-809d-2dea8ccd96d1\/41a0222c-1728-453d-b86b-187ced076a4a?auto=format%2Ccompress&amp;w=1280&amp;h=960&amp;fit=original 1280w, https:\/\/styla-prod-us.imgix.net\/2c561d41-74b0-4cc3-809d-2dea8ccd96d1\/41a0222c-1728-453d-b86b-187ced076a4a?auto=format%2Ccompress&amp;w=1440&amp;h=1080&amp;fit=original 1440w, https:\/\/styla-prod-us.imgix.net\/2c561d41-74b0-4cc3-809d-2dea8ccd96d1\/41a0222c-1728-453d-b86b-187ced076a4a?auto=format%2Ccompress&amp;w=1680&amp;h=1260&amp;fit=original 1680w, https:\/\/styla-prod-us.imgix.net\/2c561d41-74b0-4cc3-809d-2dea8ccd96d1\/41a0222c-1728-453d-b86b-187ced076a4a?auto=format%2Ccompress&amp;w=1920&amp;h=1440&amp;fit=original 1920w, https:\/\/styla-prod-us.imgix.net\/2c561d41-74b0-4cc3-809d-2dea8ccd96d1\/41a0222c-1728-453d-b86b-187ced076a4a?auto=format%2Ccompress&amp;w=2560&amp;h=1920&amp;fit=original 2560w, https:\/\/styla-prod-us.imgix.net\/2c561d41-74b0-4cc3-809d-2dea8ccd96d1\/41a0222c-1728-453d-b86b-187ced076a4a?auto=format%2Ccompress&amp;w=3840&amp;h=2880&amp;fit=original 3840w\" sizes=\"(max-width: 300px) 300px, (max-width: 450px) 450px, (max-width: 600px) 600px, (max-width: 750px) 750px, (max-width: 900px) 600px, (max-width: 1080px) 750px, (max-width: 1280px) 900px, (max-width: 1440px) 900px, (max-width: 1680px) 900px, (max-width: 1920px) 900px, (max-width: 2560px) 900px, (max-width: 3840px) 900px, 1280px\" \/><\/picture><\/figure>\n<\/div>\n<\/div>\n<\/div>\n<p>[\/et_pb_text][et_pb_text _builder_version=&#8220;4.17.3&#8243; _module_preset=&#8220;default&#8220; global_colors_info=&#8220;{}&#8220;]<\/p>\n<h2>ArtConnect Open Call Material Hybrids \u2013\u00a0 unsere Highlights<\/h2>\n<p>[\/et_pb_text][\/et_pb_column][\/et_pb_row][et_pb_row column_structure=&#8220;3_5,2_5&#8243; _builder_version=&#8220;4.17.3&#8243; _module_preset=&#8220;default&#8220; global_colors_info=&#8220;{}&#8220;][et_pb_column type=&#8220;3_5&#8243; _builder_version=&#8220;4.17.3&#8243; _module_preset=&#8220;default&#8220; global_colors_info=&#8220;{}&#8220;][et_pb_image src=&#8220;https:\/\/www.modulor.de\/magazin\/wp-content\/uploads\/2022\/09\/iris1-scaled.jpg&#8220; alt=&#8220;Modulor x ArtConnect Open Call: Eva Wang&#8220; title_text=&#8220;iris1&#8243; _builder_version=&#8220;4.17.3&#8243; _module_preset=&#8220;default&#8220; global_colors_info=&#8220;{}&#8220;][\/et_pb_image][\/et_pb_column][et_pb_column type=&#8220;2_5&#8243; _builder_version=&#8220;4.17.3&#8243; _module_preset=&#8220;default&#8220; global_colors_info=&#8220;{}&#8220;][et_pb_text _builder_version=&#8220;4.17.3&#8243; _module_preset=&#8220;default&#8220; hover_enabled=&#8220;0&#8243; global_colors_info=&#8220;{}&#8220; width=&#8220;96%&#8220; sticky_enabled=&#8220;0&#8243;]<\/p>\n<h2 class=\"TextModule__headline-h2___2SWCs\">I. Irresistible by Eva Wang,<\/h2>\n<h3 class=\"TextModule__headline-h3___MN46G\"><span>Glasgow School of Art<\/span><\/h3>\n<p class=\"TextModule__paragraph--noMargins___1Ekat\">Magnetismus als praktisch unwiderstehliche Kraft, die Gestalt der Iris als Sehnsucht, geformt aus Eisenpulver, das Licht als Anziehungskraft &#8211; diese Fotoserie zeigt den Prozess, wie die Iris durch Licht angezogen und gleichzeitig besch\u00e4digt wird.<\/p>\n<p>[\/et_pb_text][et_pb_button button_url=&#8220;https:\/\/www.artconnect.com\/art\/irresistible&#8220; url_new_window=&#8220;on&#8220; button_text=&#8220;Zum Projekt&#8220; _builder_version=&#8220;4.17.3&#8243; _module_preset=&#8220;default&#8220; button_text_size=&#8220;17px&#8220; button_text_color=&#8220;#474747&#8243; button_bg_color=&#8220;#FFFFFF&#8220; button_border_color=&#8220;#474747&#8243; global_colors_info=&#8220;{}&#8220;][\/et_pb_button][\/et_pb_column][\/et_pb_row][et_pb_row _builder_version=&#8220;4.17.3&#8243; _module_preset=&#8220;default&#8220; custom_padding=&#8220;||4px|||&#8220; global_colors_info=&#8220;{}&#8220;][et_pb_column type=&#8220;4_4&#8243; _builder_version=&#8220;4.17.3&#8243; _module_preset=&#8220;default&#8220; global_colors_info=&#8220;{}&#8220;][et_pb_text _builder_version=&#8220;4.17.3&#8243; _module_preset=&#8220;default&#8220; global_colors_info=&#8220;{}&#8220;]<\/p>\n<blockquote>\n<p style=\"text-align: left;\">\u201e<span>My photographs and object explore irresistible desire or impulse to get close to the attractive, forms that could hurt us emotionally.<\/span>\u201c\u00a0<\/p>\n<\/blockquote>\n<p>[\/et_pb_text][\/et_pb_column][\/et_pb_row][et_pb_row column_structure=&#8220;2_3,1_3&#8243; _builder_version=&#8220;4.17.3&#8243; _module_preset=&#8220;default&#8220; global_colors_info=&#8220;{}&#8220;][et_pb_column type=&#8220;2_3&#8243; _builder_version=&#8220;4.17.3&#8243; _module_preset=&#8220;default&#8220; global_colors_info=&#8220;{}&#8220;][et_pb_image src=&#8220;https:\/\/www.modulor.de\/magazin\/wp-content\/uploads\/2022\/09\/iris2.jpg&#8220; alt=&#8220;Modulor x ArtConnect Open Call: Eva Wang&#8220; title_text=&#8220;iris2&#8243; _builder_version=&#8220;4.17.3&#8243; _module_preset=&#8220;default&#8220; global_colors_info=&#8220;{}&#8220;][\/et_pb_image][\/et_pb_column][et_pb_column type=&#8220;1_3&#8243; _builder_version=&#8220;4.17.3&#8243; _module_preset=&#8220;default&#8220; global_colors_info=&#8220;{}&#8220;][et_pb_image src=&#8220;https:\/\/www.modulor.de\/magazin\/wp-content\/uploads\/2022\/09\/iris4.jpg&#8220; alt=&#8220;Modulor x ArtConnect Open Call: Eva Wang&#8220; title_text=&#8220;iris4&#8243; _builder_version=&#8220;4.17.3&#8243; _module_preset=&#8220;default&#8220; global_colors_info=&#8220;{}&#8220;][\/et_pb_image][\/et_pb_column][\/et_pb_row][et_pb_row _builder_version=&#8220;4.17.3&#8243; _module_preset=&#8220;default&#8220; global_colors_info=&#8220;{}&#8220; custom_padding=&#8220;||9px|||&#8220;][et_pb_column type=&#8220;4_4&#8243; _builder_version=&#8220;4.17.3&#8243; _module_preset=&#8220;default&#8220; global_colors_info=&#8220;{}&#8220;][et_pb_text _builder_version=&#8220;4.17.3&#8243; _module_preset=&#8220;default&#8220; global_colors_info=&#8220;{}&#8220;]<\/p>\n<h2 class=\"TextModule__headline-h2___2SWCs\">II. Carbon copy von Leila Wallisser,<\/h2>\n<h3 class=\"TextModule__headline-h3___MN46G\"><strong class=\"TextModule__bold___1ubC0\">Kunsthochschule Berlin Wei\u00dfensee<\/strong><\/h3>\n<p><strong class=\"TextModule__bold___1ubC0\">Wir pr\u00e4sentieren: unseren ersten Platz 2. Herzlichen Gl\u00fcckwunsch!<\/strong><\/p>\n<p>[\/et_pb_text][et_pb_text _builder_version=&#8220;4.17.3&#8243; _module_preset=&#8220;default&#8220; width=&#8220;96%&#8220; global_colors_info=&#8220;{}&#8220;]<\/p>\n<blockquote>\n<p style=\"text-align: left;\">\u201e<span>How can I add value to discarded resources?<\/span>\u201c<\/p>\n<\/blockquote>\n<p>[\/et_pb_text][\/et_pb_column][\/et_pb_row][et_pb_row column_structure=&#8220;1_2,1_2&#8243; _builder_version=&#8220;4.17.3&#8243; _module_preset=&#8220;default&#8220; global_colors_info=&#8220;{}&#8220;][et_pb_column type=&#8220;1_2&#8243; _builder_version=&#8220;4.17.3&#8243; _module_preset=&#8220;default&#8220; global_colors_info=&#8220;{}&#8220;][et_pb_text _builder_version=&#8220;4.17.3&#8243; _module_preset=&#8220;default&#8220; width=&#8220;96%&#8220; global_colors_info=&#8220;{}&#8220;]<\/p>\n<p class=\"TextModule__paragraph--noMargins___1Ekat\"><em class=\"TextModule__italic___5Ug1_\"><\/em><\/p>\n<p class=\"TextModule__paragraph--noMargins___1Ekat\"><em class=\"TextModule__italic___5Ug1_\">Wie kann ich den Wert weggeworfener Ressourcen erh\u00f6hen? <\/em>Die Materialstudien konzentrieren sich auf die Integration von nat\u00fcrlicher \u00c4sthetik in den vom Menschen verursachten Abfall. Die spielerische Kombination von \u00fcblichen Haushaltsprodukten und biologisch abbaubarem Harz soll den Betrachter dazu provozieren, den Wert unserer Ressourcen und die Folgen unserer Beziehung zur Natur zu hinterfragen.<\/p>\n<p>[\/et_pb_text][et_pb_button button_url=&#8220;https:\/\/www.artconnect.com\/art\/carbon-copy&#8220; url_new_window=&#8220;on&#8220; button_text=&#8220;Zum Projekt&#8220; _builder_version=&#8220;4.17.3&#8243; _module_preset=&#8220;default&#8220; button_text_size=&#8220;17px&#8220; button_text_color=&#8220;#474747&#8243; button_bg_color=&#8220;#FFFFFF&#8220; button_border_color=&#8220;#474747&#8243; global_colors_info=&#8220;{}&#8220;][\/et_pb_button][\/et_pb_column][et_pb_column type=&#8220;1_2&#8243; _builder_version=&#8220;4.17.3&#8243; _module_preset=&#8220;default&#8220; global_colors_info=&#8220;{}&#8220;][et_pb_image src=&#8220;https:\/\/www.modulor.de\/magazin\/wp-content\/uploads\/2022\/09\/carbon3.jpg&#8220; alt=&#8220;Modulor x ArtConnect Open Call: Leila Wallisser&#8220; title_text=&#8220;carbon3&#8243; _builder_version=&#8220;4.17.3&#8243; _module_preset=&#8220;default&#8220; hover_enabled=&#8220;0&#8243; global_colors_info=&#8220;{}&#8220; sticky_enabled=&#8220;0&#8243;][\/et_pb_image][\/et_pb_column][\/et_pb_row][et_pb_row column_structure=&#8220;3_5,2_5&#8243; _builder_version=&#8220;4.17.3&#8243; _module_preset=&#8220;default&#8220; global_colors_info=&#8220;{}&#8220;][et_pb_column type=&#8220;3_5&#8243; _builder_version=&#8220;4.17.3&#8243; _module_preset=&#8220;default&#8220; global_colors_info=&#8220;{}&#8220;][et_pb_image src=&#8220;https:\/\/www.modulor.de\/magazin\/wp-content\/uploads\/2022\/09\/carbon2.jpg&#8220; alt=&#8220;Modulor x ArtConnect Open Call: Leila Wallisser&#8220; title_text=&#8220;carbon2&#8243; _builder_version=&#8220;4.17.3&#8243; _module_preset=&#8220;default&#8220; global_colors_info=&#8220;{}&#8220;][\/et_pb_image][\/et_pb_column][et_pb_column type=&#8220;2_5&#8243; _builder_version=&#8220;4.17.3&#8243; _module_preset=&#8220;default&#8220; global_colors_info=&#8220;{}&#8220;][et_pb_image src=&#8220;https:\/\/www.modulor.de\/magazin\/wp-content\/uploads\/2022\/09\/carbon1.jpg&#8220; alt=&#8220;Modulor x ArtConnect Open Call: Leila Wallisser&#8220; title_text=&#8220;carbon1&#8243; _builder_version=&#8220;4.17.3&#8243; _module_preset=&#8220;default&#8220; global_colors_info=&#8220;{}&#8220;][\/et_pb_image][\/et_pb_column][\/et_pb_row][et_pb_row _builder_version=&#8220;4.17.3&#8243; _module_preset=&#8220;default&#8220; custom_padding=&#8220;||10px|||&#8220; global_colors_info=&#8220;{}&#8220;][et_pb_column type=&#8220;4_4&#8243; _builder_version=&#8220;4.17.3&#8243; _module_preset=&#8220;default&#8220; global_colors_info=&#8220;{}&#8220;][et_pb_text _builder_version=&#8220;4.17.3&#8243; _module_preset=&#8220;default&#8220; global_colors_info=&#8220;{}&#8220;]<\/p>\n<h2 class=\"TextModule__headline-h2___2SWCs\">III. The dancer and the butcher<br \/>von Abie Franklin,<\/h2>\n<h3 class=\"TextModule__headline-h3___MN46G\">Kunsthochschule Berlin Wei\u00dfensee<\/h3>\n<p class=\"TextModule__paragraph--noMargins___1Ekat\">\n<p class=\"TextModule__paragraph--noMargins___1Ekat\"><em class=\"TextModule__italic___5Ug1_\">Die Erforschung des Wesens von Fleisch und seiner unterschiedlichen sozialen und anthropologischen Bedeutung.<span>\u00a0<\/span><\/em>Ein gro\u00dfer Teil dieser Arbeit dreht sich um die Materialit\u00e4t. Die Arbeiten bestehen haupts\u00e4chlich aus gefundenen St\u00fccken menschlichen Abfalls (haupts\u00e4chlich Plastik und Gewebe) sowie Industriefilz. Das laufende Projekt wird durch den Befall von Fleisch mit Mikroplastik im Anthropoz\u00e4n und seine unbekannten Auswirkungen inspiriert.<\/p>\n<p>[\/et_pb_text][et_pb_text _builder_version=&#8220;4.17.3&#8243; _module_preset=&#8220;default&#8220; global_colors_info=&#8220;{}&#8220;]<\/p>\n<blockquote>\n<p style=\"text-align: left;\">\u201e<span>Dieses Werk erforscht die Kluft zwischen den begehrtesten Konsumobjekten und jenen, die als wertlos gelten.<\/span>\u201c<\/p>\n<\/blockquote>\n<p>[\/et_pb_text][\/et_pb_column][\/et_pb_row][et_pb_row column_structure=&#8220;1_3,2_3&#8243; _builder_version=&#8220;4.17.3&#8243; _module_preset=&#8220;default&#8220; global_colors_info=&#8220;{}&#8220;][et_pb_column type=&#8220;1_3&#8243; _builder_version=&#8220;4.17.3&#8243; _module_preset=&#8220;default&#8220; global_colors_info=&#8220;{}&#8220;][et_pb_image src=&#8220;https:\/\/www.modulor.de\/magazin\/wp-content\/uploads\/2022\/09\/butcher2.jpg&#8220; alt=&#8220;Modulor x ArtConnect Open Call: Abie Franklin&#8220; title_text=&#8220;butcher2&#8243; _builder_version=&#8220;4.17.3&#8243; _module_preset=&#8220;default&#8220; global_colors_info=&#8220;{}&#8220;][\/et_pb_image][\/et_pb_column][et_pb_column type=&#8220;2_3&#8243; _builder_version=&#8220;4.17.3&#8243; _module_preset=&#8220;default&#8220; global_colors_info=&#8220;{}&#8220;][et_pb_image src=&#8220;https:\/\/www.modulor.de\/magazin\/wp-content\/uploads\/2022\/09\/butcher1.jpg&#8220; alt=&#8220;Modulor x ArtConnect Open Call: Abie Franklin&#8220; title_text=&#8220;butcher1&#8243; _builder_version=&#8220;4.17.3&#8243; _module_preset=&#8220;default&#8220; global_colors_info=&#8220;{}&#8220;][\/et_pb_image][\/et_pb_column][\/et_pb_row][et_pb_row column_structure=&#8220;3_5,2_5&#8243; _builder_version=&#8220;4.17.3&#8243; _module_preset=&#8220;default&#8220; global_colors_info=&#8220;{}&#8220;][et_pb_column type=&#8220;3_5&#8243; _builder_version=&#8220;4.17.3&#8243; _module_preset=&#8220;default&#8220; global_colors_info=&#8220;{}&#8220;][et_pb_text _builder_version=&#8220;4.17.3&#8243; _module_preset=&#8220;default&#8220; width=&#8220;96%&#8220; global_colors_info=&#8220;{}&#8220;]<\/p>\n<h2 class=\"TextModule__headline-h2___2SWCs\">IV. Material hybrids<br \/>von Amalia Flarakou,<\/h2>\n<h3 class=\"TextModule__headline-h3___MN46G\">Royal College of Art, London<\/h3>\n<p><strong class=\"TextModule__bold___1ubC0\">Und noch eine Zweitplatzierte! Gratulation!<\/strong><\/p>\n<p class=\"TextModule__paragraph--noMargins___1Ekat\"><span>Ich versuche Allt\u00e4gliches wie M\u00fcll fotografisch einzufangen. Die Bilder werden dann auf den Vinylkleber gedruckt, der auf das Aluminium geklebt wird. Dadurch entsteht eine sehr glatte Oberfl\u00e4che, die Fotos auf dem Vinyl sind halbtransparent, und die reflektierende Oberfl\u00e4che des Aluminiums verst\u00e4rkt die Farben im Bild. In Kombination erscheinen alle Materialien als eine Form und werden zu einem Materialhybrid.<\/span><\/p>\n<p>[\/et_pb_text][\/et_pb_column][et_pb_column type=&#8220;2_5&#8243; _builder_version=&#8220;4.17.3&#8243; _module_preset=&#8220;default&#8220; global_colors_info=&#8220;{}&#8220;][et_pb_image src=&#8220;https:\/\/www.modulor.de\/magazin\/wp-content\/uploads\/2022\/09\/hybrids2-scaled-e1663163300543.jpg&#8220; alt=&#8220;Modulor x ArtConnect Open Call: Amalia Flarakou&#8220; title_text=&#8220;hybrids2&#8243; _builder_version=&#8220;4.17.3&#8243; _module_preset=&#8220;default&#8220; global_colors_info=&#8220;{}&#8220;][\/et_pb_image][\/et_pb_column][\/et_pb_row][et_pb_row column_structure=&#8220;3_5,2_5&#8243; _builder_version=&#8220;4.17.3&#8243; _module_preset=&#8220;default&#8220; global_colors_info=&#8220;{}&#8220;][et_pb_column type=&#8220;3_5&#8243; _builder_version=&#8220;4.17.3&#8243; _module_preset=&#8220;default&#8220; global_colors_info=&#8220;{}&#8220;][et_pb_image src=&#8220;https:\/\/www.modulor.de\/magazin\/wp-content\/uploads\/2022\/09\/hybrids3.jpg&#8220; alt=&#8220;Modulor x ArtConnect Open Call: Amalia Flarakou&#8220; title_text=&#8220;hybrids3&#8243; _builder_version=&#8220;4.17.3&#8243; _module_preset=&#8220;default&#8220; global_colors_info=&#8220;{}&#8220;][\/et_pb_image][\/et_pb_column][et_pb_column type=&#8220;2_5&#8243; _builder_version=&#8220;4.17.3&#8243; _module_preset=&#8220;default&#8220; global_colors_info=&#8220;{}&#8220;][et_pb_image src=&#8220;https:\/\/www.modulor.de\/magazin\/wp-content\/uploads\/2022\/09\/hybrids1.jpg&#8220; alt=&#8220;Modulor x ArtConnect Open Call: Amalia Flarakou&#8220; title_text=&#8220;hybrids1&#8243; _builder_version=&#8220;4.17.3&#8243; _module_preset=&#8220;default&#8220; global_colors_info=&#8220;{}&#8220;][\/et_pb_image][\/et_pb_column][\/et_pb_row][et_pb_row _builder_version=&#8220;4.17.3&#8243; _module_preset=&#8220;default&#8220; global_colors_info=&#8220;{}&#8220;][et_pb_column type=&#8220;4_4&#8243; _builder_version=&#8220;4.17.3&#8243; _module_preset=&#8220;default&#8220; global_colors_info=&#8220;{}&#8220;][et_pb_text _builder_version=&#8220;4.17.3&#8243; _module_preset=&#8220;default&#8220; global_colors_info=&#8220;{}&#8220;]<\/p>\n<blockquote>\n<p style=\"text-align: left;\">\u201e<span>Bei der Kreation von Materialhybriden geht es mir darum, aus zwei erkennbaren Materialien eine neue Form zu erzeugen, die in der Realit\u00e4t nicht ganz existiert. <\/span><span>Ich finde die Kombination von Aluminium und Kunststoff spannend, weil beides vertraute \u00c4sthetiken des allt\u00e4glichen, modernen Lebens sind.\u00a0<\/span>\u201c<\/p>\n<\/blockquote>\n<p>[\/et_pb_text][\/et_pb_column][\/et_pb_row][et_pb_row _builder_version=&#8220;4.17.3&#8243; _module_preset=&#8220;default&#8220; global_colors_info=&#8220;{}&#8220;][et_pb_column type=&#8220;4_4&#8243; _builder_version=&#8220;4.17.3&#8243; _module_preset=&#8220;default&#8220; global_colors_info=&#8220;{}&#8220;][et_pb_text _builder_version=&#8220;4.17.3&#8243; _module_preset=&#8220;default&#8220; global_colors_info=&#8220;{}&#8220;]<\/p>\n<h2 class=\"TextModule__headline-h2___2SWCs\">V. Polariser von Rory Malone,<\/h2>\n<h3 class=\"TextModule__headline-h3___MN46G\">IADT Dublin<\/h3>\n<p>[\/et_pb_text][et_pb_text _builder_version=&#8220;4.17.3&#8243; _module_preset=&#8220;default&#8220; global_colors_info=&#8220;{}&#8220;]<\/p>\n<blockquote>\n<p style=\"text-align: left;\">\u201e<span>Polariser ist eine Videoarbeit, die das Unsichtbare und Sichtbare erforscht.\u00a0<\/span>\u201c<\/p>\n<\/blockquote>\n<p>[\/et_pb_text][et_pb_text _builder_version=&#8220;4.17.3&#8243; _module_preset=&#8220;default&#8220; global_colors_info=&#8220;{}&#8220;]<\/p>\n<p class=\"TextModule__headline-h2___2SWCs\"><span>Diese Arbeit entstand w\u00e4hrend dem ersten COVID-19-Lockdown, als ich keinen Zugang zu den Atelierr\u00e4umen hatte. Ich habe zwei alte Computer auseinandergerissen, um diesen Effekt zum Laufen zu bringen. Diese Arbeit untersucht gefundenes Material auf eine Art transformative Weise. Die Materialien, die ich daf\u00fcr verwendet habe, waren eine Plastikt\u00fcte und zwei alte Computer.<\/span><\/p>\n<p>[\/et_pb_text][et_pb_button button_url=&#8220;https:\/\/www.artconnect.com\/art\/polariser&#8220; url_new_window=&#8220;on&#8220; button_text=&#8220;Zum Projekt&#8220; button_alignment=&#8220;center&#8220; _builder_version=&#8220;4.17.3&#8243; _module_preset=&#8220;default&#8220; button_text_size=&#8220;17px&#8220; button_text_color=&#8220;#474747&#8243; button_bg_color=&#8220;#FFFFFF&#8220; button_border_color=&#8220;#474747&#8243; global_colors_info=&#8220;{}&#8220;][\/et_pb_button][\/et_pb_column][\/et_pb_row][et_pb_row column_structure=&#8220;1_4,1_2,1_4&#8243; _builder_version=&#8220;4.17.3&#8243; _module_preset=&#8220;default&#8220; global_colors_info=&#8220;{}&#8220; custom_padding=&#8220;||0px|||&#8220; custom_margin=&#8220;|auto|59px|auto||&#8220;][et_pb_column type=&#8220;1_4&#8243; _builder_version=&#8220;4.17.3&#8243; _module_preset=&#8220;default&#8220; global_colors_info=&#8220;{}&#8220;][et_pb_video src=&#8220;https:\/\/vimeo.com\/402197737&#8243; _builder_version=&#8220;4.17.3&#8243; _module_preset=&#8220;default&#8220; custom_padding=&#8220;0px|||||&#8220; hover_enabled=&#8220;0&#8243; global_colors_info=&#8220;{}&#8220; sticky_enabled=&#8220;0&#8243;][\/et_pb_video][\/et_pb_column][et_pb_column type=&#8220;1_2&#8243; _builder_version=&#8220;4.17.3&#8243; _module_preset=&#8220;default&#8220; global_colors_info=&#8220;{}&#8220;][et_pb_image src=&#8220;https:\/\/www.modulor.de\/magazin\/wp-content\/uploads\/2022\/09\/Polariser2.png&#8220; alt=&#8220;Modulor x ArtConnect Open Call: Rory Malone&#8220; title_text=&#8220;Polariser2&#8243; _builder_version=&#8220;4.17.3&#8243; _module_preset=&#8220;default&#8220; custom_padding=&#8220;|28px||||&#8220; global_colors_info=&#8220;{}&#8220;][\/et_pb_image][\/et_pb_column][et_pb_column type=&#8220;1_4&#8243; _builder_version=&#8220;4.17.3&#8243; _module_preset=&#8220;default&#8220; global_colors_info=&#8220;{}&#8220;][et_pb_image src=&#8220;https:\/\/www.modulor.de\/magazin\/wp-content\/uploads\/2022\/09\/Polariser1-scaled.jpg&#8220; alt=&#8220;Modulor x ArtConnect Open Call: Rory Malone&#8220; title_text=&#8220;Polariser1&#8243; _builder_version=&#8220;4.17.3&#8243; _module_preset=&#8220;default&#8220; global_colors_info=&#8220;{}&#8220;][\/et_pb_image][\/et_pb_column][\/et_pb_row][et_pb_row column_structure=&#8220;1_2,1_2&#8243; _builder_version=&#8220;4.17.3&#8243; _module_preset=&#8220;default&#8220; global_colors_info=&#8220;{}&#8220;][et_pb_column type=&#8220;1_2&#8243; _builder_version=&#8220;4.17.3&#8243; _module_preset=&#8220;default&#8220; global_colors_info=&#8220;{}&#8220;][et_pb_text _builder_version=&#8220;4.17.3&#8243; _module_preset=&#8220;default&#8220; width=&#8220;96%&#8220; global_colors_info=&#8220;{}&#8220;]<\/p>\n<h2 class=\"TextModule__headline-h2___2SWCs\">VI. Fail play von Izabela Adamczyk,<\/h2>\n<h3 class=\"TextModule__headline-h3___MN46G\"><span>University of Arts Poznan<\/span><\/h3>\n<p class=\"TextModule__paragraph--noMargins___1Ekat\">\n<p class=\"TextModule__paragraph--noMargins___1Ekat\">\n<p class=\"TextModule__paragraph--noMargins___1Ekat\">Die Arbeit &#8222;Fail play&#8220; besch\u00e4ftigt sich mit Feminit\u00e4t im Sport. Ich nutze das Thema Sport, um die Idee von Gleichheit zu untergraben. Ebenso interessiert mich der Einfluss des modernen Sports auf moderne Frauenbilder.<\/p>\n<p class=\"TextModule__paragraph--noMargins___1Ekat\">Indem ich abwechselnd in die Biologie und die Kultur dieser Welt eintauche, lege ich die komplexe Geschichte, Strukturen und Ziele von Frauen im Sport dar.<\/p>\n<p class=\"TextModule__paragraph--noMargins___1Ekat\">[\/et_pb_text][et_pb_text _builder_version=&#8220;4.17.3&#8243; _module_preset=&#8220;default&#8220; width=&#8220;96%&#8220; global_colors_info=&#8220;{}&#8220;]<\/p>\n<blockquote>\n<p style=\"text-align: left;\">\u201e<span>Based on medical knowledge in the field of sport physiology, Iprove that sport is not entirely neutral and democratic.<\/span>\u201c<\/p>\n<\/blockquote>\n<p>[\/et_pb_text][\/et_pb_column][et_pb_column type=&#8220;1_2&#8243; _builder_version=&#8220;4.17.3&#8243; _module_preset=&#8220;default&#8220; global_colors_info=&#8220;{}&#8220;][et_pb_image src=&#8220;https:\/\/www.modulor.de\/magazin\/wp-content\/uploads\/2022\/09\/failplay1.jpg&#8220; alt=&#8220;Modulor x ArtConnect Open Call: Izabela Adamczyk&#8220; title_text=&#8220;Modulor x ArtConnect Open Call: Izabela Adamczyk&#8220; _builder_version=&#8220;4.17.3&#8243; _module_preset=&#8220;default&#8220; global_colors_info=&#8220;{}&#8220;][\/et_pb_image][et_pb_text _builder_version=&#8220;4.17.3&#8243; _module_preset=&#8220;default&#8220; text_font_size=&#8220;18px&#8220; text_font_size_tablet=&#8220;16px&#8220; text_font_size_phone=&#8220;&#8220; text_font_size_last_edited=&#8220;on|tablet&#8220; global_colors_info=&#8220;{}&#8220;]<\/p>\n<p><span>Skulptur eines Hormonmolek\u00fcls<\/span><\/p>\n<p>[\/et_pb_text][\/et_pb_column][\/et_pb_row][et_pb_row column_structure=&#8220;3_5,2_5&#8243; _builder_version=&#8220;4.17.3&#8243; _module_preset=&#8220;default&#8220; global_colors_info=&#8220;{}&#8220;][et_pb_column type=&#8220;3_5&#8243; _builder_version=&#8220;4.17.3&#8243; _module_preset=&#8220;default&#8220; global_colors_info=&#8220;{}&#8220;][et_pb_image src=&#8220;https:\/\/www.modulor.de\/magazin\/wp-content\/uploads\/2022\/09\/failplay2.jpg&#8220; alt=&#8220;Modulor x ArtConnect Open Call: Izabela Adamczyk&#8220; title_text=&#8220;Modulor x ArtConnect Open Call: Izabela Adamczyk&#8220; _builder_version=&#8220;4.17.3&#8243; _module_preset=&#8220;default&#8220; global_colors_info=&#8220;{}&#8220;][\/et_pb_image][\/et_pb_column][et_pb_column type=&#8220;2_5&#8243; _builder_version=&#8220;4.17.3&#8243; _module_preset=&#8220;default&#8220; global_colors_info=&#8220;{}&#8220;][et_pb_image src=&#8220;https:\/\/www.modulor.de\/magazin\/wp-content\/uploads\/2022\/09\/failplay3.jpg&#8220; alt=&#8220;Modulor x ArtConnect Open Call: Izabela Adamczyk&#8220; title_text=&#8220;Modulor x ArtConnect Open Call: Izabela Adamczyk&#8220; _builder_version=&#8220;4.17.3&#8243; _module_preset=&#8220;default&#8220; global_colors_info=&#8220;{}&#8220;][\/et_pb_image][\/et_pb_column][\/et_pb_row][et_pb_row _builder_version=&#8220;4.17.3&#8243; _module_preset=&#8220;default&#8220; global_colors_info=&#8220;{}&#8220;][et_pb_column type=&#8220;4_4&#8243; _builder_version=&#8220;4.17.3&#8243; _module_preset=&#8220;default&#8220; global_colors_info=&#8220;{}&#8220;][et_pb_text _builder_version=&#8220;4.17.3&#8243; _module_preset=&#8220;default&#8220; global_colors_info=&#8220;{}&#8220;]<\/p>\n<h2 class=\"TextModule__headline-h2___2SWCs\">VII. Finding the value in daily life objects<br \/>von Damla Ruzgar,<\/h2>\n<h3 class=\"TextModule__headline-h3___MN46G\"><span>K\u00f6ln International School of Design \/ TH K\u00f6ln<\/span><\/h3>\n<p class=\"TextModule__paragraph--noMargins___1Ekat\">\n<p class=\"TextModule__paragraph--noMargins___1Ekat\">Wie w\u00e4re es, wenn wir die Dinge, die Gegenst\u00e4nde des t\u00e4glichen Lebens sind, aus der Perspektive der Kunst betrachten w\u00fcrden? Kann Kunst unbedeutende Dinge wertvoll machen? K\u00f6nnen wir die Materialien wertsch\u00e4tzen, ohne mit ihnen zu spielen?\u00a0<\/p>\n<p>[\/et_pb_text][et_pb_button button_url=&#8220;https:\/\/www.artconnect.com\/art\/finding-the-value-in-daily-life-objects&#8220; url_new_window=&#8220;on&#8220; button_text=&#8220;Zum Projekt&#8220; button_alignment=&#8220;center&#8220; _builder_version=&#8220;4.17.3&#8243; _module_preset=&#8220;default&#8220; button_text_size=&#8220;17px&#8220; button_text_color=&#8220;#474747&#8243; button_bg_color=&#8220;#FFFFFF&#8220; button_border_color=&#8220;#474747&#8243; hover_enabled=&#8220;0&#8243; global_colors_info=&#8220;{}&#8220; sticky_enabled=&#8220;0&#8243;][\/et_pb_button][\/et_pb_column][\/et_pb_row][et_pb_row column_structure=&#8220;1_3,1_3,1_3&#8243; _builder_version=&#8220;4.17.3&#8243; _module_preset=&#8220;default&#8220; global_colors_info=&#8220;{}&#8220;][et_pb_column type=&#8220;1_3&#8243; _builder_version=&#8220;4.17.3&#8243; _module_preset=&#8220;default&#8220; global_colors_info=&#8220;{}&#8220;][et_pb_image src=&#8220;https:\/\/www.modulor.de\/magazin\/wp-content\/uploads\/2022\/09\/dailyobjects3.jpg&#8220; alt=&#8220;Modulor x ArtConnect Open Call: Damla Ruzgar&#8220; title_text=&#8220;Modulor x ArtConnect Open Call: Damla Ruzgar&#8220; _builder_version=&#8220;4.17.3&#8243; _module_preset=&#8220;default&#8220; global_colors_info=&#8220;{}&#8220;][\/et_pb_image][\/et_pb_column][et_pb_column type=&#8220;1_3&#8243; _builder_version=&#8220;4.17.3&#8243; _module_preset=&#8220;default&#8220; global_colors_info=&#8220;{}&#8220;][et_pb_image src=&#8220;https:\/\/www.modulor.de\/magazin\/wp-content\/uploads\/2022\/09\/dailyobjects2.jpg&#8220; alt=&#8220;Modulor x ArtConnect Open Call: Damla Ruzgar&#8220; title_text=&#8220;Modulor x ArtConnect Open Call: Damla Ruzgar&#8220; _builder_version=&#8220;4.17.3&#8243; _module_preset=&#8220;default&#8220; global_colors_info=&#8220;{}&#8220;][\/et_pb_image][\/et_pb_column][et_pb_column type=&#8220;1_3&#8243; _builder_version=&#8220;4.17.3&#8243; _module_preset=&#8220;default&#8220; global_colors_info=&#8220;{}&#8220;][et_pb_image src=&#8220;https:\/\/www.modulor.de\/magazin\/wp-content\/uploads\/2022\/09\/dailyobjects4.jpg&#8220; alt=&#8220;Modulor x ArtConnect Open Call: Damla Ruzgar&#8220; title_text=&#8220;Modulor x ArtConnect Open Call: Damla Ruzgar&#8220; _builder_version=&#8220;4.17.3&#8243; _module_preset=&#8220;default&#8220; global_colors_info=&#8220;{}&#8220;][\/et_pb_image][\/et_pb_column][\/et_pb_row][et_pb_row _builder_version=&#8220;4.17.3&#8243; _module_preset=&#8220;default&#8220; global_colors_info=&#8220;{}&#8220;][et_pb_column type=&#8220;4_4&#8243; _builder_version=&#8220;4.17.3&#8243; _module_preset=&#8220;default&#8220; global_colors_info=&#8220;{}&#8220;][et_pb_text _builder_version=&#8220;4.17.3&#8243; _module_preset=&#8220;default&#8220; global_colors_info=&#8220;{}&#8220;]<\/p>\n<p class=\"TextModule__paragraph--noMargins___1Ekat\">Ein Dickes Danke an ArtConnect und an all die K\u00fcnstler*innen f\u00fcr die vielen grandiosen Einsendungen!\ud83d\ude4f<\/p>\n<p>[\/et_pb_text][\/et_pb_column][\/et_pb_row][\/et_pb_section]<\/p>\n","protected":false},"excerpt":{"rendered":"<p>Vielleicht hast Du mitbekommen, dass wir vor einigen Wochen gemeinsam mit dem\u00a0Kunstnetzwerk ArtConnect\u00a0einen Aufruf gestartet haben. Und zwar haben wir dabei Student*innen aufgefordert,\u00a0Projekte zum Thema\u00a0\u201eMaterial Hybrids\u201c\u00a0einzureichen. Digital oder analog, war dabei egal. Wichtig war uns, dass die Arbeiten mindestens zwei Materialien in Kombination oder Gegen\u00fcberstellung zeigen.Die Top 3 unseres Open Calls wurden bereits\u00a0im November gek\u00fcrt. [&hellip;]<\/p>\n","protected":false},"author":2,"featured_media":2597,"comment_status":"closed","ping_status":"closed","sticky":false,"template":"","format":"standard","meta":{"_et_pb_use_builder":"on","_et_pb_old_content":"","_et_gb_content_width":"1178","footnotes":""},"categories":[8],"tags":[94,97,95,96],"yoast_head":"<!-- This site is optimized with the Yoast SEO plugin v19.14 - https:\/\/yoast.com\/wordpress\/plugins\/seo\/ -->\n<title>Modulor x ArtConnect Open Call: Unsere Highlights | Modulor<\/title>\n<meta name=\"description\" content=\"Modulor x ArtConnect Open Call zum Thema Material Hybrids. Wir stellen euch hier einige unserer Highlights aus den Einreichungen vor\ud83d\udca5\" \/>\n<meta name=\"robots\" content=\"index, follow, max-snippet:-1, max-image-preview:large, max-video-preview:-1\" \/>\n<link rel=\"canonical\" href=\"https:\/\/www.modulor.de\/magazin\/kreativitaet-inspiration\/modulor-x-artconnect-open-call-highlights\/\" \/>\n<meta property=\"og:locale\" content=\"de_DE\" \/>\n<meta property=\"og:type\" content=\"article\" \/>\n<meta property=\"og:title\" content=\"Modulor x ArtConnect Open Call: Unsere Highlights | Modulor\" \/>\n<meta property=\"og:description\" content=\"Modulor x ArtConnect Open Call zum Thema Material Hybrids. Wir stellen euch hier einige unserer Highlights aus den Einreichungen vor\ud83d\udca5\" \/>\n<meta property=\"og:url\" content=\"https:\/\/www.modulor.de\/magazin\/kreativitaet-inspiration\/modulor-x-artconnect-open-call-highlights\/\" \/>\n<meta property=\"og:site_name\" content=\"Modulor\" \/>\n<meta property=\"article:publisher\" content=\"https:\/\/de-de.facebook.com\/modulor.de\/\" \/>\n<meta property=\"article:published_time\" content=\"2020-12-15T15:01:00+00:00\" \/>\n<meta property=\"article:modified_time\" content=\"2022-11-22T13:32:20+00:00\" \/>\n<meta property=\"og:image\" content=\"https:\/\/www.modulor.de\/magazin\/wp-content\/uploads\/2022\/09\/carbon-header-scaled-e1663164430907.jpg\" \/>\n\t<meta property=\"og:image:width\" content=\"2560\" \/>\n\t<meta property=\"og:image:height\" content=\"1523\" \/>\n\t<meta property=\"og:image:type\" content=\"image\/jpeg\" \/>\n<meta name=\"author\" content=\"Pia\" \/>\n<meta name=\"twitter:card\" content=\"summary_large_image\" \/>\n<meta name=\"twitter:label1\" content=\"Verfasst von\" \/>\n\t<meta name=\"twitter:data1\" content=\"Pia\" \/>\n\t<meta name=\"twitter:label2\" content=\"Gesch\u00e4tzte Lesezeit\" \/>\n\t<meta name=\"twitter:data2\" content=\"8 Minuten\" \/>\n<script type=\"application\/ld+json\" class=\"yoast-schema-graph\">{\"@context\":\"https:\/\/schema.org\",\"@graph\":[{\"@type\":\"Article\",\"@id\":\"https:\/\/www.modulor.de\/magazin\/kreativitaet-inspiration\/modulor-x-artconnect-open-call-highlights\/#article\",\"isPartOf\":{\"@id\":\"https:\/\/www.modulor.de\/magazin\/kreativitaet-inspiration\/modulor-x-artconnect-open-call-highlights\/\"},\"author\":{\"name\":\"Pia\",\"@id\":\"https:\/\/www.modulor.de\/magazin\/#\/schema\/person\/0ea0327a81ae97125b637043198dbef5\"},\"headline\":\"Modulor x ArtConnect Open Call: Unsere Highlights\",\"datePublished\":\"2020-12-15T15:01:00+00:00\",\"dateModified\":\"2022-11-22T13:32:20+00:00\",\"mainEntityOfPage\":{\"@id\":\"https:\/\/www.modulor.de\/magazin\/kreativitaet-inspiration\/modulor-x-artconnect-open-call-highlights\/\"},\"wordCount\":2843,\"publisher\":{\"@id\":\"https:\/\/www.modulor.de\/magazin\/#organization\"},\"keywords\":[\"Artconnect\",\"Kunst\",\"Modulor Open Call\",\"Open Call\"],\"articleSection\":[\"Kreativit\u00e4t + Inspiration\"],\"inLanguage\":\"de-DE\"},{\"@type\":\"WebPage\",\"@id\":\"https:\/\/www.modulor.de\/magazin\/kreativitaet-inspiration\/modulor-x-artconnect-open-call-highlights\/\",\"url\":\"https:\/\/www.modulor.de\/magazin\/kreativitaet-inspiration\/modulor-x-artconnect-open-call-highlights\/\",\"name\":\"Modulor x ArtConnect Open Call: Unsere Highlights | Modulor\",\"isPartOf\":{\"@id\":\"https:\/\/www.modulor.de\/magazin\/#website\"},\"datePublished\":\"2020-12-15T15:01:00+00:00\",\"dateModified\":\"2022-11-22T13:32:20+00:00\",\"description\":\"Modulor x ArtConnect Open Call zum Thema Material Hybrids. Wir stellen euch hier einige unserer Highlights aus den Einreichungen vor\ud83d\udca5\",\"breadcrumb\":{\"@id\":\"https:\/\/www.modulor.de\/magazin\/kreativitaet-inspiration\/modulor-x-artconnect-open-call-highlights\/#breadcrumb\"},\"inLanguage\":\"de-DE\",\"potentialAction\":[{\"@type\":\"ReadAction\",\"target\":[\"https:\/\/www.modulor.de\/magazin\/kreativitaet-inspiration\/modulor-x-artconnect-open-call-highlights\/\"]}]},{\"@type\":\"BreadcrumbList\",\"@id\":\"https:\/\/www.modulor.de\/magazin\/kreativitaet-inspiration\/modulor-x-artconnect-open-call-highlights\/#breadcrumb\",\"itemListElement\":[{\"@type\":\"ListItem\",\"position\":1,\"name\":\"Startseite\",\"item\":\"https:\/\/www.modulor.de\/magazin\/\"},{\"@type\":\"ListItem\",\"position\":2,\"name\":\"Modulor x ArtConnect Open Call: Unsere Highlights\"}]},{\"@type\":\"WebSite\",\"@id\":\"https:\/\/www.modulor.de\/magazin\/#website\",\"url\":\"https:\/\/www.modulor.de\/magazin\/\",\"name\":\"Modulor\",\"description\":\"Allerhand Inspiration und Wissen rund um Modulor Material, M\u00f6bel, DIY-Projekte und ein Blick hinter die Modulor Kulissen.\",\"publisher\":{\"@id\":\"https:\/\/www.modulor.de\/magazin\/#organization\"},\"potentialAction\":[{\"@type\":\"SearchAction\",\"target\":{\"@type\":\"EntryPoint\",\"urlTemplate\":\"https:\/\/www.modulor.de\/magazin\/?s={search_term_string}\"},\"query-input\":\"required name=search_term_string\"}],\"inLanguage\":\"de-DE\"},{\"@type\":\"Organization\",\"@id\":\"https:\/\/www.modulor.de\/magazin\/#organization\",\"name\":\"Modulor\",\"url\":\"https:\/\/www.modulor.de\/magazin\/\",\"logo\":{\"@type\":\"ImageObject\",\"inLanguage\":\"de-DE\",\"@id\":\"https:\/\/www.modulor.de\/magazin\/#\/schema\/logo\/image\/\",\"url\":\"https:\/\/www.modulor.de\/magazin\/wp-content\/uploads\/2022\/10\/Modulor_Logo_rot_HG-transparent_1200-Px-B.png\",\"contentUrl\":\"https:\/\/www.modulor.de\/magazin\/wp-content\/uploads\/2022\/10\/Modulor_Logo_rot_HG-transparent_1200-Px-B.png\",\"width\":1200,\"height\":360,\"caption\":\"Modulor\"},\"image\":{\"@id\":\"https:\/\/www.modulor.de\/magazin\/#\/schema\/logo\/image\/\"},\"sameAs\":[\"https:\/\/www.instagram.com\/modulorberlin\/?hl=de\",\"https:\/\/www.pinterest.de\/modulor_de\/\",\"https:\/\/de-de.facebook.com\/modulor.de\/\"]},{\"@type\":\"Person\",\"@id\":\"https:\/\/www.modulor.de\/magazin\/#\/schema\/person\/0ea0327a81ae97125b637043198dbef5\",\"name\":\"Pia\",\"image\":{\"@type\":\"ImageObject\",\"inLanguage\":\"de-DE\",\"@id\":\"https:\/\/www.modulor.de\/magazin\/#\/schema\/person\/image\/\",\"url\":\"https:\/\/secure.gravatar.com\/avatar\/35c8dce050ed2945fe42600c6443d029?s=96&d=mm&r=g\",\"contentUrl\":\"https:\/\/secure.gravatar.com\/avatar\/35c8dce050ed2945fe42600c6443d029?s=96&d=mm&r=g\",\"caption\":\"Pia\"},\"url\":\"https:\/\/www.modulor.de\/magazin\/author\/pia-birkmodulor-de\/\"}]}<\/script>\n<!-- \/ Yoast SEO plugin. -->","yoast_head_json":{"title":"Modulor x ArtConnect Open Call: Unsere Highlights | Modulor","description":"Modulor x ArtConnect Open Call zum Thema Material Hybrids. Wir stellen euch hier einige unserer Highlights aus den Einreichungen vor\ud83d\udca5","robots":{"index":"index","follow":"follow","max-snippet":"max-snippet:-1","max-image-preview":"max-image-preview:large","max-video-preview":"max-video-preview:-1"},"canonical":"https:\/\/www.modulor.de\/magazin\/kreativitaet-inspiration\/modulor-x-artconnect-open-call-highlights\/","og_locale":"de_DE","og_type":"article","og_title":"Modulor x ArtConnect Open Call: Unsere Highlights | Modulor","og_description":"Modulor x ArtConnect Open Call zum Thema Material Hybrids. Wir stellen euch hier einige unserer Highlights aus den Einreichungen vor\ud83d\udca5","og_url":"https:\/\/www.modulor.de\/magazin\/kreativitaet-inspiration\/modulor-x-artconnect-open-call-highlights\/","og_site_name":"Modulor","article_publisher":"https:\/\/de-de.facebook.com\/modulor.de\/","article_published_time":"2020-12-15T15:01:00+00:00","article_modified_time":"2022-11-22T13:32:20+00:00","og_image":[{"width":2560,"height":1523,"url":"https:\/\/www.modulor.de\/magazin\/wp-content\/uploads\/2022\/09\/carbon-header-scaled-e1663164430907.jpg","type":"image\/jpeg"}],"author":"Pia","twitter_card":"summary_large_image","twitter_misc":{"Verfasst von":"Pia","Gesch\u00e4tzte Lesezeit":"8 Minuten"},"schema":{"@context":"https:\/\/schema.org","@graph":[{"@type":"Article","@id":"https:\/\/www.modulor.de\/magazin\/kreativitaet-inspiration\/modulor-x-artconnect-open-call-highlights\/#article","isPartOf":{"@id":"https:\/\/www.modulor.de\/magazin\/kreativitaet-inspiration\/modulor-x-artconnect-open-call-highlights\/"},"author":{"name":"Pia","@id":"https:\/\/www.modulor.de\/magazin\/#\/schema\/person\/0ea0327a81ae97125b637043198dbef5"},"headline":"Modulor x ArtConnect Open Call: Unsere Highlights","datePublished":"2020-12-15T15:01:00+00:00","dateModified":"2022-11-22T13:32:20+00:00","mainEntityOfPage":{"@id":"https:\/\/www.modulor.de\/magazin\/kreativitaet-inspiration\/modulor-x-artconnect-open-call-highlights\/"},"wordCount":2843,"publisher":{"@id":"https:\/\/www.modulor.de\/magazin\/#organization"},"keywords":["Artconnect","Kunst","Modulor Open Call","Open Call"],"articleSection":["Kreativit\u00e4t + Inspiration"],"inLanguage":"de-DE"},{"@type":"WebPage","@id":"https:\/\/www.modulor.de\/magazin\/kreativitaet-inspiration\/modulor-x-artconnect-open-call-highlights\/","url":"https:\/\/www.modulor.de\/magazin\/kreativitaet-inspiration\/modulor-x-artconnect-open-call-highlights\/","name":"Modulor x ArtConnect Open Call: Unsere Highlights | Modulor","isPartOf":{"@id":"https:\/\/www.modulor.de\/magazin\/#website"},"datePublished":"2020-12-15T15:01:00+00:00","dateModified":"2022-11-22T13:32:20+00:00","description":"Modulor x ArtConnect Open Call zum Thema Material Hybrids. Wir stellen euch hier einige unserer Highlights aus den Einreichungen vor\ud83d\udca5","breadcrumb":{"@id":"https:\/\/www.modulor.de\/magazin\/kreativitaet-inspiration\/modulor-x-artconnect-open-call-highlights\/#breadcrumb"},"inLanguage":"de-DE","potentialAction":[{"@type":"ReadAction","target":["https:\/\/www.modulor.de\/magazin\/kreativitaet-inspiration\/modulor-x-artconnect-open-call-highlights\/"]}]},{"@type":"BreadcrumbList","@id":"https:\/\/www.modulor.de\/magazin\/kreativitaet-inspiration\/modulor-x-artconnect-open-call-highlights\/#breadcrumb","itemListElement":[{"@type":"ListItem","position":1,"name":"Startseite","item":"https:\/\/www.modulor.de\/magazin\/"},{"@type":"ListItem","position":2,"name":"Modulor x ArtConnect Open Call: Unsere Highlights"}]},{"@type":"WebSite","@id":"https:\/\/www.modulor.de\/magazin\/#website","url":"https:\/\/www.modulor.de\/magazin\/","name":"Modulor","description":"Allerhand Inspiration und Wissen rund um Modulor Material, M\u00f6bel, DIY-Projekte und ein Blick hinter die Modulor Kulissen.","publisher":{"@id":"https:\/\/www.modulor.de\/magazin\/#organization"},"potentialAction":[{"@type":"SearchAction","target":{"@type":"EntryPoint","urlTemplate":"https:\/\/www.modulor.de\/magazin\/?s={search_term_string}"},"query-input":"required name=search_term_string"}],"inLanguage":"de-DE"},{"@type":"Organization","@id":"https:\/\/www.modulor.de\/magazin\/#organization","name":"Modulor","url":"https:\/\/www.modulor.de\/magazin\/","logo":{"@type":"ImageObject","inLanguage":"de-DE","@id":"https:\/\/www.modulor.de\/magazin\/#\/schema\/logo\/image\/","url":"https:\/\/www.modulor.de\/magazin\/wp-content\/uploads\/2022\/10\/Modulor_Logo_rot_HG-transparent_1200-Px-B.png","contentUrl":"https:\/\/www.modulor.de\/magazin\/wp-content\/uploads\/2022\/10\/Modulor_Logo_rot_HG-transparent_1200-Px-B.png","width":1200,"height":360,"caption":"Modulor"},"image":{"@id":"https:\/\/www.modulor.de\/magazin\/#\/schema\/logo\/image\/"},"sameAs":["https:\/\/www.instagram.com\/modulorberlin\/?hl=de","https:\/\/www.pinterest.de\/modulor_de\/","https:\/\/de-de.facebook.com\/modulor.de\/"]},{"@type":"Person","@id":"https:\/\/www.modulor.de\/magazin\/#\/schema\/person\/0ea0327a81ae97125b637043198dbef5","name":"Pia","image":{"@type":"ImageObject","inLanguage":"de-DE","@id":"https:\/\/www.modulor.de\/magazin\/#\/schema\/person\/image\/","url":"https:\/\/secure.gravatar.com\/avatar\/35c8dce050ed2945fe42600c6443d029?s=96&d=mm&r=g","contentUrl":"https:\/\/secure.gravatar.com\/avatar\/35c8dce050ed2945fe42600c6443d029?s=96&d=mm&r=g","caption":"Pia"},"url":"https:\/\/www.modulor.de\/magazin\/author\/pia-birkmodulor-de\/"}]}},"_links":{"self":[{"href":"https:\/\/www.modulor.de\/magazin\/wp-json\/wp\/v2\/posts\/2595"}],"collection":[{"href":"https:\/\/www.modulor.de\/magazin\/wp-json\/wp\/v2\/posts"}],"about":[{"href":"https:\/\/www.modulor.de\/magazin\/wp-json\/wp\/v2\/types\/post"}],"author":[{"embeddable":true,"href":"https:\/\/www.modulor.de\/magazin\/wp-json\/wp\/v2\/users\/2"}],"replies":[{"embeddable":true,"href":"https:\/\/www.modulor.de\/magazin\/wp-json\/wp\/v2\/comments?post=2595"}],"version-history":[{"count":0,"href":"https:\/\/www.modulor.de\/magazin\/wp-json\/wp\/v2\/posts\/2595\/revisions"}],"wp:featuredmedia":[{"embeddable":true,"href":"https:\/\/www.modulor.de\/magazin\/wp-json\/wp\/v2\/media\/2597"}],"wp:attachment":[{"href":"https:\/\/www.modulor.de\/magazin\/wp-json\/wp\/v2\/media?parent=2595"}],"wp:term":[{"taxonomy":"category","embeddable":true,"href":"https:\/\/www.modulor.de\/magazin\/wp-json\/wp\/v2\/categories?post=2595"},{"taxonomy":"post_tag","embeddable":true,"href":"https:\/\/www.modulor.de\/magazin\/wp-json\/wp\/v2\/tags?post=2595"}],"curies":[{"name":"wp","href":"https:\/\/api.w.org\/{rel}","templated":true}]}}