{"id":2510,"date":"2020-11-13T16:16:00","date_gmt":"2020-11-13T15:16:00","guid":{"rendered":"https:\/\/www.modulor.de\/magazin\/?p=2510"},"modified":"2022-12-01T15:12:06","modified_gmt":"2022-12-01T14:12:06","slug":"modulor-e2-sonderedition-4184","status":"publish","type":"post","link":"https:\/\/www.modulor.de\/magazin\/leben-arbeiten\/modulor-e2-sonderedition-4184\/","title":{"rendered":"E2 Modulor Sonderedition 4184: Es gr\u00fcnt so gr\u00fcn"},"content":{"rendered":"<p>[et_pb_section fb_built=&#8220;1&#8243; _builder_version=&#8220;4.17.3&#8243; _module_preset=&#8220;default&#8220; custom_padding=&#8220;||15px|||&#8220; global_colors_info=&#8220;{}&#8220;][et_pb_row _builder_version=&#8220;4.17.3&#8243; _module_preset=&#8220;default&#8220; global_colors_info=&#8220;{}&#8220;][et_pb_column type=&#8220;4_4&#8243; _builder_version=&#8220;4.17.3&#8243; _module_preset=&#8220;default&#8220; global_colors_info=&#8220;{}&#8220;][et_pb_post_title text_background=&#8220;on&#8220; _builder_version=&#8220;4.17.3&#8243; _module_preset=&#8220;default&#8220; title_text_color=&#8220;#000000&#8243; meta_text_align=&#8220;center&#8220; global_colors_info=&#8220;{}&#8220;][\/et_pb_post_title][et_pb_text _builder_version=&#8220;4.17.3&#8243; _module_preset=&#8220;default&#8220; hover_enabled=&#8220;0&#8243; global_colors_info=&#8220;{}&#8220; sticky_enabled=&#8220;0&#8243;]<\/p>\n<p><span>Wir pr\u00e4sentieren: Unsere\u00a0<\/span><a href=\"https:\/\/www.modulor.de\/tische\/e2-tisch-serie\/\" target=\"_blank\" class=\"TextModule__link___3cVUh\" rel=\"noopener\">Modulor E2 <\/a><span>. Jap, nach knallrot im M\u00e4rz gehen wir nun in die zweite Runde und bringen das ikonische\u00a0<\/span><strong class=\"TextModule__bold___1ubC0\">E2 Tischgestell in der Farbe RAL 4184<\/strong><span>. Besser bekannt als Olivgr\u00fcn.\u00a0<\/span><strong class=\"TextModule__bold___1ubC0\">Limitiert auf 100 St\u00fcck<\/strong><span>. Deutlich unaufgeregter als die letzte Sonderedition. Daf\u00fcr klassisch und zeitlos\u00a0<\/span><strong class=\"TextModule__bold___1ubC0\">mit mattem Finish<\/strong><span>. Besonders edel kommt das Gestell daher, wenn man es monochrom mit der farblich passenden Linoleum Tischplatte in Moorgr\u00fcn kombiniert.<\/span><\/p>\n<p>[\/et_pb_text][\/et_pb_column][\/et_pb_row][et_pb_row column_structure=&#8220;1_2,1_2&#8243; _builder_version=&#8220;4.17.3&#8243; _module_preset=&#8220;default&#8220; global_colors_info=&#8220;{}&#8220;][et_pb_column type=&#8220;1_2&#8243; _builder_version=&#8220;4.17.3&#8243; _module_preset=&#8220;default&#8220; global_colors_info=&#8220;{}&#8220;][et_pb_image src=&#8220;https:\/\/www.modulor.de\/magazin\/wp-content\/uploads\/2022\/09\/IMG_0201-scaled-e1663078830560.jpg&#8220; title_text=&#8220;IMG_0201&#8243; _builder_version=&#8220;4.17.3&#8243; _module_preset=&#8220;default&#8220; global_colors_info=&#8220;{}&#8220;][\/et_pb_image][\/et_pb_column][et_pb_column type=&#8220;1_2&#8243; _builder_version=&#8220;4.17.3&#8243; _module_preset=&#8220;default&#8220; global_colors_info=&#8220;{}&#8220;][et_pb_video src=&#8220;https:\/\/www.modulor.de\/magazin\/wp-content\/uploads\/2022\/09\/E2-olivegruen.mp4&#8243; _builder_version=&#8220;4.17.3&#8243; _module_preset=&#8220;default&#8220; global_colors_info=&#8220;{}&#8220;][\/et_pb_video][\/et_pb_column][\/et_pb_row][et_pb_row _builder_version=&#8220;4.17.3&#8243; _module_preset=&#8220;default&#8220; global_colors_info=&#8220;{}&#8220;][et_pb_column type=&#8220;4_4&#8243; _builder_version=&#8220;4.17.3&#8243; _module_preset=&#8220;default&#8220; global_colors_info=&#8220;{}&#8220;][et_pb_text module_id=&#8220;PST-anker1&#8243; _builder_version=&#8220;4.17.3&#8243; _module_preset=&#8220;default&#8220; hover_enabled=&#8220;0&#8243; text_line_height_tablet=&#8220;&#8220; text_line_height_phone=&#8220;&#8220; text_line_height_last_edited=&#8220;on|tablet&#8220; global_colors_info=&#8220;{}&#8220; sticky_enabled=&#8220;0&#8243;]<\/p>\n<h3 class=\"TextModule__headline-h3___MN46G\">Olive, Mintfarben oder Salbei?<\/h3>\n<p class=\"TextModule__paragraph___3AIU_\">Die Wahl fiel also auf<span>\u00a0<\/span><strong class=\"TextModule__bold___1ubC0\">Olivgr\u00fcn<\/strong>. Damit Du den bestm\u00f6glichen Eindruck von der wahren Farbe des Gestells bekommst, in all ihren Nuancen, haben wir uns was \u00fcberlegt. Wir nehmen Dich hier einfach mit hinter die Kulissen unseres Fotoshootings. Und zeigen Dir das gute St\u00fcck in verschiedensten Lichtverh\u00e4ltnissen und Perspektiven. Mit <a href=\"https:\/\/www.modulor.de\/tischplatten\/\" target=\"_blank\" rel=\"noopener\">Tischplatte<\/a>, und ohne, das Gestell unterm Arm geklemmt, in freier Wildbahn, im <a href=\"https:\/\/www.modulor.de\/magazin\/leben-arbeiten\/homeoffice-einrichten-und-steuerlich-absetzen\/\" target=\"_blank\" rel=\"noopener\">Home-Office<\/a> Umfeld und in Bewegtbild.\u00a0An Impressionen von der Modulor Sonderedition soll es schlie\u00dflich nicht mangeln.<\/p>\n<p>[\/et_pb_text][\/et_pb_column][\/et_pb_row][et_pb_row column_structure=&#8220;2_5,3_5&#8243; _builder_version=&#8220;4.17.3&#8243; _module_preset=&#8220;default&#8220; global_colors_info=&#8220;{}&#8220;][et_pb_column type=&#8220;2_5&#8243; _builder_version=&#8220;4.17.3&#8243; _module_preset=&#8220;default&#8220; global_colors_info=&#8220;{}&#8220;][et_pb_image src=&#8220;https:\/\/www.modulor.de\/magazin\/wp-content\/uploads\/2022\/09\/98A0373-scaled-e1663078911134.jpg&#8220; title_text=&#8220;_98A0373&#8243; _builder_version=&#8220;4.17.3&#8243; _module_preset=&#8220;default&#8220; global_colors_info=&#8220;{}&#8220;][\/et_pb_image][\/et_pb_column][et_pb_column type=&#8220;3_5&#8243; _builder_version=&#8220;4.17.3&#8243; _module_preset=&#8220;default&#8220; global_colors_info=&#8220;{}&#8220;][et_pb_image src=&#8220;https:\/\/www.modulor.de\/magazin\/wp-content\/uploads\/2022\/09\/98A0436-scaled.jpg&#8220; title_text=&#8220;_98A0436&#8243; _builder_version=&#8220;4.17.3&#8243; _module_preset=&#8220;default&#8220; transform_scale_tablet=&#8220;&#8220; transform_scale_phone=&#8220;&#8220; transform_scale_last_edited=&#8220;on|phone&#8220; transform_translate_tablet=&#8220;0px|0px&#8220; transform_translate_phone=&#8220;0px|0px&#8220; transform_translate_last_edited=&#8220;on|desktop&#8220; transform_translate_linked=&#8220;off&#8220; transform_rotate_tablet=&#8220;&#8220; transform_rotate_phone=&#8220;&#8220; transform_rotate_last_edited=&#8220;on|desktop&#8220; transform_skew_tablet=&#8220;&#8220; transform_skew_phone=&#8220;&#8220; transform_skew_last_edited=&#8220;on|desktop&#8220; transform_origin_tablet=&#8220;&#8220; transform_origin_phone=&#8220;&#8220; transform_origin_last_edited=&#8220;on|desktop&#8220; transform_styles_last_edited=&#8220;on|desktop&#8220; transform_styles_tablet=&#8220;&#8220; transform_styles_phone=&#8220;&#8220; global_colors_info=&#8220;{}&#8220;][\/et_pb_image][\/et_pb_column][\/et_pb_row][et_pb_row _builder_version=&#8220;4.17.3&#8243; _module_preset=&#8220;default&#8220; global_colors_info=&#8220;{}&#8220;][et_pb_column type=&#8220;4_4&#8243; _builder_version=&#8220;4.17.3&#8243; _module_preset=&#8220;default&#8220; global_colors_info=&#8220;{}&#8220;][et_pb_text module_id=&#8220;PST-anker4&#8243; _builder_version=&#8220;4.17.3&#8243; _module_preset=&#8220;default&#8220; global_colors_info=&#8220;{}&#8220;]<\/p>\n<div id=\"arealayoutrowarea-row-9\" class=\"module_bWFnYXppbi9zdG9yeS9lMi1zb25kZXJlZGl0aW9uLWVpbm1hbC1nZWlsLWtuYWxsaWctYml0dGUv_AreaLayoutRow_9 AreaLayout__AreaLayoutRow___2Xps6 \">\n<div class=\"AreaLayout__row___37mlk AreaLayout__row__full___2o208\">\n<div id=\"text569607\" class=\"module_bWFnYXppbi9zdG9yeS9lMi1zb25kZXJlZGl0aW9uLWVpbm1hbC1nZWlsLWtuYWxsaWctYml0dGUv_TEXT_569991 TextModule__TEXT___35YEX AreaLayout__column___loShH AreaLayout__column__1-layout--1-elements--1-span___23x8G\" data-testid=\"LayoutColumn__TEXT.569991\">\n<div class=\"TextModule__textWrapper___2aHt4\">\n<div data-content-checksum=\"ae6d4d369e9ca1e47fd61e1cdd8152dd1de67ecd\" class=\"TextModule__description___2Y1l0\">\n<h3 class=\"TextModule__headline-h3___MN46G\"><span>Gr\u00fcn, gr\u00fcn, gr\u00fcn<\/span><\/h3>\n<p class=\"TextModule__headline-h3___MN46G\"><span>Aber fangen wir doch mal von vorne an. Eigentlich, sollte das hier n\u00e4mlich eine kleine Ode an die Farbe Gr\u00fcn werden. Wir wollten an der Stelle einen kleinen Abstecher in die Farbpsychologie machen. H\u00e4tten Dir lang und breit erkl\u00e4rt, warum die Farbe Gr\u00fcn im Arbeitskontext aus unserer Sicht geh\u00f6rig untersch\u00e4tzt wird. Dass\u00a0<\/span><strong class=\"TextModule__bold___1ubC0\">Gr\u00fcn Studien zufolge, die Kreativit\u00e4t f\u00f6rdert<\/strong><span>. Dass es f\u00fcr Gelassenheit und Ruhe sorgt, weil es entspannend auf die Augen wirkt. Dass es Gef\u00fchle von Angst und Stress reduzieren kann. Und gerade in wilden Zeiten wie diesen, als Farbe f\u00fcr Deinen Schreibtisch eine ganz hervorragende Wahl ist.\u00a0<\/span><\/p>\n<p><span>W\u00fcrden, wollten, h\u00e4tten, ja. Bei Modulor l\u00e4uft\u2019s oft anders als man es plant.<\/span><br \/><span>Sagen wir mal so, als im August pl\u00f6tzlich ein Foto des neuen E2 Gestells aus der Produktion auftaucht, stellte sich eine gewisse Nervosit\u00e4t ein. Oliv? Moorgr\u00fcn? Khaki? Das sieht doch viel mehr nach gr\u00e4ulichem, zarten Mint-Ton aus?<\/span><\/p>\n<\/div>\n<\/div>\n<\/div>\n<\/div>\n<\/div>\n<div id=\"arealayoutrowarea-row-10\" class=\"module_bWFnYXppbi9zdG9yeS9lMi1zb25kZXJlZGl0aW9uLWVpbm1hbC1nZWlsLWtuYWxsaWctYml0dGUv_AreaLayoutRow_10 AreaLayout__AreaLayoutRow___2Xps6 \">\n<div class=\"AreaLayout__row___37mlk AreaLayout__row__full___2o208\">\n<div id=\"image568315\" class=\"module_bWFnYXppbi9zdG9yeS9lMi1zb25kZXJlZGl0aW9uLWVpbm1hbC1nZWlsLWtuYWxsaWctYml0dGUv_IMAGE_569992 ImageModule__IMAGE___2rP79 AreaLayout__column___loShH AreaLayout__column__3-layout--2-elements--2-span___2ZRTf\" data-testid=\"LayoutColumn__IMAGE.569992\">\n<figure class=\"ImageModule__imageWrapper___2e4Dz\"><picture class=\"ImageModule__picture___S8d_m\"><source srcset=\"https:\/\/styla-prod-us.imgix.net\/2c561d41-74b0-4cc3-809d-2dea8ccd96d1\/1584106691364_1dab5fbf-121e-4e30-8820-c45ff1ca5ac8?auto=format%2Ccompress&amp;w=300&amp;h=200&amp;fit=original 300w, https:\/\/styla-prod-us.imgix.net\/2c561d41-74b0-4cc3-809d-2dea8ccd96d1\/1584106691364_1dab5fbf-121e-4e30-8820-c45ff1ca5ac8?auto=format%2Ccompress&amp;w=450&amp;h=300&amp;fit=original 450w, https:\/\/styla-prod-us.imgix.net\/2c561d41-74b0-4cc3-809d-2dea8ccd96d1\/1584106691364_1dab5fbf-121e-4e30-8820-c45ff1ca5ac8?auto=format%2Ccompress&amp;w=600&amp;h=400&amp;fit=original 600w, https:\/\/styla-prod-us.imgix.net\/2c561d41-74b0-4cc3-809d-2dea8ccd96d1\/1584106691364_1dab5fbf-121e-4e30-8820-c45ff1ca5ac8?auto=format%2Ccompress&amp;w=750&amp;h=500&amp;fit=original 750w, https:\/\/styla-prod-us.imgix.net\/2c561d41-74b0-4cc3-809d-2dea8ccd96d1\/1584106691364_1dab5fbf-121e-4e30-8820-c45ff1ca5ac8?auto=format%2Ccompress&amp;w=900&amp;h=600&amp;fit=original 900w, https:\/\/styla-prod-us.imgix.net\/2c561d41-74b0-4cc3-809d-2dea8ccd96d1\/1584106691364_1dab5fbf-121e-4e30-8820-c45ff1ca5ac8?auto=format%2Ccompress&amp;w=1080&amp;h=720&amp;fit=original 1080w, https:\/\/styla-prod-us.imgix.net\/2c561d41-74b0-4cc3-809d-2dea8ccd96d1\/1584106691364_1dab5fbf-121e-4e30-8820-c45ff1ca5ac8?auto=format%2Ccompress&amp;w=1280&amp;h=853&amp;fit=original 1280w, https:\/\/styla-prod-us.imgix.net\/2c561d41-74b0-4cc3-809d-2dea8ccd96d1\/1584106691364_1dab5fbf-121e-4e30-8820-c45ff1ca5ac8?auto=format%2Ccompress&amp;w=1440&amp;h=960&amp;fit=original 1440w, https:\/\/styla-prod-us.imgix.net\/2c561d41-74b0-4cc3-809d-2dea8ccd96d1\/1584106691364_1dab5fbf-121e-4e30-8820-c45ff1ca5ac8?auto=format%2Ccompress&amp;w=1680&amp;h=1120&amp;fit=original 1680w, https:\/\/styla-prod-us.imgix.net\/2c561d41-74b0-4cc3-809d-2dea8ccd96d1\/1584106691364_1dab5fbf-121e-4e30-8820-c45ff1ca5ac8?auto=format%2Ccompress&amp;w=1920&amp;h=1280&amp;fit=original 1920w, https:\/\/styla-prod-us.imgix.net\/2c561d41-74b0-4cc3-809d-2dea8ccd96d1\/1584106691364_1dab5fbf-121e-4e30-8820-c45ff1ca5ac8?auto=format%2Ccompress&amp;w=2560&amp;h=1707&amp;fit=original 2560w, https:\/\/styla-prod-us.imgix.net\/2c561d41-74b0-4cc3-809d-2dea8ccd96d1\/1584106691364_1dab5fbf-121e-4e30-8820-c45ff1ca5ac8?auto=format%2Ccompress&amp;w=3840&amp;h=2560&amp;fit=original 3840w\" sizes=\"(max-width: 300px) 300px, (max-width: 450px) 450px, (max-width: 600px) 600px, (max-width: 750px) 750px, (max-width: 900px) 600px, (max-width: 1080px) 750px, (max-width: 1280px) 900px, (max-width: 1440px) 900px, (max-width: 1680px) 900px, (max-width: 1920px) 900px, (max-width: 2560px) 900px, (max-width: 3840px) 900px, 1280px\" \/><\/picture><\/figure>\n<\/div>\n<\/div>\n<\/div>\n<p>[\/et_pb_text][\/et_pb_column][\/et_pb_row][et_pb_row column_structure=&#8220;2_5,3_5&#8243; _builder_version=&#8220;4.17.3&#8243; _module_preset=&#8220;default&#8220; global_colors_info=&#8220;{}&#8220;][et_pb_column type=&#8220;2_5&#8243; _builder_version=&#8220;4.17.3&#8243; _module_preset=&#8220;default&#8220; global_colors_info=&#8220;{}&#8220;][et_pb_image src=&#8220;https:\/\/www.modulor.de\/magazin\/wp-content\/uploads\/2022\/09\/IMG_0242-scaled-e1663079599444.jpg&#8220; title_text=&#8220;IMG_0242&#8243; _builder_version=&#8220;4.17.3&#8243; _module_preset=&#8220;default&#8220; transform_scale_tablet=&#8220;&#8220; transform_scale_phone=&#8220;&#8220; transform_scale_last_edited=&#8220;on|desktop&#8220; transform_translate_tablet=&#8220;0px|0px&#8220; transform_translate_phone=&#8220;0px|0px&#8220; transform_translate_last_edited=&#8220;on|desktop&#8220; transform_translate_linked=&#8220;off&#8220; transform_rotate_tablet=&#8220;&#8220; transform_rotate_phone=&#8220;&#8220; transform_rotate_last_edited=&#8220;on|desktop&#8220; transform_skew_tablet=&#8220;&#8220; transform_skew_phone=&#8220;&#8220; transform_skew_last_edited=&#8220;on|desktop&#8220; transform_origin_tablet=&#8220;&#8220; transform_origin_phone=&#8220;&#8220; transform_origin_last_edited=&#8220;on|desktop&#8220; transform_styles_last_edited=&#8220;on|desktop&#8220; transform_styles_tablet=&#8220;&#8220; transform_styles_phone=&#8220;&#8220; global_colors_info=&#8220;{}&#8220;][\/et_pb_image][et_pb_image src=&#8220;https:\/\/www.modulor.de\/magazin\/wp-content\/uploads\/2022\/09\/98A0620-1-scaled.jpg&#8220; title_text=&#8220;_98A0620&#8243; _builder_version=&#8220;4.17.3&#8243; _module_preset=&#8220;default&#8220; transform_scale_tablet=&#8220;&#8220; transform_scale_phone=&#8220;&#8220; transform_scale_last_edited=&#8220;on|desktop&#8220; transform_translate_tablet=&#8220;0px|0px&#8220; transform_translate_phone=&#8220;0px|0px&#8220; transform_translate_last_edited=&#8220;on|desktop&#8220; transform_translate_linked=&#8220;off&#8220; transform_rotate_tablet=&#8220;&#8220; transform_rotate_phone=&#8220;&#8220; transform_rotate_last_edited=&#8220;on|desktop&#8220; transform_skew_tablet=&#8220;&#8220; transform_skew_phone=&#8220;&#8220; transform_skew_last_edited=&#8220;on|desktop&#8220; transform_origin_tablet=&#8220;&#8220; transform_origin_phone=&#8220;&#8220; transform_origin_last_edited=&#8220;on|desktop&#8220; transform_styles_last_edited=&#8220;on|desktop&#8220; transform_styles_tablet=&#8220;&#8220; transform_styles_phone=&#8220;&#8220; global_colors_info=&#8220;{}&#8220;][\/et_pb_image][\/et_pb_column][et_pb_column type=&#8220;3_5&#8243; _builder_version=&#8220;4.17.3&#8243; _module_preset=&#8220;default&#8220; global_colors_info=&#8220;{}&#8220;][et_pb_image src=&#8220;https:\/\/www.modulor.de\/magazin\/wp-content\/uploads\/2022\/09\/Sitzen__R0A9578-scaled.jpg&#8220; title_text=&#8220;Sitzen__R0A9578&#8243; _builder_version=&#8220;4.17.3&#8243; _module_preset=&#8220;default&#8220; global_colors_info=&#8220;{}&#8220;][\/et_pb_image][et_pb_image src=&#8220;https:\/\/www.modulor.de\/magazin\/wp-content\/uploads\/2022\/09\/98A0621-scaled.jpg&#8220; title_text=&#8220;_98A0621&#8243; _builder_version=&#8220;4.17.3&#8243; _module_preset=&#8220;default&#8220; global_colors_info=&#8220;{}&#8220;][\/et_pb_image][\/et_pb_column][\/et_pb_row][et_pb_row _builder_version=&#8220;4.17.3&#8243; _module_preset=&#8220;default&#8220; global_colors_info=&#8220;{}&#8220;][et_pb_column type=&#8220;4_4&#8243; _builder_version=&#8220;4.17.3&#8243; _module_preset=&#8220;default&#8220; global_colors_info=&#8220;{}&#8220;][et_pb_text module_id=&#8220;PST-anker5&#8243; _builder_version=&#8220;4.17.3&#8243; _module_preset=&#8220;default&#8220; custom_margin=&#8220;|224px|18px|224px|false|false&#8220; hover_enabled=&#8220;0&#8243; global_colors_info=&#8220;{}&#8220; sticky_enabled=&#8220;0&#8243;]<\/p>\n<h3><span>Immer wieder Nervenkitzel: die tats\u00e4chliche Farbe\u00a0<\/span><\/h3>\n<p><span><\/span><\/p>\n<p><span>Was ein Deja Vu. Hatte doch die\u00a0<\/span><a href=\"https:\/\/www.modulor.de\/magazin\/leben-arbeiten\/modulor-e2-sonderedition-3026\/\" target=\"_blank\" class=\"TextModule__link___3cVUh\" rel=\"noopener\">3026 Sonderedition<\/a><span>\u00a0ja bereits f\u00fcr allerhand Aufregung gesorgt.<\/span><br \/><span>Vielleicht erinnerst Du Dich, je nach Licht und Auge des Betrachters lag die Farbe irgendwo zwischen knallrot, neonorange und pink.\u00a0<\/span><span>Das war im M\u00e4rz. Jetzt ist September und beim Eintrudeln der Gestelle l\u00e4sst sich der allgemeine Gem\u00fctszustand irgendwie zwischen Vorfreude, Ungeduld nerv\u00f6s einordnen. Dann die kollektive Erleichterung beim Auspacken.\u00a0<\/span><strong class=\"TextModule__bold___1ubC0\">\u201eGeil\u201c, \u201eso sch\u00f6n\u201c<\/strong><span>\u00a0und\u00a0<\/span><strong class=\"TextModule__bold___1ubC0\">\u201eNa Gott sei Dank\u201c<\/strong><span>, schallt es aus allen Ecken. Einigen wir uns drauf: Die E2 Sonderedition immer f\u00fcr Nervenkitzel und eine dicke \u00dcberraschung gut. Das hat jetzt quasi schon Tradition.\u00a0<\/span><\/p>\n<p>[\/et_pb_text][\/et_pb_column][\/et_pb_row][et_pb_row column_structure=&#8220;3_5,2_5&#8243; _builder_version=&#8220;4.17.3&#8243; _module_preset=&#8220;default&#8220; custom_padding=&#8220;28px|||||&#8220; global_colors_info=&#8220;{}&#8220;][et_pb_column type=&#8220;3_5&#8243; _builder_version=&#8220;4.17.3&#8243; _module_preset=&#8220;default&#8220; global_colors_info=&#8220;{}&#8220;][et_pb_image src=&#8220;https:\/\/www.modulor.de\/magazin\/wp-content\/uploads\/2022\/09\/IMG_0328-scaled-e1663079685858.jpg&#8220; title_text=&#8220;IMG_0328&#8243; _builder_version=&#8220;4.17.3&#8243; _module_preset=&#8220;default&#8220; global_colors_info=&#8220;{}&#8220;][\/et_pb_image][\/et_pb_column][et_pb_column type=&#8220;2_5&#8243; _builder_version=&#8220;4.17.3&#8243; _module_preset=&#8220;default&#8220; global_colors_info=&#8220;{}&#8220;][et_pb_image src=&#8220;https:\/\/www.modulor.de\/magazin\/wp-content\/uploads\/2022\/09\/Sitzen__R0A9692-scaled.jpg&#8220; alt=&#8220;Es gr\u00fcnt so gr\u00fcn: E2 x Modulor die Zweite \u2013 Sonderedition 4184&#8243; title_text=&#8220;Es gr\u00fcnt so gr\u00fcn: E2 x Modulor die Zweite \u2013 Sonderedition 4184&#8243; _builder_version=&#8220;4.17.3&#8243; _module_preset=&#8220;default&#8220; global_colors_info=&#8220;{}&#8220;][\/et_pb_image][\/et_pb_column][\/et_pb_row][et_pb_row _builder_version=&#8220;4.17.3&#8243; _module_preset=&#8220;default&#8220; global_colors_info=&#8220;{}&#8220;][et_pb_column type=&#8220;4_4&#8243; _builder_version=&#8220;4.17.3&#8243; _module_preset=&#8220;default&#8220; global_colors_info=&#8220;{}&#8220;][et_pb_text _builder_version=&#8220;4.17.3&#8243; _module_preset=&#8220;default&#8220; global_colors_info=&#8220;{}&#8220;]<\/p>\n<blockquote>\n<p style=\"text-align: left;\">\u201e<span>Ach, einfach immer wieder eine Wundert\u00fcte diese E2 Sonderedition!<\/span>\u201c<\/p>\n<p style=\"text-align: right;\">Marina, Content<\/p>\n<\/blockquote>\n<p>[\/et_pb_text][\/et_pb_column][\/et_pb_row][et_pb_row use_custom_gutter=&#8220;on&#8220; _builder_version=&#8220;4.17.3&#8243; _module_preset=&#8220;default&#8220; custom_margin=&#8220;-30px|auto||auto||&#8220; global_colors_info=&#8220;{}&#8220;][et_pb_column type=&#8220;4_4&#8243; _builder_version=&#8220;4.17.3&#8243; _module_preset=&#8220;default&#8220; global_colors_info=&#8220;{}&#8220;][et_pb_text module_id=&#8220;PST-anker6&#8243; _builder_version=&#8220;4.17.3&#8243; _module_preset=&#8220;default&#8220; custom_margin=&#8220;57px|224px||224px|false|false&#8220; hover_enabled=&#8220;0&#8243; global_colors_info=&#8220;{}&#8220; sticky_enabled=&#8220;0&#8243;]<\/p>\n<h3 class=\"TextModule__headline-h3___MN46G\">Die harten Fakten: Was gibt es \u00fcber E2 Sonderedition in olivegr\u00fcn zu wissen?<\/h3>\n<p class=\"TextModule__paragraph___3AIU_\">Hm<em class=\"TextModule__italic___5Ug1_\"><span>\u00a0<\/span><\/em>zum Beispiel, dass wir f\u00fcr diese Sonderedition das<span>\u00a0<\/span><strong class=\"TextModule__bold___1ubC0\">Gestell mit versetzter Kreuzstrebe<\/strong><span>\u00a0<\/span>gew\u00e4hlt. In dieser Variante eignet sich das E2 &#8211; auch bekannt als Eiermann Tischgestell &#8211; besonders als Schreibtisch oder Arbeitstisch, der an der Wand steht. Warum? Weil Du so<span>\u00a0<\/span><a href=\"https:\/\/www.modulor.de\/magazin\/leben-arbeiten\/richtig-sitzen-am-schreibtisch\/\" target=\"_blank\" class=\"TextModule__link___3cVUh\" rel=\"noopener\">richtig sitzen<\/a><span>\u00a0<\/span>kannst und Deine F\u00fc\u00dfe ausreichend Platz haben. Selbst lange Beine sto\u00dfen hier nicht an die Streben.<\/p>\n<p>[\/et_pb_text][\/et_pb_column][\/et_pb_row][et_pb_row column_structure=&#8220;1_2,1_2&#8243; _builder_version=&#8220;4.17.3&#8243; _module_preset=&#8220;default&#8220; global_colors_info=&#8220;{}&#8220;][et_pb_column type=&#8220;1_2&#8243; _builder_version=&#8220;4.17.3&#8243; _module_preset=&#8220;default&#8220; global_colors_info=&#8220;{}&#8220;][et_pb_image src=&#8220;https:\/\/www.modulor.de\/magazin\/wp-content\/uploads\/2022\/09\/Sitzen__R0A9816-scaled-e1663077793659.jpg&#8220; title_text=&#8220;Sitzen__R0A9816&#8243; _builder_version=&#8220;4.17.3&#8243; _module_preset=&#8220;default&#8220; global_colors_info=&#8220;{}&#8220;][\/et_pb_image][\/et_pb_column][et_pb_column type=&#8220;1_2&#8243; _builder_version=&#8220;4.17.3&#8243; _module_preset=&#8220;default&#8220; global_colors_info=&#8220;{}&#8220;][et_pb_text _builder_version=&#8220;4.17.3&#8243; _module_preset=&#8220;default&#8220; width=&#8220;96%&#8220; global_colors_info=&#8220;{}&#8220;]<\/p>\n<blockquote>\n<p style=\"text-align: left;\">\u201eWir haben viele Kunden,<br \/>die kommen nach der Vorlesung oder der Arbeit bei Modulor vorbei, klemmen sich das E2 Gestell unter den Arm und fahren damit mit der U-Bahn heim. Echt mal ein Tischgestell To Go.<span>\u00a0<\/span>\u201c<\/p>\n<p style=\"text-align: right;\">Nora, Product Owner<\/p>\n<\/blockquote>\n<p>[\/et_pb_text][\/et_pb_column][\/et_pb_row][et_pb_row _builder_version=&#8220;4.17.3&#8243; _module_preset=&#8220;default&#8220; global_colors_info=&#8220;{}&#8220;][et_pb_column type=&#8220;4_4&#8243; _builder_version=&#8220;4.17.3&#8243; _module_preset=&#8220;default&#8220; global_colors_info=&#8220;{}&#8220;][et_pb_text _builder_version=&#8220;4.17.3&#8243; _module_preset=&#8220;default&#8220; hover_enabled=&#8220;0&#8243; global_colors_info=&#8220;{}&#8220; sticky_enabled=&#8220;0&#8243;]<\/p>\n<p><span>Der E2 Tisch ist aus aus K\u00fcnstler- oder Desginer Ateliers, Architekturb\u00fcros nicht mehr wegzudenken. Die\u00a0<\/span><strong class=\"TextModule__bold___1ubC0\">Tischplatte wird \u00fcbrigens meist nur lose aufgelegt<\/strong><span>. Seitenteile und Kreuzstrebe sind mit nur vier Schrauben verbunden. Das und die Tatsache, dass man das Stahlrohrkonstrukt &#8211; wie Philipp eindrucksvoll beweist &#8211; einfach mal eben unter den Arm klemmen und damit durch halb Kreuzberg marschieren kann, bringt so einige Vorteile mit.<\/span><br \/><span>Logo, der Tisch ist\u00a0<\/span><strong class=\"TextModule__bold___1ubC0\">ruckzuck auf- und wieder abgebaut<\/strong><span>. Und problemlos in der Ecke verstaubar.\u00a0<\/span><strong class=\"TextModule__bold___1ubC0\">Stabil ist er und sch\u00f6n anzusehen obendrein<span>\u00a0<\/span><\/strong><span>\u2013 schlichtem, zweckorientiertem Design sei Dank.\u00a0<\/span><br \/><span>Klingt so, als ob dieses Gestell alles kann, was ein Schreibtisch heutzutage k\u00f6nnen muss? Allerdings.\u00a0<\/span><\/p>\n<p>[\/et_pb_text][\/et_pb_column][\/et_pb_row][et_pb_row column_structure=&#8220;2_3,1_3&#8243; _builder_version=&#8220;4.17.3&#8243; _module_preset=&#8220;default&#8220; global_colors_info=&#8220;{}&#8220;][et_pb_column type=&#8220;2_3&#8243; _builder_version=&#8220;4.17.3&#8243; _module_preset=&#8220;default&#8220; global_colors_info=&#8220;{}&#8220;][et_pb_image src=&#8220;https:\/\/www.modulor.de\/magazin\/wp-content\/uploads\/2022\/09\/Sitzen__R0A9851-1-scaled.jpg&#8220; title_text=&#8220;Sitzen__R0A9851&#8243; _builder_version=&#8220;4.17.3&#8243; _module_preset=&#8220;default&#8220; global_colors_info=&#8220;{}&#8220;][\/et_pb_image][\/et_pb_column][et_pb_column type=&#8220;1_3&#8243; _builder_version=&#8220;4.17.3&#8243; _module_preset=&#8220;default&#8220; global_colors_info=&#8220;{}&#8220;][et_pb_image src=&#8220;https:\/\/www.modulor.de\/magazin\/wp-content\/uploads\/2022\/09\/98A0455-scaled.jpg&#8220; title_text=&#8220;_98A0455&#8243; _builder_version=&#8220;4.17.3&#8243; _module_preset=&#8220;default&#8220; global_colors_info=&#8220;{}&#8220;][\/et_pb_image][\/et_pb_column][\/et_pb_row][et_pb_row _builder_version=&#8220;4.17.3&#8243; _module_preset=&#8220;default&#8220; global_colors_info=&#8220;{}&#8220;][et_pb_column type=&#8220;4_4&#8243; _builder_version=&#8220;4.17.3&#8243; _module_preset=&#8220;default&#8220; global_colors_info=&#8220;{}&#8220;][et_pb_text _builder_version=&#8220;4.17.3&#8243; _module_preset=&#8220;default&#8220; global_colors_info=&#8220;{}&#8220;]<\/p>\n<h3><strong>Update &#8211; Juni 2022<\/strong><\/h3>\n<p>Weil unsere erste E2 Sondereditionen in leuchthellrot und olivgr\u00fcn so gut bei euch angekommen sind, haben wir dieses Jahr nochmal nachgelegt. D\u00fcrfen wir pr\u00e4sentieren: Den <span>Designklassikers E2 in der Farbe 1026 Neongelb. Exklusiv bei Modulor erh\u00e4ltlich.\u00a0<\/span><\/p>\n<p>[\/et_pb_text][\/et_pb_column][\/et_pb_row][et_pb_row column_structure=&#8220;3_5,2_5&#8243; _builder_version=&#8220;4.17.3&#8243; _module_preset=&#8220;default&#8220; global_colors_info=&#8220;{}&#8220;][et_pb_column type=&#8220;3_5&#8243; _builder_version=&#8220;4.17.3&#8243; _module_preset=&#8220;default&#8220; global_colors_info=&#8220;{}&#8220;][et_pb_image src=&#8220;https:\/\/www.modulor.de\/magazin\/wp-content\/uploads\/2022\/09\/98A2121-scaled-e1662388543424.jpg&#8220; alt=&#8220;Nur bei Modulor: E2 Edition in 1026 Neongelb&#8220; title_text=&#8220;Nur bei Modulor: E2 Edition in 1026 Neongelb&#8220; _builder_version=&#8220;4.17.3&#8243; _module_preset=&#8220;default&#8220; global_colors_info=&#8220;{}&#8220;][\/et_pb_image][\/et_pb_column][et_pb_column type=&#8220;2_5&#8243; _builder_version=&#8220;4.17.3&#8243; _module_preset=&#8220;default&#8220; global_colors_info=&#8220;{}&#8220;][et_pb_image src=&#8220;https:\/\/www.modulor.de\/magazin\/wp-content\/uploads\/2022\/09\/98A2136-scaled.jpg&#8220; alt=&#8220;E2 Edition in 1026 Neongelb&#8220; title_text=&#8220;E2 Edition in 1026 Neongelb&#8220; _builder_version=&#8220;4.17.3&#8243; _module_preset=&#8220;default&#8220; global_colors_info=&#8220;{}&#8220;][\/et_pb_image][\/et_pb_column][\/et_pb_row][et_pb_row column_structure=&#8220;1_2,1_2&#8243; _builder_version=&#8220;4.17.3&#8243; _module_preset=&#8220;default&#8220; global_colors_info=&#8220;{}&#8220;][et_pb_column type=&#8220;1_2&#8243; _builder_version=&#8220;4.17.3&#8243; _module_preset=&#8220;default&#8220; global_colors_info=&#8220;{}&#8220;][et_pb_image src=&#8220;https:\/\/www.modulor.de\/magazin\/wp-content\/uploads\/2022\/09\/98A2074-scaled.jpg&#8220; title_text=&#8220;_98A2074&#8243; _builder_version=&#8220;4.17.3&#8243; _module_preset=&#8220;default&#8220; global_colors_info=&#8220;{}&#8220;][\/et_pb_image][et_pb_button button_url=&#8220;https:\/\/www.modulor.de\/tischplatten\/&#8220; url_new_window=&#8220;on&#8220; button_text=&#8220;Finde die passende Tischplatte &#8220; _builder_version=&#8220;4.17.3&#8243; _module_preset=&#8220;default&#8220; hover_enabled=&#8220;0&#8243; global_colors_info=&#8220;{}&#8220; button_text_color=&#8220;#FFFFFF&#8220; button_bg_color=&#8220;#E40000&#8243; button_bg_enable_color=&#8220;on&#8220; sticky_enabled=&#8220;0&#8243;][\/et_pb_button][\/et_pb_column][et_pb_column type=&#8220;1_2&#8243; _builder_version=&#8220;4.17.3&#8243; _module_preset=&#8220;default&#8220; global_colors_info=&#8220;{}&#8220;][et_pb_image src=&#8220;https:\/\/www.modulor.de\/magazin\/wp-content\/uploads\/2022\/09\/1_1920_1920_r_tischgestell_e2_set_modulor_edition_1026-e1662388469472.jpg&#8220; alt=&#8220;Nur bei Modulor: E2 Edition in 1026 Neongelb&#8220; title_text=&#8220;Nur bei Modulor: E2 Edition in 1026 Neongelb&#8220; url=&#8220;https:\/\/www.modulor.de\/tischgestell-e2-set-modulor-edition-1026.html&#8220; url_new_window=&#8220;on&#8220; _builder_version=&#8220;4.17.3&#8243; _module_preset=&#8220;default&#8220; global_colors_info=&#8220;{}&#8220;][\/et_pb_image][et_pb_button button_url=&#8220;https:\/\/www.modulor.de\/tischgestell-e2-set-modulor-edition-1026.html&#8220; url_new_window=&#8220;on&#8220; button_text=&#8220;E2 in der Farbe 1026 Neongelb&#8220; _builder_version=&#8220;4.17.3&#8243; _module_preset=&#8220;default&#8220; hover_enabled=&#8220;0&#8243; global_colors_info=&#8220;{}&#8220; sticky_enabled=&#8220;0&#8243; button_text_color=&#8220;#FFFFFF&#8220; button_bg_color=&#8220;#E40000&#8243; button_bg_enable_color=&#8220;on&#8220;][\/et_pb_button][\/et_pb_column][\/et_pb_row][\/et_pb_section]<\/p>\n","protected":false},"excerpt":{"rendered":"<p>Wir pr\u00e4sentieren: Unsere\u00a0Modulor E2 . Jap, nach knallrot im M\u00e4rz gehen wir nun in die zweite Runde und bringen das ikonische\u00a0E2 Tischgestell in der Farbe RAL 4184. Besser bekannt als Olivgr\u00fcn.\u00a0Limitiert auf 100 St\u00fcck. Deutlich unaufgeregter als die letzte Sonderedition. Daf\u00fcr klassisch und zeitlos\u00a0mit mattem Finish. Besonders edel kommt das Gestell daher, wenn man es [&hellip;]<\/p>\n","protected":false},"author":2,"featured_media":2514,"comment_status":"closed","ping_status":"closed","sticky":false,"template":"","format":"standard","meta":{"_et_pb_use_builder":"on","_et_pb_old_content":"","_et_gb_content_width":"1178","footnotes":""},"categories":[9],"tags":[109,108,110,29,31],"yoast_head":"<!-- This site is optimized with the Yoast SEO plugin v19.14 - https:\/\/yoast.com\/wordpress\/plugins\/seo\/ -->\n<title>E2 Modulor Sonderedition 4184: Es gr\u00fcnt so gr\u00fcn | Modulor<\/title>\n<meta name=\"description\" content=\"Wir pr\u00e4sentieren: Modulor E2 Sonderedition 4184, den Designklassiker unter den Tischgestellen in Olivgr\u00fcn. Hier gibt&#039;s die Impressionen. \ud83d\udcf7\ud83c\udf33\" \/>\n<meta name=\"robots\" content=\"index, follow, max-snippet:-1, max-image-preview:large, max-video-preview:-1\" \/>\n<link rel=\"canonical\" href=\"https:\/\/www.modulor.de\/magazin\/leben-arbeiten\/modulor-e2-sonderedition-4184\/\" \/>\n<meta property=\"og:locale\" content=\"de_DE\" \/>\n<meta property=\"og:type\" content=\"article\" \/>\n<meta property=\"og:title\" content=\"E2 Modulor Sonderedition 4184: Es gr\u00fcnt so gr\u00fcn | Modulor\" \/>\n<meta property=\"og:description\" content=\"Wir pr\u00e4sentieren: Modulor E2 Sonderedition 4184, den Designklassiker unter den Tischgestellen in Olivgr\u00fcn. Hier gibt&#039;s die Impressionen. \ud83d\udcf7\ud83c\udf33\" \/>\n<meta property=\"og:url\" content=\"https:\/\/www.modulor.de\/magazin\/leben-arbeiten\/modulor-e2-sonderedition-4184\/\" \/>\n<meta property=\"og:site_name\" content=\"Modulor\" \/>\n<meta property=\"article:publisher\" content=\"https:\/\/de-de.facebook.com\/modulor.de\/\" \/>\n<meta property=\"article:published_time\" content=\"2020-11-13T15:16:00+00:00\" \/>\n<meta property=\"article:modified_time\" content=\"2022-12-01T14:12:06+00:00\" \/>\n<meta property=\"og:image\" content=\"https:\/\/www.modulor.de\/magazin\/wp-content\/uploads\/2022\/09\/split-Motiv_2_final-scaled-e1663075672447.jpg\" \/>\n\t<meta property=\"og:image:width\" content=\"2560\" \/>\n\t<meta property=\"og:image:height\" content=\"1363\" \/>\n\t<meta property=\"og:image:type\" content=\"image\/jpeg\" \/>\n<meta name=\"author\" content=\"Pia\" \/>\n<meta name=\"twitter:card\" content=\"summary_large_image\" \/>\n<meta name=\"twitter:label1\" content=\"Verfasst von\" \/>\n\t<meta name=\"twitter:data1\" content=\"Pia\" \/>\n\t<meta name=\"twitter:label2\" content=\"Gesch\u00e4tzte Lesezeit\" \/>\n\t<meta name=\"twitter:data2\" content=\"7 Minuten\" \/>\n<script type=\"application\/ld+json\" class=\"yoast-schema-graph\">{\"@context\":\"https:\/\/schema.org\",\"@graph\":[{\"@type\":\"Article\",\"@id\":\"https:\/\/www.modulor.de\/magazin\/leben-arbeiten\/modulor-e2-sonderedition-4184\/#article\",\"isPartOf\":{\"@id\":\"https:\/\/www.modulor.de\/magazin\/leben-arbeiten\/modulor-e2-sonderedition-4184\/\"},\"author\":{\"name\":\"Pia\",\"@id\":\"https:\/\/www.modulor.de\/magazin\/#\/schema\/person\/0ea0327a81ae97125b637043198dbef5\"},\"headline\":\"E2 Modulor Sonderedition 4184: Es gr\u00fcnt so gr\u00fcn\",\"datePublished\":\"2020-11-13T15:16:00+00:00\",\"dateModified\":\"2022-12-01T14:12:06+00:00\",\"mainEntityOfPage\":{\"@id\":\"https:\/\/www.modulor.de\/magazin\/leben-arbeiten\/modulor-e2-sonderedition-4184\/\"},\"wordCount\":2486,\"publisher\":{\"@id\":\"https:\/\/www.modulor.de\/magazin\/#organization\"},\"keywords\":[\"E2 Limited Edition\",\"E2 Sonderedition\",\"E2 Tisch\",\"Modulor M\u00f6bel\",\"Modulor Tische\"],\"articleSection\":[\"Leben + Arbeiten\"],\"inLanguage\":\"de-DE\"},{\"@type\":\"WebPage\",\"@id\":\"https:\/\/www.modulor.de\/magazin\/leben-arbeiten\/modulor-e2-sonderedition-4184\/\",\"url\":\"https:\/\/www.modulor.de\/magazin\/leben-arbeiten\/modulor-e2-sonderedition-4184\/\",\"name\":\"E2 Modulor Sonderedition 4184: Es gr\u00fcnt so gr\u00fcn | Modulor\",\"isPartOf\":{\"@id\":\"https:\/\/www.modulor.de\/magazin\/#website\"},\"datePublished\":\"2020-11-13T15:16:00+00:00\",\"dateModified\":\"2022-12-01T14:12:06+00:00\",\"description\":\"Wir pr\u00e4sentieren: Modulor E2 Sonderedition 4184, den Designklassiker unter den Tischgestellen in Olivgr\u00fcn. Hier gibt's die Impressionen. \ud83d\udcf7\ud83c\udf33\",\"breadcrumb\":{\"@id\":\"https:\/\/www.modulor.de\/magazin\/leben-arbeiten\/modulor-e2-sonderedition-4184\/#breadcrumb\"},\"inLanguage\":\"de-DE\",\"potentialAction\":[{\"@type\":\"ReadAction\",\"target\":[\"https:\/\/www.modulor.de\/magazin\/leben-arbeiten\/modulor-e2-sonderedition-4184\/\"]}]},{\"@type\":\"BreadcrumbList\",\"@id\":\"https:\/\/www.modulor.de\/magazin\/leben-arbeiten\/modulor-e2-sonderedition-4184\/#breadcrumb\",\"itemListElement\":[{\"@type\":\"ListItem\",\"position\":1,\"name\":\"Startseite\",\"item\":\"https:\/\/www.modulor.de\/magazin\/\"},{\"@type\":\"ListItem\",\"position\":2,\"name\":\"E2 Modulor Sonderedition 4184: Es gr\u00fcnt so gr\u00fcn\"}]},{\"@type\":\"WebSite\",\"@id\":\"https:\/\/www.modulor.de\/magazin\/#website\",\"url\":\"https:\/\/www.modulor.de\/magazin\/\",\"name\":\"Modulor\",\"description\":\"Allerhand Inspiration und Wissen rund um Modulor Material, M\u00f6bel, DIY-Projekte und ein Blick hinter die Modulor Kulissen.\",\"publisher\":{\"@id\":\"https:\/\/www.modulor.de\/magazin\/#organization\"},\"potentialAction\":[{\"@type\":\"SearchAction\",\"target\":{\"@type\":\"EntryPoint\",\"urlTemplate\":\"https:\/\/www.modulor.de\/magazin\/?s={search_term_string}\"},\"query-input\":\"required name=search_term_string\"}],\"inLanguage\":\"de-DE\"},{\"@type\":\"Organization\",\"@id\":\"https:\/\/www.modulor.de\/magazin\/#organization\",\"name\":\"Modulor\",\"url\":\"https:\/\/www.modulor.de\/magazin\/\",\"logo\":{\"@type\":\"ImageObject\",\"inLanguage\":\"de-DE\",\"@id\":\"https:\/\/www.modulor.de\/magazin\/#\/schema\/logo\/image\/\",\"url\":\"https:\/\/www.modulor.de\/magazin\/wp-content\/uploads\/2022\/10\/Modulor_Logo_rot_HG-transparent_1200-Px-B.png\",\"contentUrl\":\"https:\/\/www.modulor.de\/magazin\/wp-content\/uploads\/2022\/10\/Modulor_Logo_rot_HG-transparent_1200-Px-B.png\",\"width\":1200,\"height\":360,\"caption\":\"Modulor\"},\"image\":{\"@id\":\"https:\/\/www.modulor.de\/magazin\/#\/schema\/logo\/image\/\"},\"sameAs\":[\"https:\/\/www.instagram.com\/modulorberlin\/?hl=de\",\"https:\/\/www.pinterest.de\/modulor_de\/\",\"https:\/\/de-de.facebook.com\/modulor.de\/\"]},{\"@type\":\"Person\",\"@id\":\"https:\/\/www.modulor.de\/magazin\/#\/schema\/person\/0ea0327a81ae97125b637043198dbef5\",\"name\":\"Pia\",\"image\":{\"@type\":\"ImageObject\",\"inLanguage\":\"de-DE\",\"@id\":\"https:\/\/www.modulor.de\/magazin\/#\/schema\/person\/image\/\",\"url\":\"https:\/\/secure.gravatar.com\/avatar\/35c8dce050ed2945fe42600c6443d029?s=96&d=mm&r=g\",\"contentUrl\":\"https:\/\/secure.gravatar.com\/avatar\/35c8dce050ed2945fe42600c6443d029?s=96&d=mm&r=g\",\"caption\":\"Pia\"},\"url\":\"https:\/\/www.modulor.de\/magazin\/author\/pia-birkmodulor-de\/\"}]}<\/script>\n<!-- \/ Yoast SEO plugin. -->","yoast_head_json":{"title":"E2 Modulor Sonderedition 4184: Es gr\u00fcnt so gr\u00fcn | Modulor","description":"Wir pr\u00e4sentieren: Modulor E2 Sonderedition 4184, den Designklassiker unter den Tischgestellen in Olivgr\u00fcn. Hier gibt's die Impressionen. \ud83d\udcf7\ud83c\udf33","robots":{"index":"index","follow":"follow","max-snippet":"max-snippet:-1","max-image-preview":"max-image-preview:large","max-video-preview":"max-video-preview:-1"},"canonical":"https:\/\/www.modulor.de\/magazin\/leben-arbeiten\/modulor-e2-sonderedition-4184\/","og_locale":"de_DE","og_type":"article","og_title":"E2 Modulor Sonderedition 4184: Es gr\u00fcnt so gr\u00fcn | Modulor","og_description":"Wir pr\u00e4sentieren: Modulor E2 Sonderedition 4184, den Designklassiker unter den Tischgestellen in Olivgr\u00fcn. Hier gibt's die Impressionen. \ud83d\udcf7\ud83c\udf33","og_url":"https:\/\/www.modulor.de\/magazin\/leben-arbeiten\/modulor-e2-sonderedition-4184\/","og_site_name":"Modulor","article_publisher":"https:\/\/de-de.facebook.com\/modulor.de\/","article_published_time":"2020-11-13T15:16:00+00:00","article_modified_time":"2022-12-01T14:12:06+00:00","og_image":[{"width":2560,"height":1363,"url":"https:\/\/www.modulor.de\/magazin\/wp-content\/uploads\/2022\/09\/split-Motiv_2_final-scaled-e1663075672447.jpg","type":"image\/jpeg"}],"author":"Pia","twitter_card":"summary_large_image","twitter_misc":{"Verfasst von":"Pia","Gesch\u00e4tzte Lesezeit":"7 Minuten"},"schema":{"@context":"https:\/\/schema.org","@graph":[{"@type":"Article","@id":"https:\/\/www.modulor.de\/magazin\/leben-arbeiten\/modulor-e2-sonderedition-4184\/#article","isPartOf":{"@id":"https:\/\/www.modulor.de\/magazin\/leben-arbeiten\/modulor-e2-sonderedition-4184\/"},"author":{"name":"Pia","@id":"https:\/\/www.modulor.de\/magazin\/#\/schema\/person\/0ea0327a81ae97125b637043198dbef5"},"headline":"E2 Modulor Sonderedition 4184: Es gr\u00fcnt so gr\u00fcn","datePublished":"2020-11-13T15:16:00+00:00","dateModified":"2022-12-01T14:12:06+00:00","mainEntityOfPage":{"@id":"https:\/\/www.modulor.de\/magazin\/leben-arbeiten\/modulor-e2-sonderedition-4184\/"},"wordCount":2486,"publisher":{"@id":"https:\/\/www.modulor.de\/magazin\/#organization"},"keywords":["E2 Limited Edition","E2 Sonderedition","E2 Tisch","Modulor M\u00f6bel","Modulor Tische"],"articleSection":["Leben + Arbeiten"],"inLanguage":"de-DE"},{"@type":"WebPage","@id":"https:\/\/www.modulor.de\/magazin\/leben-arbeiten\/modulor-e2-sonderedition-4184\/","url":"https:\/\/www.modulor.de\/magazin\/leben-arbeiten\/modulor-e2-sonderedition-4184\/","name":"E2 Modulor Sonderedition 4184: Es gr\u00fcnt so gr\u00fcn | Modulor","isPartOf":{"@id":"https:\/\/www.modulor.de\/magazin\/#website"},"datePublished":"2020-11-13T15:16:00+00:00","dateModified":"2022-12-01T14:12:06+00:00","description":"Wir pr\u00e4sentieren: Modulor E2 Sonderedition 4184, den Designklassiker unter den Tischgestellen in Olivgr\u00fcn. Hier gibt's die Impressionen. \ud83d\udcf7\ud83c\udf33","breadcrumb":{"@id":"https:\/\/www.modulor.de\/magazin\/leben-arbeiten\/modulor-e2-sonderedition-4184\/#breadcrumb"},"inLanguage":"de-DE","potentialAction":[{"@type":"ReadAction","target":["https:\/\/www.modulor.de\/magazin\/leben-arbeiten\/modulor-e2-sonderedition-4184\/"]}]},{"@type":"BreadcrumbList","@id":"https:\/\/www.modulor.de\/magazin\/leben-arbeiten\/modulor-e2-sonderedition-4184\/#breadcrumb","itemListElement":[{"@type":"ListItem","position":1,"name":"Startseite","item":"https:\/\/www.modulor.de\/magazin\/"},{"@type":"ListItem","position":2,"name":"E2 Modulor Sonderedition 4184: Es gr\u00fcnt so gr\u00fcn"}]},{"@type":"WebSite","@id":"https:\/\/www.modulor.de\/magazin\/#website","url":"https:\/\/www.modulor.de\/magazin\/","name":"Modulor","description":"Allerhand Inspiration und Wissen rund um Modulor Material, M\u00f6bel, DIY-Projekte und ein Blick hinter die Modulor Kulissen.","publisher":{"@id":"https:\/\/www.modulor.de\/magazin\/#organization"},"potentialAction":[{"@type":"SearchAction","target":{"@type":"EntryPoint","urlTemplate":"https:\/\/www.modulor.de\/magazin\/?s={search_term_string}"},"query-input":"required name=search_term_string"}],"inLanguage":"de-DE"},{"@type":"Organization","@id":"https:\/\/www.modulor.de\/magazin\/#organization","name":"Modulor","url":"https:\/\/www.modulor.de\/magazin\/","logo":{"@type":"ImageObject","inLanguage":"de-DE","@id":"https:\/\/www.modulor.de\/magazin\/#\/schema\/logo\/image\/","url":"https:\/\/www.modulor.de\/magazin\/wp-content\/uploads\/2022\/10\/Modulor_Logo_rot_HG-transparent_1200-Px-B.png","contentUrl":"https:\/\/www.modulor.de\/magazin\/wp-content\/uploads\/2022\/10\/Modulor_Logo_rot_HG-transparent_1200-Px-B.png","width":1200,"height":360,"caption":"Modulor"},"image":{"@id":"https:\/\/www.modulor.de\/magazin\/#\/schema\/logo\/image\/"},"sameAs":["https:\/\/www.instagram.com\/modulorberlin\/?hl=de","https:\/\/www.pinterest.de\/modulor_de\/","https:\/\/de-de.facebook.com\/modulor.de\/"]},{"@type":"Person","@id":"https:\/\/www.modulor.de\/magazin\/#\/schema\/person\/0ea0327a81ae97125b637043198dbef5","name":"Pia","image":{"@type":"ImageObject","inLanguage":"de-DE","@id":"https:\/\/www.modulor.de\/magazin\/#\/schema\/person\/image\/","url":"https:\/\/secure.gravatar.com\/avatar\/35c8dce050ed2945fe42600c6443d029?s=96&d=mm&r=g","contentUrl":"https:\/\/secure.gravatar.com\/avatar\/35c8dce050ed2945fe42600c6443d029?s=96&d=mm&r=g","caption":"Pia"},"url":"https:\/\/www.modulor.de\/magazin\/author\/pia-birkmodulor-de\/"}]}},"_links":{"self":[{"href":"https:\/\/www.modulor.de\/magazin\/wp-json\/wp\/v2\/posts\/2510"}],"collection":[{"href":"https:\/\/www.modulor.de\/magazin\/wp-json\/wp\/v2\/posts"}],"about":[{"href":"https:\/\/www.modulor.de\/magazin\/wp-json\/wp\/v2\/types\/post"}],"author":[{"embeddable":true,"href":"https:\/\/www.modulor.de\/magazin\/wp-json\/wp\/v2\/users\/2"}],"replies":[{"embeddable":true,"href":"https:\/\/www.modulor.de\/magazin\/wp-json\/wp\/v2\/comments?post=2510"}],"version-history":[{"count":1,"href":"https:\/\/www.modulor.de\/magazin\/wp-json\/wp\/v2\/posts\/2510\/revisions"}],"predecessor-version":[{"id":5660,"href":"https:\/\/www.modulor.de\/magazin\/wp-json\/wp\/v2\/posts\/2510\/revisions\/5660"}],"wp:featuredmedia":[{"embeddable":true,"href":"https:\/\/www.modulor.de\/magazin\/wp-json\/wp\/v2\/media\/2514"}],"wp:attachment":[{"href":"https:\/\/www.modulor.de\/magazin\/wp-json\/wp\/v2\/media?parent=2510"}],"wp:term":[{"taxonomy":"category","embeddable":true,"href":"https:\/\/www.modulor.de\/magazin\/wp-json\/wp\/v2\/categories?post=2510"},{"taxonomy":"post_tag","embeddable":true,"href":"https:\/\/www.modulor.de\/magazin\/wp-json\/wp\/v2\/tags?post=2510"}],"curies":[{"name":"wp","href":"https:\/\/api.w.org\/{rel}","templated":true}]}}