{"id":2363,"date":"2020-09-08T10:08:00","date_gmt":"2020-09-08T08:08:00","guid":{"rendered":"https:\/\/www.modulor.de\/magazin\/?p=2363"},"modified":"2022-12-01T15:12:44","modified_gmt":"2022-12-01T14:12:44","slug":"im-gespraech-mit-mimycri","status":"publish","type":"post","link":"https:\/\/www.modulor.de\/magazin\/konsum-zufriedenheit\/im-gespraech-mit-mimycri\/","title":{"rendered":"Taschen aus Fl\u00fcchtlingsbooten: Im Gespr\u00e4ch mit mimycri"},"content":{"rendered":"<p>[et_pb_section fb_built=&#8220;1&#8243; _builder_version=&#8220;4.17.3&#8243; _module_preset=&#8220;default&#8220; custom_padding=&#8220;||15px|||&#8220; global_colors_info=&#8220;{}&#8220;][et_pb_row _builder_version=&#8220;4.17.3&#8243; _module_preset=&#8220;default&#8220; global_colors_info=&#8220;{}&#8220;][et_pb_column type=&#8220;4_4&#8243; _builder_version=&#8220;4.17.3&#8243; _module_preset=&#8220;default&#8220; global_colors_info=&#8220;{}&#8220;][et_pb_post_title text_background=&#8220;on&#8220; _builder_version=&#8220;4.17.3&#8243; _module_preset=&#8220;default&#8220; title_text_color=&#8220;#000000&#8243; meta_text_align=&#8220;center&#8220; global_colors_info=&#8220;{}&#8220;][\/et_pb_post_title][et_pb_text _builder_version=&#8220;4.17.3&#8243; _module_preset=&#8220;default&#8220; hover_enabled=&#8220;0&#8243; global_colors_info=&#8220;{}&#8220; sticky_enabled=&#8220;0&#8243;]<\/p>\n<p><span>Upcycling, Reparieren, Ressourcen schonen, Wiederverwerten \u2013 \u00fcber diese Themen denken wir gerade viel nach. Wenn dann noch ein <a href=\"https:\/\/www.modulor.de\/material-werkzeug\/\" target=\"_blank\" rel=\"noopener\">Material<\/a> mit Bedeutung und Geschichte wiederverwertet wird und daraus und ein individuelles, hochwertiges Produkt neu entsteht, finden wir das gleich doppelt gut.\u00a0<\/span><a href=\"https:\/\/www.mimycri.de\/\" target=\"_blank\" class=\"BannerModule__link___2b9E-\" rel=\"noopener\"><strong class=\"BannerModule__bold___1s5X1\">mimycri<\/strong><\/a><span>\u00a0macht Taschen. Aber nicht aus gew\u00f6hnlichem Stoff oder gar Leder. Die Bauchtaschen, Rucks\u00e4cke, Laptop-Taschen und Shopper werden produziert aus dem Material von Schlauchbooten, mit denen Gefl\u00fcchtete \u00fcbers Mittelmeer kommen.<\/span><br \/><span>Bevor da drau\u00dfen der ganze Corona-Wahnsinn ausgebrochen ist, haben wir mimycri in ihrem Studio in Alt-Treptow besucht. Und mit den Gr\u00fcnderinnen Vera und Nora, sowie mit Khaldoun und Abid gesprochen. \u00dcbers nicht Wegschauen, den Kreativprozess, wenn man zu viert auf knapp 25 Quadratmeter arbeitet und \u00fcber die T\u00fccken beim Vern\u00e4hen der dicken Gummiplane.\u00a0<\/span><\/p>\n<p>[\/et_pb_text][\/et_pb_column][\/et_pb_row][et_pb_row _builder_version=&#8220;4.17.3&#8243; _module_preset=&#8220;default&#8220; global_colors_info=&#8220;{}&#8220;][et_pb_column type=&#8220;4_4&#8243; _builder_version=&#8220;4.17.3&#8243; _module_preset=&#8220;default&#8220; global_colors_info=&#8220;{}&#8220;][et_pb_text _builder_version=&#8220;4.17.3&#8243; _module_preset=&#8220;default&#8220; global_colors_info=&#8220;{}&#8220;]<\/p>\n<h2>Ein Besuch bei mimycri\u00a0<\/h2>\n<p>[\/et_pb_text][\/et_pb_column][\/et_pb_row][et_pb_row _builder_version=&#8220;4.17.3&#8243; _module_preset=&#8220;default&#8220; custom_padding=&#8220;0px|||||&#8220; global_colors_info=&#8220;{}&#8220;][et_pb_column type=&#8220;4_4&#8243; _builder_version=&#8220;4.17.3&#8243; _module_preset=&#8220;default&#8220; global_colors_info=&#8220;{}&#8220;][et_pb_text _builder_version=&#8220;4.17.3&#8243; _module_preset=&#8220;default&#8220; global_colors_info=&#8220;{}&#8220;]<\/p>\n<h3 class=\"TextModule__headline-h3___MN46G\"><strong class=\"TextModule__bold___1ubC0\">Ihr macht Taschen und R\u00fccks\u00e4cke aus Fl\u00fcchtlingsbooten. Wie kam es dazu? Was war Eure Intention, mimycri zu gr\u00fcnden?<\/strong><\/h3>\n<p>[\/et_pb_text][\/et_pb_column][\/et_pb_row][et_pb_row column_structure=&#8220;2_5,3_5&#8243; _builder_version=&#8220;4.17.3&#8243; _module_preset=&#8220;default&#8220; global_colors_info=&#8220;{}&#8220;][et_pb_column type=&#8220;2_5&#8243; _builder_version=&#8220;4.17.3&#8243; _module_preset=&#8220;default&#8220; global_colors_info=&#8220;{}&#8220;][et_pb_image src=&#8220;https:\/\/www.modulor.de\/magazin\/wp-content\/uploads\/2022\/09\/98A1063-scaled.jpg&#8220; title_text=&#8220;_98A1063&#8243; _builder_version=&#8220;4.17.3&#8243; _module_preset=&#8220;default&#8220; global_colors_info=&#8220;{}&#8220;][\/et_pb_image][\/et_pb_column][et_pb_column type=&#8220;3_5&#8243; _builder_version=&#8220;4.17.3&#8243; _module_preset=&#8220;default&#8220; global_colors_info=&#8220;{}&#8220;][et_pb_text _builder_version=&#8220;4.17.3&#8243; _module_preset=&#8220;default&#8220; width=&#8220;96%&#8220; global_colors_info=&#8220;{}&#8220;]<\/p>\n<p><strong class=\"TextModule__bold___1ubC0\">Vera:<\/strong><span>\u00a0mimycri gibt es seit 2017. Nora und ich waren gemeinsam mehrere Monate als Helferinnen auf der griechischen Insel Chios. Teil unserer Arbeit war es, Menschen am Strand in Empfang zu nehmen, ihnen trockene Kleidung zu geben und mit Essen und Trinken zu versorgen. Aber eben auch die Str\u00e4nde aufzur\u00e4umen. Schlie\u00dflich war alles voller Rettungswesten und nasser Kleidung, die Menschen ausziehen m\u00fcssen. Und eben voller kaputter Boote.<\/span><br \/><span>Wir haben uns dabei immer schon Gedanken gemacht, was man hier strukturell \u00e4ndern kann. Etwa nasse Kleidungsst\u00fccke zu waschen und wiederzuverwerten, sodass man Spendengeldern f\u00fcr andere Zwecke und Projekte einsetzen kann.<\/span><\/p>\n<p>[\/et_pb_text][et_pb_text _builder_version=&#8220;4.17.3&#8243; _module_preset=&#8220;default&#8220; width=&#8220;96%&#8220; global_colors_info=&#8220;{}&#8220;]<\/p>\n<p><span>Dabei war auch eine Frage, was man mit den Bootsmaterial machen kann, das einerseits Zeuge dessen was dort passiert, aber andererseits eben auch sehr robustes und interessantes Material ist. Zur\u00fcck in Deutschland war uns klar, dass wir hier weiter aktiv sein wollten: Wir wollten Aufmerksamkeit f\u00fcr die Situation im Mittelmeer schaffen aber auch konstruktive praktische L\u00f6sungen finden.\u00a0<\/span><\/p>\n<p>[\/et_pb_text][\/et_pb_column][\/et_pb_row][et_pb_row _builder_version=&#8220;4.17.3&#8243; _module_preset=&#8220;default&#8220; global_colors_info=&#8220;{}&#8220;][et_pb_column type=&#8220;4_4&#8243; _builder_version=&#8220;4.17.3&#8243; _module_preset=&#8220;default&#8220; global_colors_info=&#8220;{}&#8220;][et_pb_text _builder_version=&#8220;4.17.3&#8243; _module_preset=&#8220;default&#8220; global_colors_info=&#8220;{}&#8220;]<\/p>\n<p><span>Wir hatten in Griechenland viele Leute kennengelernt, die in ihren Heimatl\u00e4ndern Schneiderinnen und Schneider waren. Daher die \u00dcberlegung: Was kann man mit dem Material machen, so dass man einerseits Aufmerksamkeit generiert, aber andererseits auch f\u00fcr die Menschen, die hier neu ankommen, Arbeitsm\u00f6glichkeiten schafft? Wir haben lange \u00fcberlegt und irgendwann sind wir bei der Idee gelandet, Taschen und Rucks\u00e4cke zu machen.\u00a0<\/span><\/p>\n<p>[\/et_pb_text][\/et_pb_column][\/et_pb_row][et_pb_row _builder_version=&#8220;4.17.3&#8243; _module_preset=&#8220;default&#8220; global_colors_info=&#8220;{}&#8220;][et_pb_column type=&#8220;4_4&#8243; _builder_version=&#8220;4.17.3&#8243; _module_preset=&#8220;default&#8220; global_colors_info=&#8220;{}&#8220;][et_pb_text _builder_version=&#8220;4.17.3&#8243; _module_preset=&#8220;default&#8220; global_colors_info=&#8220;{}&#8220;]<\/p>\n<blockquote>\n<p style=\"text-align: left;\">\u201e<span>Wir wollen Aufmerksamkeit f\u00fcr das Thema schaffen, haben dabei aber einen anderen Zugang w\u00e4hlen, als das klassische Erz\u00e4hlen oder Bilder zeigen. Wir sind gro\u00dfe Verfechterinnen davon, einen Ansatz zu w\u00e4hlen, der soziale, \u00f6konomische, \u00f6kologische Aspekte gleicherma\u00dfen vereint.<\/span>\u201c<\/p>\n<p style=\"text-align: right;\">Nora, Co-Founderin<\/p>\n<\/blockquote>\n<p>[\/et_pb_text][\/et_pb_column][\/et_pb_row][et_pb_row column_structure=&#8220;2_3,1_3&#8243; _builder_version=&#8220;4.17.3&#8243; _module_preset=&#8220;default&#8220; global_colors_info=&#8220;{}&#8220;][et_pb_column type=&#8220;2_3&#8243; _builder_version=&#8220;4.17.3&#8243; _module_preset=&#8220;default&#8220; global_colors_info=&#8220;{}&#8220;][et_pb_image src=&#8220;https:\/\/www.modulor.de\/magazin\/wp-content\/uploads\/2022\/09\/98A0620-scaled.jpg&#8220; title_text=&#8220;_98A0620&#8243; _builder_version=&#8220;4.17.3&#8243; _module_preset=&#8220;default&#8220; global_colors_info=&#8220;{}&#8220;][\/et_pb_image][\/et_pb_column][et_pb_column type=&#8220;1_3&#8243; _builder_version=&#8220;4.17.3&#8243; _module_preset=&#8220;default&#8220; global_colors_info=&#8220;{}&#8220;][et_pb_image src=&#8220;https:\/\/www.modulor.de\/magazin\/wp-content\/uploads\/2022\/09\/98A1150-scaled.jpg&#8220; title_text=&#8220;_98A1150&#8243; _builder_version=&#8220;4.17.3&#8243; _module_preset=&#8220;default&#8220; global_colors_info=&#8220;{}&#8220;][\/et_pb_image][\/et_pb_column][\/et_pb_row][et_pb_row _builder_version=&#8220;4.17.3&#8243; _module_preset=&#8220;default&#8220; global_colors_info=&#8220;{}&#8220;][et_pb_column type=&#8220;4_4&#8243; _builder_version=&#8220;4.17.3&#8243; _module_preset=&#8220;default&#8220; global_colors_info=&#8220;{}&#8220;][et_pb_text module_id=&#8220;PST-anker3&#8243; _builder_version=&#8220;4.17.3&#8243; _module_preset=&#8220;default&#8220; global_colors_info=&#8220;{}&#8220;]<\/p>\n<h3 class=\"TextModule__headline-h3___MN46G\"><strong class=\"TextModule__bold___1ubC0\">Woher genau bekommt Ihr Euer Material?\u00a0<\/strong><\/h3>\n<p class=\"TextModule__paragraph___3AIU_\"><strong class=\"TextModule__bold___1ubC0\">Vera:<\/strong><span>\u00a0<\/span>Von den griechischen Inseln Chios und Lesbos. Auf beiden Inseln arbeiten wir mit Organisationen zusammen, die \u2013 zumindest bis vor kurzem noch \u2013 gro\u00dfartige Arbeit geleistet haben. Menschen in Empfang genommen haben, und eben weiterhin auch die Str\u00e4nde gereinigt haben. Und, anstatt das Material der Boote wegzuwerfen, wie es gehandhabt wurde, bevor es mimycri gab, sammeln die das jetzt. Sobald eine oder zwei Paletten voll sind, wird das Material nach Berlin geschickt. Wir unterst\u00fctzen diese Organisationen mit ca. 3 % unserer Einnahmen, machen gleichzeitig aber nat\u00fcrlich aufmerksam auf deren Arbeit und vermitteln auch Menschen, die als Freiwillige dort arbeiten wollen.\u00a0<\/p>\n<p>[\/et_pb_text][\/et_pb_column][\/et_pb_row][et_pb_row column_structure=&#8220;1_2,1_2&#8243; _builder_version=&#8220;4.17.3&#8243; _module_preset=&#8220;default&#8220; global_colors_info=&#8220;{}&#8220;][et_pb_column type=&#8220;1_2&#8243; _builder_version=&#8220;4.17.3&#8243; _module_preset=&#8220;default&#8220; global_colors_info=&#8220;{}&#8220;][et_pb_text _builder_version=&#8220;4.17.3&#8243; _module_preset=&#8220;default&#8220; width=&#8220;96%&#8220; global_colors_info=&#8220;{}&#8220;]<\/p>\n<h3 class=\"TextModule__headline-h3___MN46G\"><strong class=\"TextModule__bold___1ubC0\">In welchem Zustand kommt das Material bei Euch an? Die Boote werden an den Str\u00e4nden ja aktiv zerst\u00f6rt?<\/strong><\/h3>\n<p class=\"TextModule__paragraph___3AIU_\"><strong class=\"TextModule__bold___1ubC0\">Vera:<span>\u00a0<\/span><\/strong>Ja, die Boote sind entweder schon kaputt und lassen oft Luft, weil sie eben viel zu schwer beladen sind. Oder sie werden von der lokalen Bev\u00f6lkerung oder teilweise den Beh\u00f6rden kaputt gemacht, damit man mit ihnen nicht mehr zur\u00fcckfahren kann. Aber die Boote sind nicht komplett zerfetzt. Sie sind so kaputtgemacht, dass man sie nicht mehr nutzen kann und sie auch nicht mehr repariert werden k\u00f6nnen. Das Material ist meist in gutem Zustand.<em class=\"TextModule__italic___5Ug1_\"><span>\u00a0<\/span><\/em>Wir k\u00f6nnen ca. 90 % eines Bootes verarbeiten. Der Rest wird herausgeschnitten und vor Ort entsorgt.<em class=\"TextModule__italic___5Ug1_\">\u00a0<\/em><\/p>\n<p>[\/et_pb_text][\/et_pb_column][et_pb_column type=&#8220;1_2&#8243; _builder_version=&#8220;4.17.3&#8243; _module_preset=&#8220;default&#8220; global_colors_info=&#8220;{}&#8220;][et_pb_image src=&#8220;https:\/\/www.modulor.de\/magazin\/wp-content\/uploads\/2022\/09\/98A0651-scaled-e1662638878377.jpg&#8220; title_text=&#8220;_98A0651&#8243; _builder_version=&#8220;4.17.3&#8243; _module_preset=&#8220;default&#8220; transform_scale_tablet=&#8220;&#8220; transform_scale_phone=&#8220;&#8220; transform_scale_last_edited=&#8220;on|phone&#8220; transform_translate_tablet=&#8220;0px|0px&#8220; transform_translate_phone=&#8220;0px|0px&#8220; transform_translate_last_edited=&#8220;on|desktop&#8220; transform_translate_linked=&#8220;off&#8220; transform_rotate_tablet=&#8220;&#8220; transform_rotate_phone=&#8220;&#8220; transform_rotate_last_edited=&#8220;on|desktop&#8220; transform_skew_tablet=&#8220;&#8220; transform_skew_phone=&#8220;&#8220; transform_skew_last_edited=&#8220;on|desktop&#8220; transform_origin_tablet=&#8220;&#8220; transform_origin_phone=&#8220;&#8220; transform_origin_last_edited=&#8220;on|desktop&#8220; transform_styles_last_edited=&#8220;on|desktop&#8220; transform_styles_tablet=&#8220;&#8220; transform_styles_phone=&#8220;&#8220; global_colors_info=&#8220;{}&#8220;][\/et_pb_image][\/et_pb_column][\/et_pb_row][et_pb_row _builder_version=&#8220;4.17.3&#8243; _module_preset=&#8220;default&#8220; global_colors_info=&#8220;{}&#8220;][et_pb_column type=&#8220;4_4&#8243; _builder_version=&#8220;4.17.3&#8243; _module_preset=&#8220;default&#8220; global_colors_info=&#8220;{}&#8220;][et_pb_text _builder_version=&#8220;4.17.3&#8243; _module_preset=&#8220;default&#8220; global_colors_info=&#8220;{}&#8220;]<\/p>\n<h3 class=\"TextModule__headline-h3___MN46G\"><strong class=\"TextModule__bold___1ubC0\">Was passiert mit dem Material, sobald es in Deutschland ist? Was sind die n\u00e4chsten Schritte?<\/strong><\/h3>\n<p class=\"TextModule__paragraph___3AIU_\"><strong class=\"TextModule__bold___1ubC0\">Vera:<\/strong><span>\u00a0<\/span>Das Material kommt grob zugeschnitten, aber nicht gereinigt bei uns an. Wobei man alle Teile nat\u00fcrlich nochmal \u00fcberpr\u00fcfen muss \u2013 das machen Abid und Khaldoun. Sind da L\u00f6cher drin? Hat das Material Kratzer? F\u00fcr uns ist es super wichtig, dass unsere Produkte ein Qualit\u00e4tsanspruch erf\u00fcllen und nicht direkt nach ein paar Mal Tragen diesen \u201egebrauchten Schlauchboot-Look\u201c haben. Nach der Kontrolle werden die Patterns zugeschnitten, anschlie\u00dfend gewaschen und getrocknet. Dann k\u00f6nnen sie zu Produkten gen\u00e4ht werden.\u00a0<\/p>\n<p>[\/et_pb_text][\/et_pb_column][\/et_pb_row][et_pb_row column_structure=&#8220;2_3,1_3&#8243; _builder_version=&#8220;4.17.3&#8243; _module_preset=&#8220;default&#8220; global_colors_info=&#8220;{}&#8220;][et_pb_column type=&#8220;2_3&#8243; _builder_version=&#8220;4.17.3&#8243; _module_preset=&#8220;default&#8220; global_colors_info=&#8220;{}&#8220;][et_pb_image src=&#8220;https:\/\/www.modulor.de\/magazin\/wp-content\/uploads\/2022\/09\/98A0692-scaled.jpg&#8220; title_text=&#8220;_98A0692&#8243; _builder_version=&#8220;4.17.3&#8243; _module_preset=&#8220;default&#8220; global_colors_info=&#8220;{}&#8220;][\/et_pb_image][\/et_pb_column][et_pb_column type=&#8220;1_3&#8243; _builder_version=&#8220;4.17.3&#8243; _module_preset=&#8220;default&#8220; global_colors_info=&#8220;{}&#8220;][et_pb_image src=&#8220;https:\/\/www.modulor.de\/magazin\/wp-content\/uploads\/2022\/09\/98A0677-scaled.jpg&#8220; title_text=&#8220;_98A0677&#8243; _builder_version=&#8220;4.17.3&#8243; _module_preset=&#8220;default&#8220; global_colors_info=&#8220;{}&#8220;][\/et_pb_image][\/et_pb_column][\/et_pb_row][et_pb_row column_structure=&#8220;1_2,1_2&#8243; _builder_version=&#8220;4.17.3&#8243; _module_preset=&#8220;default&#8220; global_colors_info=&#8220;{}&#8220;][et_pb_column type=&#8220;1_2&#8243; _builder_version=&#8220;4.17.3&#8243; _module_preset=&#8220;default&#8220; global_colors_info=&#8220;{}&#8220;][et_pb_text _builder_version=&#8220;4.17.3&#8243; _module_preset=&#8220;default&#8220; width=&#8220;96%&#8220; global_colors_info=&#8220;{}&#8220;]<\/p>\n<h3 class=\"TextModule__headline-h3___MN46G\"><strong class=\"TextModule__bold___1ubC0\">Bleiben wir mal beim Material: Wie ist das Arbeiten mit Gummiplanen? Als Schneider ist man ja doch andere Stoffe gewohnt.<\/strong><\/h3>\n<p class=\"TextModule__paragraph___3AIU_\"><strong class=\"TextModule__bold___1ubC0\">Abid:<span>\u00a0<\/span><\/strong>Ich habe in Pakistan fast 20 Jahre Hemden und T-Shirts gen\u00e4ht und mit allen m\u00f6glichen Textilstoffen gearbeitet. Die Gummiplanen hier waren neu f\u00fcr mich. Und ja: eine Challenge. Am Anfang war es wirklich komisch und schwer. Leder ist da viel einfacher. Als ich das Material zum ersten Mal gesehen und angefasst habe, hab ich gesagt: Wir brauchen starke Maschinen. Mit einer normalen N\u00e4hmaschine \u2026 uh. Wir haben dann viel herumprobiert um herauszufinden, was funktioniert.<\/p>\n<p>[\/et_pb_text][\/et_pb_column][et_pb_column type=&#8220;1_2&#8243; _builder_version=&#8220;4.17.3&#8243; _module_preset=&#8220;default&#8220; global_colors_info=&#8220;{}&#8220;][et_pb_image src=&#8220;https:\/\/www.modulor.de\/magazin\/wp-content\/uploads\/2022\/09\/98A0697-scaled-e1662639052321.jpg&#8220; title_text=&#8220;_98A0697&#8243; _builder_version=&#8220;4.17.3&#8243; _module_preset=&#8220;default&#8220; global_colors_info=&#8220;{}&#8220;][\/et_pb_image][\/et_pb_column][\/et_pb_row][et_pb_row _builder_version=&#8220;4.17.3&#8243; _module_preset=&#8220;default&#8220; global_colors_info=&#8220;{}&#8220;][et_pb_column type=&#8220;4_4&#8243; _builder_version=&#8220;4.17.3&#8243; _module_preset=&#8220;default&#8220; global_colors_info=&#8220;{}&#8220;][et_pb_text module_id=&#8220;PST-anker4&#8243; _builder_version=&#8220;4.17.3&#8243; _module_preset=&#8220;default&#8220; global_colors_info=&#8220;{}&#8220;]<\/p>\n<h3 class=\"TextModule__headline-h3___MN46G\"><strong class=\"TextModule__bold___1ubC0\">Was sind die gr\u00f6\u00dften Herausforderungen beim Vern\u00e4hen oder Bearbeiten dieser Gummiplanen?\u00a0<\/strong><\/h3>\n<p class=\"TextModule__paragraph___3AIU_\"><strong class=\"TextModule__bold___1ubC0\">Khaldoun:<span>\u00a0<\/span><\/strong>Das Material ist dick und hart, das muss man an der Maschine richtig beherrschen. Wenn man kleinere Teile vern\u00e4ht, ist das nicht so schlimm. Aber bei gro\u00dfen St\u00fccken \u2013 bei gro\u00dfen Taschen oder Rucks\u00e4cken \u2013 ist das schon schwierig.\u00a0<\/p>\n<p>[\/et_pb_text][et_pb_text _builder_version=&#8220;4.17.3&#8243; _module_preset=&#8220;default&#8220; global_colors_info=&#8220;{}&#8220;]<\/p>\n<h3 class=\"TextModule__headline-h3___MN46G\"><strong class=\"TextModule__bold___1ubC0\">Schlauchboote, die man von den Nachrichtenbildern kennt, sind doch meistens schwarz. Bei euren Produkten findet man aber auch viele knallige Farben. Kommt hierf\u00fcr anderes Material zum Einsatz?\u00a0<\/strong><\/h3>\n<p class=\"TextModule__paragraph___3AIU_\"><strong class=\"TextModule__bold___1ubC0\">Vera:<span>\u00a0<\/span><\/strong>Wir verwenden tats\u00e4chlich nur das Material der Boote. Au\u00dfer wir arbeiten mit speziellen Kooperationspartnern, die ein anderes Material wollen. Die Farben \u00fcberraschen uns tats\u00e4chlich auch immer wieder. Sie kommen nicht vom \u00c4u\u00dferen der Boote, sondern von den Luftkammern innerhalb des Schlauchbootes. Das Material ist ein klein wenig d\u00fcnner und leichter zu verarbeiten. Wir bekommen teilweise pink, neongr\u00fcn, rot \u2026 aber ja, das ist tats\u00e4chlich alles Bootsmaterial.\u00a0<\/p>\n<p>[\/et_pb_text][\/et_pb_column][\/et_pb_row][et_pb_row column_structure=&#8220;3_5,2_5&#8243; _builder_version=&#8220;4.17.3&#8243; _module_preset=&#8220;default&#8220; global_colors_info=&#8220;{}&#8220;][et_pb_column type=&#8220;3_5&#8243; _builder_version=&#8220;4.17.3&#8243; _module_preset=&#8220;default&#8220; global_colors_info=&#8220;{}&#8220;][et_pb_image src=&#8220;https:\/\/www.modulor.de\/magazin\/wp-content\/uploads\/2022\/09\/98A0886-scaled.jpg&#8220; title_text=&#8220;_98A0886&#8243; _builder_version=&#8220;4.17.3&#8243; _module_preset=&#8220;default&#8220; transform_scale_tablet=&#8220;&#8220; transform_scale_phone=&#8220;&#8220; transform_scale_last_edited=&#8220;on|desktop&#8220; transform_translate_tablet=&#8220;0px|0px&#8220; transform_translate_phone=&#8220;0px|0px&#8220; transform_translate_last_edited=&#8220;on|desktop&#8220; transform_translate_linked=&#8220;off&#8220; transform_rotate_tablet=&#8220;&#8220; transform_rotate_phone=&#8220;&#8220; transform_rotate_last_edited=&#8220;on|desktop&#8220; transform_skew_tablet=&#8220;&#8220; transform_skew_phone=&#8220;&#8220; transform_skew_last_edited=&#8220;on|desktop&#8220; transform_origin_tablet=&#8220;&#8220; transform_origin_phone=&#8220;&#8220; transform_origin_last_edited=&#8220;on|desktop&#8220; transform_styles_last_edited=&#8220;on|desktop&#8220; transform_styles_tablet=&#8220;&#8220; transform_styles_phone=&#8220;&#8220; global_colors_info=&#8220;{}&#8220;][\/et_pb_image][\/et_pb_column][et_pb_column type=&#8220;2_5&#8243; _builder_version=&#8220;4.17.3&#8243; _module_preset=&#8220;default&#8220; global_colors_info=&#8220;{}&#8220;][et_pb_image src=&#8220;https:\/\/www.modulor.de\/magazin\/wp-content\/uploads\/2022\/09\/98A0977-scaled.jpg&#8220; title_text=&#8220;_98A0977&#8243; _builder_version=&#8220;4.17.3&#8243; _module_preset=&#8220;default&#8220; global_colors_info=&#8220;{}&#8220;][\/et_pb_image][\/et_pb_column][\/et_pb_row][et_pb_row _builder_version=&#8220;4.17.3&#8243; _module_preset=&#8220;default&#8220; global_colors_info=&#8220;{}&#8220;][et_pb_column type=&#8220;4_4&#8243; _builder_version=&#8220;4.17.3&#8243; _module_preset=&#8220;default&#8220; global_colors_info=&#8220;{}&#8220;][et_pb_text module_id=&#8220;PST-anker5&#8243; _builder_version=&#8220;4.17.3&#8243; _module_preset=&#8220;default&#8220; custom_margin=&#8220;|224px|-6px|224px|false|false&#8220; global_colors_info=&#8220;{}&#8220;]<\/p>\n<div id=\"arealayoutrowarea-row-15\" class=\"module_bWFnYXppbi9zdG9yeS9pbS1nZXNwcmFlY2gtbWl0LW1pbXljcmkv_AreaLayoutRow_15 AreaLayout__AreaLayoutRow___2Xps6 \">\n<div class=\"AreaLayout__row___37mlk AreaLayout__row__full___2o208\">\n<div id=\"text634402\" class=\"module_bWFnYXppbi9zdG9yeS9pbS1nZXNwcmFlY2gtbWl0LW1pbXljcmkv_TEXT_636637 TextModule__TEXT___35YEX AreaLayout__column___loShH AreaLayout__column__1-layout--1-elements--1-span___23x8G\" data-testid=\"LayoutColumn__TEXT.636637\">\n<div class=\"TextModule__textWrapper___2aHt4\">\n<div data-content-checksum=\"2cc084d869c9b57fdd0be197f6b3fee690307a6e\" class=\"TextModule__description___2Y1l0\">\n<h3 class=\"TextModule__headline-h3___MN46G\"><strong class=\"TextModule__bold___1ubC0\">Welche Gedanken hat man, wenn man jeden Tag mit Material arbeitet, an dem gleicherma\u00dfen so viel Leid und Hoffnung \u201eklebt\u201c?<\/strong><\/h3>\n<\/div>\n<\/div>\n<\/div>\n<\/div>\n<\/div>\n<div id=\"arealayoutrowarea-row-16\" class=\"module_bWFnYXppbi9zdG9yeS9pbS1nZXNwcmFlY2gtbWl0LW1pbXljcmkv_AreaLayoutRow_16 AreaLayout__AreaLayoutRow___2Xps6 \">\n<div class=\"AreaLayout__row___37mlk AreaLayout__row__full___2o208\">\n<div id=\"image634469\" class=\"module_bWFnYXppbi9zdG9yeS9pbS1nZXNwcmFlY2gtbWl0LW1pbXljcmkv_IMAGE_636638 ImageModule__IMAGE___2rP79 AreaLayout__column___loShH AreaLayout__column__2-layout--2-elements--1-span___tYps_\" data-testid=\"LayoutColumn__IMAGE.636638\">\n<figure class=\"ImageModule__imageWrapper___2e4Dz\"><picture class=\"ImageModule__picture___S8d_m\"><source srcset=\"https:\/\/styla-prod-us.imgix.net\/2c561d41-74b0-4cc3-809d-2dea8ccd96d1\/1586248382412_ed27c885-e631-4fd6-8f31-bd95b9c9562d?auto=format%2Ccompress&amp;w=300&amp;h=240&amp;fit=crop&amp;crop=faces%2Cedges 300w, https:\/\/styla-prod-us.imgix.net\/2c561d41-74b0-4cc3-809d-2dea8ccd96d1\/1586248382412_ed27c885-e631-4fd6-8f31-bd95b9c9562d?auto=format%2Ccompress&amp;w=450&amp;h=360&amp;fit=crop&amp;crop=faces%2Cedges 450w, https:\/\/styla-prod-us.imgix.net\/2c561d41-74b0-4cc3-809d-2dea8ccd96d1\/1586248382412_ed27c885-e631-4fd6-8f31-bd95b9c9562d?auto=format%2Ccompress&amp;w=600&amp;h=480&amp;fit=crop&amp;crop=faces%2Cedges 600w, https:\/\/styla-prod-us.imgix.net\/2c561d41-74b0-4cc3-809d-2dea8ccd96d1\/1586248382412_ed27c885-e631-4fd6-8f31-bd95b9c9562d?auto=format%2Ccompress&amp;w=750&amp;h=600&amp;fit=crop&amp;crop=faces%2Cedges 750w, https:\/\/styla-prod-us.imgix.net\/2c561d41-74b0-4cc3-809d-2dea8ccd96d1\/1586248382412_ed27c885-e631-4fd6-8f31-bd95b9c9562d?auto=format%2Ccompress&amp;w=900&amp;h=720&amp;fit=crop&amp;crop=faces%2Cedges 900w, https:\/\/styla-prod-us.imgix.net\/2c561d41-74b0-4cc3-809d-2dea8ccd96d1\/1586248382412_ed27c885-e631-4fd6-8f31-bd95b9c9562d?auto=format%2Ccompress&amp;w=1080&amp;h=864&amp;fit=crop&amp;crop=faces%2Cedges 1080w, https:\/\/styla-prod-us.imgix.net\/2c561d41-74b0-4cc3-809d-2dea8ccd96d1\/1586248382412_ed27c885-e631-4fd6-8f31-bd95b9c9562d?auto=format%2Ccompress&amp;w=1280&amp;h=1024&amp;fit=crop&amp;crop=faces%2Cedges 1280w, https:\/\/styla-prod-us.imgix.net\/2c561d41-74b0-4cc3-809d-2dea8ccd96d1\/1586248382412_ed27c885-e631-4fd6-8f31-bd95b9c9562d?auto=format%2Ccompress&amp;w=1440&amp;h=1152&amp;fit=crop&amp;crop=faces%2Cedges 1440w, https:\/\/styla-prod-us.imgix.net\/2c561d41-74b0-4cc3-809d-2dea8ccd96d1\/1586248382412_ed27c885-e631-4fd6-8f31-bd95b9c9562d?auto=format%2Ccompress&amp;w=1680&amp;h=1344&amp;fit=crop&amp;crop=faces%2Cedges 1680w, https:\/\/styla-prod-us.imgix.net\/2c561d41-74b0-4cc3-809d-2dea8ccd96d1\/1586248382412_ed27c885-e631-4fd6-8f31-bd95b9c9562d?auto=format%2Ccompress&amp;w=1920&amp;h=1536&amp;fit=crop&amp;crop=faces%2Cedges 1920w, https:\/\/styla-prod-us.imgix.net\/2c561d41-74b0-4cc3-809d-2dea8ccd96d1\/1586248382412_ed27c885-e631-4fd6-8f31-bd95b9c9562d?auto=format%2Ccompress&amp;w=2560&amp;h=2048&amp;fit=crop&amp;crop=faces%2Cedges 2560w, https:\/\/styla-prod-us.imgix.net\/2c561d41-74b0-4cc3-809d-2dea8ccd96d1\/1586248382412_ed27c885-e631-4fd6-8f31-bd95b9c9562d?auto=format%2Ccompress&amp;w=3840&amp;h=3072&amp;fit=crop&amp;crop=faces%2Cedges 3840w\" sizes=\"(max-width: 300px) 300px, (max-width: 450px) 450px, (max-width: 600px) 600px, (max-width: 750px) 750px, (max-width: 900px) 450px, (max-width: 1080px) 600px, (max-width: 1280px) 600px, (max-width: 1440px) 600px, (max-width: 1680px) 600px, (max-width: 1920px) 600px, (max-width: 2560px) 600px, (max-width: 3840px) 600px, 1280px\" \/><\/picture><\/figure>\n<\/div>\n<\/div>\n<\/div>\n<p>[\/et_pb_text][\/et_pb_column][\/et_pb_row][et_pb_row column_structure=&#8220;2_3,1_3&#8243; _builder_version=&#8220;4.17.3&#8243; _module_preset=&#8220;default&#8220; width=&#8220;100%&#8220; custom_padding=&#8220;28px|||||&#8220; global_colors_info=&#8220;{}&#8220;][et_pb_column type=&#8220;2_3&#8243; _builder_version=&#8220;4.17.3&#8243; _module_preset=&#8220;default&#8220; global_colors_info=&#8220;{}&#8220;][et_pb_image src=&#8220;https:\/\/www.modulor.de\/magazin\/wp-content\/uploads\/2022\/09\/sm_98A1161-scaled.jpg&#8220; title_text=&#8220;sm_98A1161&#8243; _builder_version=&#8220;4.17.3&#8243; _module_preset=&#8220;default&#8220; transform_scale_tablet=&#8220;&#8220; transform_scale_phone=&#8220;&#8220; transform_scale_last_edited=&#8220;on|desktop&#8220; transform_translate=&#8220;0px|-15px&#8220; transform_translate_tablet=&#8220;0px|0px&#8220; transform_translate_phone=&#8220;0px|0px&#8220; transform_translate_last_edited=&#8220;on|desktop&#8220; transform_translate_linked=&#8220;off&#8220; transform_rotate_tablet=&#8220;&#8220; transform_rotate_phone=&#8220;&#8220; transform_rotate_last_edited=&#8220;on|desktop&#8220; transform_skew_tablet=&#8220;&#8220; transform_skew_phone=&#8220;&#8220; transform_skew_last_edited=&#8220;on|desktop&#8220; transform_origin_tablet=&#8220;&#8220; transform_origin_phone=&#8220;&#8220; transform_origin_last_edited=&#8220;on|desktop&#8220; transform_styles_last_edited=&#8220;on|desktop&#8220; transform_styles_tablet=&#8220;&#8220; transform_styles_phone=&#8220;&#8220; global_colors_info=&#8220;{}&#8220;][\/et_pb_image][\/et_pb_column][et_pb_column type=&#8220;1_3&#8243; _builder_version=&#8220;4.17.3&#8243; _module_preset=&#8220;default&#8220; global_colors_info=&#8220;{}&#8220;][et_pb_text _builder_version=&#8220;4.17.3&#8243; _module_preset=&#8220;default&#8220; width=&#8220;96%&#8220; global_colors_info=&#8220;{}&#8220;]<\/p>\n<p><strong class=\"TextModule__bold___1ubC0\">Abid:<span>\u00a0<\/span><\/strong><span>Ja, ich denke schon oft daran, wenn ich arbeite<\/span><strong class=\"TextModule__bold___1ubC0\">.<\/strong><br \/><span>Ich bin auch mit so einem Boot nach Griechenland gekommen. So viele Leute \u2013 47 Leute, davon sieben Kinder\u2026<\/span><br \/><span>Das ist schon schwer. Manchmal denke ich mir: Ich brauche jetzt eine Pause. Dann gehe ich nach drau\u00dfen, eine rauchen. Und dann komme ich wieder und arbeite weiter. Aber so etwas vergisst man nicht.<\/span><\/p>\n<p>[\/et_pb_text][\/et_pb_column][\/et_pb_row][et_pb_row _builder_version=&#8220;4.17.3&#8243; _module_preset=&#8220;default&#8220; global_colors_info=&#8220;{}&#8220;][et_pb_column type=&#8220;4_4&#8243; _builder_version=&#8220;4.17.3&#8243; _module_preset=&#8220;default&#8220; global_colors_info=&#8220;{}&#8220;][et_pb_text _builder_version=&#8220;4.17.3&#8243; _module_preset=&#8220;default&#8220; global_colors_info=&#8220;{}&#8220;]<\/p>\n<blockquote>\n<p style=\"text-align: left;\">\u201e<span>Es ist sicher nicht immer einfach gewesen und das ist es bis heute nicht. Aber es ist auch nicht unser Ziel, dass es einfach ist. F\u00fcr mich \u2013 und das ist auch einer der Gr\u00fcnde, warum mimycri mit diesem Material arbeitet \u2013 ist es auch ein Akt des Nicht Wegschauens<\/span>.\u201c<\/p>\n<p style=\"text-align: right;\">Vera, Co-Founderin<\/p>\n<\/blockquote>\n<p>[\/et_pb_text][\/et_pb_column][\/et_pb_row][\/et_pb_section][et_pb_section fb_built=&#8220;1&#8243; _builder_version=&#8220;4.17.3&#8243; _module_preset=&#8220;default&#8220; custom_padding=&#8220;0px||9px|||&#8220; global_colors_info=&#8220;{}&#8220;][et_pb_row column_structure=&#8220;2_5,3_5&#8243; _builder_version=&#8220;4.17.3&#8243; _module_preset=&#8220;default&#8220; global_colors_info=&#8220;{}&#8220;][et_pb_column type=&#8220;2_5&#8243; _builder_version=&#8220;4.17.3&#8243; _module_preset=&#8220;default&#8220; global_colors_info=&#8220;{}&#8220;][et_pb_text _builder_version=&#8220;4.17.3&#8243; _module_preset=&#8220;default&#8220; width=&#8220;96%&#8220; global_colors_info=&#8220;{}&#8220;]<\/p>\n<p><strong class=\"TextModule__bold___1ubC0\">Vera:<span>\u00a0<\/span><\/strong><span>Dieses Material existiert. Es ist da. Es erz\u00e4hlt sehr viel direkter nochmal, als Bilder oder Videos, was da passiert.<\/span><br \/><span>Und sich damit auseinanderzusetzen ist nicht einfach, aber es bedeutet auch, dass man anerkennt, dass alle Menschen, die in Europa leben, damit verbunden sind. Und wie unsere europ\u00e4ische Politik funktioniert.<\/span><\/p>\n<p><span>Mir hilft es, dass wir dieses Material weiterverwerten. Dass wir gerade dahin schauen, wo es nicht einfach ist. Und, dass wir aber auch nicht nur sagen \u201ees ist nicht einfach und so furchtbar\u201c, sondern dass wir praktisch sagen \u201edaraus kann etwas gemacht werden\u201c.<\/span><br \/><span>Oder im symbolischen Sinne: Ja, das ist eine Herausforderung, die es gibt, aber wir k\u00f6nnen damit umgehen und arbeiten. Und nur weil es nicht einfach ist, hei\u00dft es nicht, dass es das nicht wert ist.\u00a0<\/span><\/p>\n<p>[\/et_pb_text][\/et_pb_column][et_pb_column type=&#8220;3_5&#8243; _builder_version=&#8220;4.17.3&#8243; _module_preset=&#8220;default&#8220; global_colors_info=&#8220;{}&#8220;][et_pb_image src=&#8220;https:\/\/www.modulor.de\/magazin\/wp-content\/uploads\/2022\/09\/98A0948-scaled-e1662638784263.jpg&#8220; title_text=&#8220;_98A0948&#8243; _builder_version=&#8220;4.17.3&#8243; _module_preset=&#8220;default&#8220; transform_scale_tablet=&#8220;&#8220; transform_scale_phone=&#8220;&#8220; transform_scale_last_edited=&#8220;on|desktop&#8220; transform_translate_tablet=&#8220;0px|0px&#8220; transform_translate_phone=&#8220;0px|0px&#8220; transform_translate_last_edited=&#8220;on|desktop&#8220; transform_translate_linked=&#8220;off&#8220; transform_rotate_tablet=&#8220;&#8220; transform_rotate_phone=&#8220;&#8220; transform_rotate_last_edited=&#8220;on|desktop&#8220; transform_skew_tablet=&#8220;&#8220; transform_skew_phone=&#8220;&#8220; transform_skew_last_edited=&#8220;on|desktop&#8220; transform_origin_tablet=&#8220;&#8220; transform_origin_phone=&#8220;&#8220; transform_origin_last_edited=&#8220;on|desktop&#8220; transform_styles_last_edited=&#8220;on|desktop&#8220; transform_styles_tablet=&#8220;&#8220; transform_styles_phone=&#8220;&#8220; global_colors_info=&#8220;{}&#8220;][\/et_pb_image][\/et_pb_column][\/et_pb_row][\/et_pb_section][et_pb_section fb_built=&#8220;1&#8243; _builder_version=&#8220;4.17.3&#8243; _module_preset=&#8220;default&#8220; custom_padding=&#8220;6px|||||&#8220; global_colors_info=&#8220;{}&#8220;][et_pb_row _builder_version=&#8220;4.17.3&#8243; _module_preset=&#8220;default&#8220; global_colors_info=&#8220;{}&#8220;][et_pb_column type=&#8220;4_4&#8243; _builder_version=&#8220;4.17.3&#8243; _module_preset=&#8220;default&#8220; global_colors_info=&#8220;{}&#8220;][et_pb_text module_id=&#8220;PST-anker7&#8243; _builder_version=&#8220;4.17.3&#8243; _module_preset=&#8220;default&#8220; global_colors_info=&#8220;{}&#8220;]<\/p>\n<h3 class=\"TextModule__headline-h3___MN46G\"><strong class=\"TextModule__bold___1ubC0\">Ein anderes Material kommt also nicht infrage?<\/strong><\/h3>\n<p class=\"TextModule__paragraph___3AIU_\"><strong class=\"TextModule__bold___1ubC0\">Vera:<\/strong><span>\u00a0mimycris Wunsch w\u00e4re nat\u00fcrlich, dass es uns irgendwann nicht mehr geben muss. Weil wir L\u00f6sungen gefunden haben, dass Menschen auf dem Mittelmeer nicht ihr Leben riskieren m\u00fcssen, um irgendwo in Sicherheit zu kommen. Aber selbst dann glauben wir, dass es einen wichtigen Beitrag leisten kann, mit einem anderen bereits existierenden Material und mit Menschen zusammenzuarbeiten, die sonst nicht so leicht Arbeit finden, und hochwertige Produkte herzustellen.\u00a0<\/span><\/p>\n<p>[\/et_pb_text][et_pb_text _builder_version=&#8220;4.17.3&#8243; _module_preset=&#8220;default&#8220; global_colors_info=&#8220;{}&#8220;]<\/p>\n<h3 class=\"TextModule__headline-h3___MN46G\"><strong class=\"TextModule__bold___1ubC0\">Wie kann man sich Euren Kreativprozess vorstellen? Ihr arbeitet ja alle auf ziemlich engem Raum zusammen. Wie beeinflusst dieses Miteinander Eure Kreativit\u00e4t?<\/strong><\/h3>\n<p class=\"TextModule__paragraph___3AIU_\"><strong class=\"TextModule__bold___1ubC0\">Vera:<\/strong><span>\u00a0<\/span>Es war f\u00fcr uns eine bewusste Entscheidung, dass wir gesagt haben: Wir wollen gemeinsam alle in einem Raum arbeiten. Weil das eben auch ein zentraler Punkt dieses Projektes ist: unterschiedlichste Menschen arbeiten zusammen und tauschen sich aus. Ich denke besonders kreativ sind wir, wenn wir neue Produkte entwickeln. Weil wir keinen Chef-Designer*in haben, sondern wir die unterschiedlichsten Menschen \u2013 auch nicht nur aus unserem Team \u2013 dazu einladen, zusammenzukommen und eben mitzugestalten. Nat\u00fcrlich orientieren wir uns irgendwo an Design-Guidelines, damit das Ergebnis nach was aussieht. So haben wir schon in mehreren Design-Sessions neue Produkte entwickelt. Und das Nebenprodukt des Ganzen ist, dass sich unterschiedlichste Menschen begegnen und sich nicht nur austauschen und unterhalten, sondern tats\u00e4chlich auch an einem gemeinsamen Ziel arbeiten.<br \/>Wie wir aus Wissenschaft und Forschung wissen, ist dies der effektivste Weg, Vorurteile abzubauen und gesellschaftlichen Zusammenhalt zu f\u00f6rdern. Auch wenn es viel Zeit und Energie kostet, haben wir uns deswegen entschlossen unseren Designprozess so zu gestalten.\u00a0<\/p>\n<p>[\/et_pb_text][\/et_pb_column][\/et_pb_row][et_pb_row column_structure=&#8220;3_5,2_5&#8243; _builder_version=&#8220;4.17.3&#8243; _module_preset=&#8220;default&#8220; global_colors_info=&#8220;{}&#8220;][et_pb_column type=&#8220;3_5&#8243; _builder_version=&#8220;4.17.3&#8243; _module_preset=&#8220;default&#8220; global_colors_info=&#8220;{}&#8220;][et_pb_image src=&#8220;https:\/\/www.modulor.de\/magazin\/wp-content\/uploads\/2022\/09\/98A1045-scaled-e1662635516498.jpg&#8220; title_text=&#8220;_98A1045&#8243; _builder_version=&#8220;4.17.3&#8243; _module_preset=&#8220;default&#8220; global_colors_info=&#8220;{}&#8220;][\/et_pb_image][\/et_pb_column][et_pb_column type=&#8220;2_5&#8243; _builder_version=&#8220;4.17.3&#8243; _module_preset=&#8220;default&#8220; global_colors_info=&#8220;{}&#8220;][et_pb_image src=&#8220;https:\/\/www.modulor.de\/magazin\/wp-content\/uploads\/2022\/09\/98A0616-scaled.jpg&#8220; title_text=&#8220;_98A0616&#8243; _builder_version=&#8220;4.17.3&#8243; _module_preset=&#8220;default&#8220; global_colors_info=&#8220;{}&#8220;][\/et_pb_image][\/et_pb_column][\/et_pb_row][et_pb_row _builder_version=&#8220;4.17.3&#8243; _module_preset=&#8220;default&#8220; global_colors_info=&#8220;{}&#8220;][et_pb_column type=&#8220;4_4&#8243; _builder_version=&#8220;4.17.3&#8243; _module_preset=&#8220;default&#8220; global_colors_info=&#8220;{}&#8220;][et_pb_text module_id=&#8220;PST-anker8&#8243; _builder_version=&#8220;4.17.3&#8243; _module_preset=&#8220;default&#8220; global_colors_info=&#8220;{}&#8220;]<\/p>\n<h3 class=\"TextModule__headline-h3___MN46G\"><strong class=\"TextModule__bold___1ubC0\">Was kommt als N\u00e4chstes bei mimycri? Wo soll die Reise hingehen?\u00a0<\/strong><\/h3>\n<p class=\"TextModule__paragraph___3AIU_\"><strong class=\"TextModule__bold___1ubC0\">Vera:<\/strong><span>\u00a0<\/span>Zum einen denken wir immer konkreter dar\u00fcber nach, Teile der Produktion auch in Griechenland aufzubauen. Dort wo das Material herkommt. Es ist nat\u00fcrlich toll hier vor Ort neue Arbeitspl\u00e4tze zu schaffen. Aber Menschen, die hier ankommen, erhalten bereits viel Unterst\u00fctzung. Und es gibt recht viel Arbeit. In Griechenland ist jeder einzelne Arbeitsplatz, der neu geschaffen wird, extrem wertvoll. Und Projekte, bei denen die lokale Bev\u00f6lkerung und Menschen mit Fluchterfahrung zusammenarbeiten, sind super wichtig um die Akzeptanz seitens der Bev\u00f6lkerung gegen\u00fcber Menschen, die fliehen m\u00fcssen, zumindest nicht komplett kaputtzumachen.<\/p>\n<p>Au\u00dferdem wollen wir Workshop-Formate ausbauen. In unserem Kreativ- und Designprozess haben wir viel Potenzial erkannt. Und bieten inzwischen auch Designworkshops an. Wir hatten schon Unternehmen da, die mit ihrem eigenen Material zu uns kommen, weil sie neue Produkte fertigen wollen und Ideen brauchen. Oft geht es aber auch um Leadership Werte. Wir wenden Kreativmethoden an, in denen F\u00fchrungsebenen von Organisationen und Unternehmen ihre Rolle reflektieren. Welche gesellschaftliche Verantwortung bringt die Rolle mit sich in Bezug auf das Thema Migration. Wie kann ich in meinem Unternehmen unterschiedlichste Menschen besch\u00e4ftigen und auch miteinbeziehen? Aber auch im Bereich Nachhaltigkeit: Wie kann ich noch nachhaltiger meine Lieferkette gestalten? Diesen Bereich haben wir in den letzten Monaten mit aufgebaut und hier wollen wir auch im n\u00e4chsten halben Jahr ganz verst\u00e4rkt dran arbeiten. Weil es uns bei mimycri ja schon darum geht, einerseits Aufmerksamkeit zu schaffen, andererseits auch Menschen dazu zu inspirieren anders zu handeln und Chancen zu sehen anstatt nur die Herausforderung. Wir haben gemerkt das kann man einerseits durch unsere Produkte, aber eben auch, indem man mit Schl\u00fcsselpersonen zusammenarbeitet.\u00a0<\/p>\n<p>[\/et_pb_text][\/et_pb_column][\/et_pb_row][et_pb_row column_structure=&#8220;1_3,1_3,1_3&#8243; _builder_version=&#8220;4.17.3&#8243; _module_preset=&#8220;default&#8220; global_colors_info=&#8220;{}&#8220;][et_pb_column type=&#8220;1_3&#8243; _builder_version=&#8220;4.17.3&#8243; _module_preset=&#8220;default&#8220; global_colors_info=&#8220;{}&#8220;][et_pb_image src=&#8220;https:\/\/www.modulor.de\/magazin\/wp-content\/uploads\/2022\/09\/98A0644-scaled-e1662635337886.jpg&#8220; title_text=&#8220;_98A0644&#8243; _builder_version=&#8220;4.17.3&#8243; _module_preset=&#8220;default&#8220; transform_scale_tablet=&#8220;&#8220; transform_scale_phone=&#8220;&#8220; transform_scale_last_edited=&#8220;on|desktop&#8220; transform_translate_tablet=&#8220;0px|0px&#8220; transform_translate_phone=&#8220;0px|0px&#8220; transform_translate_last_edited=&#8220;on|desktop&#8220; transform_translate_linked=&#8220;off&#8220; transform_rotate_tablet=&#8220;&#8220; transform_rotate_phone=&#8220;&#8220; transform_rotate_last_edited=&#8220;on|desktop&#8220; transform_skew_tablet=&#8220;&#8220; transform_skew_phone=&#8220;&#8220; transform_skew_last_edited=&#8220;on|desktop&#8220; transform_origin_tablet=&#8220;&#8220; transform_origin_phone=&#8220;&#8220; transform_origin_last_edited=&#8220;on|desktop&#8220; transform_styles_last_edited=&#8220;on|desktop&#8220; transform_styles_tablet=&#8220;&#8220; transform_styles_phone=&#8220;&#8220; global_colors_info=&#8220;{}&#8220;][\/et_pb_image][\/et_pb_column][et_pb_column type=&#8220;1_3&#8243; _builder_version=&#8220;4.17.3&#8243; _module_preset=&#8220;default&#8220; global_colors_info=&#8220;{}&#8220;][et_pb_image src=&#8220;https:\/\/www.modulor.de\/magazin\/wp-content\/uploads\/2022\/09\/98A1210-e1662635398254.jpg&#8220; title_text=&#8220;_98A1210&#8243; _builder_version=&#8220;4.17.3&#8243; _module_preset=&#8220;default&#8220; global_colors_info=&#8220;{}&#8220;][\/et_pb_image][\/et_pb_column][et_pb_column type=&#8220;1_3&#8243; _builder_version=&#8220;4.17.3&#8243; _module_preset=&#8220;default&#8220; global_colors_info=&#8220;{}&#8220;][et_pb_image src=&#8220;https:\/\/www.modulor.de\/magazin\/wp-content\/uploads\/2022\/09\/98A0920.jpg&#8220; title_text=&#8220;_98A0920&#8243; _builder_version=&#8220;4.17.3&#8243; _module_preset=&#8220;default&#8220; global_colors_info=&#8220;{}&#8220;][\/et_pb_image][\/et_pb_column][\/et_pb_row][et_pb_row _builder_version=&#8220;4.17.3&#8243; _module_preset=&#8220;default&#8220; custom_padding=&#8220;86px|||||&#8220; global_colors_info=&#8220;{}&#8220;][et_pb_column type=&#8220;4_4&#8243; _builder_version=&#8220;4.17.3&#8243; _module_preset=&#8220;default&#8220; global_colors_info=&#8220;{}&#8220;][et_pb_text module_id=&#8220;PST-anker10&#8243; _builder_version=&#8220;4.17.3&#8243; _module_preset=&#8220;default&#8220; global_colors_info=&#8220;{}&#8220;]<\/p>\n<h3 class=\"TextModule__headline-h3___MN46G\"><strong class=\"TextModule__bold___1ubC0\">Ihr sagt ein zentrales Ziel von mimycri ist es auch, das Fluchtthema in der \u00d6ffentlichkeit zu halten. Mit #humanit\u00e4tjetzt habt ihr habt zahlreiche Unternehmer und Promis aktiviert, sich solidarisch zu zeigen, und den<span>\u00a0<\/span><\/strong><a href=\"https:\/\/www.mimycri.de\/offener-brief\" target=\"_blank\" class=\"TextModule__link___3cVUh\" rel=\"noopener\"><strong class=\"TextModule__bold___1ubC0\">Offenen Brief an Horst Seehofer<\/strong><\/a><strong class=\"TextModule__bold___1ubC0\"><span>\u00a0<\/span>zu unterzeichnen. Wie geht es euch dabei?\u00a0<\/strong><\/h3>\n<p class=\"TextModule__paragraph___3AIU_\"><strong class=\"TextModule__bold___1ubC0\">Vera:<\/strong><span>\u00a0<\/span>Jetzt wo das Thema wieder so pr\u00e4sent ist, sind wir total froh, dass wir in der Position sind, in der wir sind. Und dass wir eben nicht nur die klassischen Fl\u00fcchtlingsorganisationen aktivieren k\u00f6nnen, diesen Brief zu unterzeichnen. Sondern, dass wir auch in der Fashion- und Sozialunternehmer-Szene Leute kennen. Und dadurch, wie wir uns positioniert haben, Bereiche der Gesellschaft erreichen, die sich sonst nicht unbedingt so viel mit dem Thema auseinandersetzen. Wir haben wieder gemerkt, wie cool und wie wichtig das ist, sich so positionieren zu k\u00f6nnen. Ohne diesen klassischen \u201eDas sind halt die, die immer\u201c Stempel. 2015 haben uns sehr viele Leute prophezeit, dass das Fluchtthema bald wieder durch sei. Wir hatten aber immer das Gef\u00fchl, je mehr Zeit vergeht, desto wichtiger war es, dass es uns gibt. Um zu sagen: Hey, das passiert immer noch. Und das wird sich auch so schnell nicht \u00e4ndern, solange wir keine langfristigen Antworten finden.\u00a0<\/p>\n<p>[\/et_pb_text][\/et_pb_column][\/et_pb_row][et_pb_row column_structure=&#8220;1_2,1_2&#8243; _builder_version=&#8220;4.17.3&#8243; _module_preset=&#8220;default&#8220; hover_enabled=&#8220;0&#8243; global_colors_info=&#8220;{}&#8220; sticky_enabled=&#8220;0&#8243;][et_pb_column type=&#8220;1_2&#8243; _builder_version=&#8220;4.17.3&#8243; _module_preset=&#8220;default&#8220; global_colors_info=&#8220;{}&#8220;][et_pb_button button_url=&#8220;https:\/\/www.mimycri.de\/shop&#8220; url_new_window=&#8220;on&#8220; button_text=&#8220;Zu den mimycri Produkten&#8220; _builder_version=&#8220;4.17.3&#8243; _module_preset=&#8220;default&#8220; hover_enabled=&#8220;0&#8243; global_colors_info=&#8220;{}&#8220; button_text_color=&#8220;#474747&#8243; button_border_color=&#8220;#474747&#8243; sticky_enabled=&#8220;0&#8243;][\/et_pb_button][\/et_pb_column][et_pb_column type=&#8220;1_2&#8243; _builder_version=&#8220;4.17.3&#8243; _module_preset=&#8220;default&#8220; global_colors_info=&#8220;{}&#8220;][et_pb_button button_url=&#8220;https:\/\/www.mimycri.de\/our-story&#8220; url_new_window=&#8220;on&#8220; button_text=&#8220;Mehr \u00fcber mimycri erfahren&#8220; _builder_version=&#8220;4.17.3&#8243; _module_preset=&#8220;default&#8220; hover_enabled=&#8220;0&#8243; global_colors_info=&#8220;{}&#8220; sticky_enabled=&#8220;0&#8243; button_text_color=&#8220;#474747&#8243; button_border_color=&#8220;#474747&#8243;][\/et_pb_button][\/et_pb_column][\/et_pb_row][\/et_pb_section]<\/p>\n","protected":false},"excerpt":{"rendered":"<p>Upcycling, Reparieren, Ressourcen schonen, Wiederverwerten \u2013 \u00fcber diese Themen denken wir gerade viel nach. Wenn dann noch ein Material mit Bedeutung und Geschichte wiederverwertet wird und daraus und ein individuelles, hochwertiges Produkt neu entsteht, finden wir das gleich doppelt gut.\u00a0mimycri\u00a0macht Taschen. Aber nicht aus gew\u00f6hnlichem Stoff oder gar Leder. Die Bauchtaschen, Rucks\u00e4cke, Laptop-Taschen und Shopper [&hellip;]<\/p>\n","protected":false},"author":2,"featured_media":2367,"comment_status":"open","ping_status":"open","sticky":false,"template":"","format":"standard","meta":{"_et_pb_use_builder":"on","_et_pb_old_content":"","_et_gb_content_width":"1178","footnotes":""},"categories":[10],"tags":[106,34,104,111],"yoast_head":"<!-- This site is optimized with the Yoast SEO plugin v19.14 - https:\/\/yoast.com\/wordpress\/plugins\/seo\/ -->\n<title>Taschen aus Fl\u00fcchtlingsbooten: Im Gespr\u00e4ch mit mimycri | Modulor<\/title>\n<meta name=\"description\" content=\"mimycri macht Taschen aus Schlauchbooten, mit denen Gefl\u00fcchtete \u00fcbers Mittelmeer kommen. Hier entlang zum Interview!\" \/>\n<meta name=\"robots\" content=\"index, follow, max-snippet:-1, max-image-preview:large, max-video-preview:-1\" \/>\n<link rel=\"canonical\" href=\"https:\/\/www.modulor.de\/magazin\/konsum-zufriedenheit\/im-gespraech-mit-mimycri\/\" \/>\n<meta property=\"og:locale\" content=\"de_DE\" \/>\n<meta property=\"og:type\" content=\"article\" \/>\n<meta property=\"og:title\" content=\"Taschen aus Fl\u00fcchtlingsbooten: Im Gespr\u00e4ch mit mimycri | Modulor\" \/>\n<meta property=\"og:description\" content=\"mimycri macht Taschen aus Schlauchbooten, mit denen Gefl\u00fcchtete \u00fcbers Mittelmeer kommen. Hier entlang zum Interview!\" \/>\n<meta property=\"og:url\" content=\"https:\/\/www.modulor.de\/magazin\/konsum-zufriedenheit\/im-gespraech-mit-mimycri\/\" \/>\n<meta property=\"og:site_name\" content=\"Modulor\" \/>\n<meta property=\"article:publisher\" content=\"https:\/\/de-de.facebook.com\/modulor.de\/\" \/>\n<meta property=\"article:published_time\" content=\"2020-09-08T08:08:00+00:00\" \/>\n<meta property=\"article:modified_time\" content=\"2022-12-01T14:12:44+00:00\" \/>\n<meta property=\"og:image\" content=\"https:\/\/www.modulor.de\/magazin\/wp-content\/uploads\/2022\/09\/98A1230-scaled.jpg\" \/>\n\t<meta property=\"og:image:width\" content=\"2560\" \/>\n\t<meta property=\"og:image:height\" content=\"1707\" \/>\n\t<meta property=\"og:image:type\" content=\"image\/jpeg\" \/>\n<meta name=\"author\" content=\"Pia\" \/>\n<meta name=\"twitter:card\" content=\"summary_large_image\" \/>\n<meta name=\"twitter:label1\" content=\"Verfasst von\" \/>\n\t<meta name=\"twitter:data1\" content=\"Pia\" \/>\n\t<meta name=\"twitter:label2\" content=\"Gesch\u00e4tzte Lesezeit\" \/>\n\t<meta name=\"twitter:data2\" content=\"14 Minuten\" \/>\n<script type=\"application\/ld+json\" class=\"yoast-schema-graph\">{\"@context\":\"https:\/\/schema.org\",\"@graph\":[{\"@type\":\"Article\",\"@id\":\"https:\/\/www.modulor.de\/magazin\/konsum-zufriedenheit\/im-gespraech-mit-mimycri\/#article\",\"isPartOf\":{\"@id\":\"https:\/\/www.modulor.de\/magazin\/konsum-zufriedenheit\/im-gespraech-mit-mimycri\/\"},\"author\":{\"name\":\"Pia\",\"@id\":\"https:\/\/www.modulor.de\/magazin\/#\/schema\/person\/0ea0327a81ae97125b637043198dbef5\"},\"headline\":\"Taschen aus Fl\u00fcchtlingsbooten: Im Gespr\u00e4ch mit mimycri\",\"datePublished\":\"2020-09-08T08:08:00+00:00\",\"dateModified\":\"2022-12-01T14:12:44+00:00\",\"mainEntityOfPage\":{\"@id\":\"https:\/\/www.modulor.de\/magazin\/konsum-zufriedenheit\/im-gespraech-mit-mimycri\/\"},\"wordCount\":4293,\"commentCount\":0,\"publisher\":{\"@id\":\"https:\/\/www.modulor.de\/magazin\/#organization\"},\"keywords\":[\"Interview\",\"Kreativit\u00e4t\",\"Modulor zu Besuch bei\",\"Upcycling\"],\"articleSection\":[\"Konsum + Zufriedenheit\"],\"inLanguage\":\"de-DE\",\"potentialAction\":[{\"@type\":\"CommentAction\",\"name\":\"Comment\",\"target\":[\"https:\/\/www.modulor.de\/magazin\/konsum-zufriedenheit\/im-gespraech-mit-mimycri\/#respond\"]}]},{\"@type\":\"WebPage\",\"@id\":\"https:\/\/www.modulor.de\/magazin\/konsum-zufriedenheit\/im-gespraech-mit-mimycri\/\",\"url\":\"https:\/\/www.modulor.de\/magazin\/konsum-zufriedenheit\/im-gespraech-mit-mimycri\/\",\"name\":\"Taschen aus Fl\u00fcchtlingsbooten: Im Gespr\u00e4ch mit mimycri | Modulor\",\"isPartOf\":{\"@id\":\"https:\/\/www.modulor.de\/magazin\/#website\"},\"datePublished\":\"2020-09-08T08:08:00+00:00\",\"dateModified\":\"2022-12-01T14:12:44+00:00\",\"description\":\"mimycri macht Taschen aus Schlauchbooten, mit denen Gefl\u00fcchtete \u00fcbers Mittelmeer kommen. Hier entlang zum Interview!\",\"breadcrumb\":{\"@id\":\"https:\/\/www.modulor.de\/magazin\/konsum-zufriedenheit\/im-gespraech-mit-mimycri\/#breadcrumb\"},\"inLanguage\":\"de-DE\",\"potentialAction\":[{\"@type\":\"ReadAction\",\"target\":[\"https:\/\/www.modulor.de\/magazin\/konsum-zufriedenheit\/im-gespraech-mit-mimycri\/\"]}]},{\"@type\":\"BreadcrumbList\",\"@id\":\"https:\/\/www.modulor.de\/magazin\/konsum-zufriedenheit\/im-gespraech-mit-mimycri\/#breadcrumb\",\"itemListElement\":[{\"@type\":\"ListItem\",\"position\":1,\"name\":\"Startseite\",\"item\":\"https:\/\/www.modulor.de\/magazin\/\"},{\"@type\":\"ListItem\",\"position\":2,\"name\":\"Taschen aus Fl\u00fcchtlingsbooten: Im Gespr\u00e4ch mit mimycri\"}]},{\"@type\":\"WebSite\",\"@id\":\"https:\/\/www.modulor.de\/magazin\/#website\",\"url\":\"https:\/\/www.modulor.de\/magazin\/\",\"name\":\"Modulor\",\"description\":\"Allerhand Inspiration und Wissen rund um Modulor Material, M\u00f6bel, DIY-Projekte und ein Blick hinter die Modulor Kulissen.\",\"publisher\":{\"@id\":\"https:\/\/www.modulor.de\/magazin\/#organization\"},\"potentialAction\":[{\"@type\":\"SearchAction\",\"target\":{\"@type\":\"EntryPoint\",\"urlTemplate\":\"https:\/\/www.modulor.de\/magazin\/?s={search_term_string}\"},\"query-input\":\"required name=search_term_string\"}],\"inLanguage\":\"de-DE\"},{\"@type\":\"Organization\",\"@id\":\"https:\/\/www.modulor.de\/magazin\/#organization\",\"name\":\"Modulor\",\"url\":\"https:\/\/www.modulor.de\/magazin\/\",\"logo\":{\"@type\":\"ImageObject\",\"inLanguage\":\"de-DE\",\"@id\":\"https:\/\/www.modulor.de\/magazin\/#\/schema\/logo\/image\/\",\"url\":\"https:\/\/www.modulor.de\/magazin\/wp-content\/uploads\/2022\/10\/Modulor_Logo_rot_HG-transparent_1200-Px-B.png\",\"contentUrl\":\"https:\/\/www.modulor.de\/magazin\/wp-content\/uploads\/2022\/10\/Modulor_Logo_rot_HG-transparent_1200-Px-B.png\",\"width\":1200,\"height\":360,\"caption\":\"Modulor\"},\"image\":{\"@id\":\"https:\/\/www.modulor.de\/magazin\/#\/schema\/logo\/image\/\"},\"sameAs\":[\"https:\/\/www.instagram.com\/modulorberlin\/?hl=de\",\"https:\/\/www.pinterest.de\/modulor_de\/\",\"https:\/\/de-de.facebook.com\/modulor.de\/\"]},{\"@type\":\"Person\",\"@id\":\"https:\/\/www.modulor.de\/magazin\/#\/schema\/person\/0ea0327a81ae97125b637043198dbef5\",\"name\":\"Pia\",\"image\":{\"@type\":\"ImageObject\",\"inLanguage\":\"de-DE\",\"@id\":\"https:\/\/www.modulor.de\/magazin\/#\/schema\/person\/image\/\",\"url\":\"https:\/\/secure.gravatar.com\/avatar\/35c8dce050ed2945fe42600c6443d029?s=96&d=mm&r=g\",\"contentUrl\":\"https:\/\/secure.gravatar.com\/avatar\/35c8dce050ed2945fe42600c6443d029?s=96&d=mm&r=g\",\"caption\":\"Pia\"},\"url\":\"https:\/\/www.modulor.de\/magazin\/author\/pia-birkmodulor-de\/\"}]}<\/script>\n<!-- \/ Yoast SEO plugin. -->","yoast_head_json":{"title":"Taschen aus Fl\u00fcchtlingsbooten: Im Gespr\u00e4ch mit mimycri | Modulor","description":"mimycri macht Taschen aus Schlauchbooten, mit denen Gefl\u00fcchtete \u00fcbers Mittelmeer kommen. Hier entlang zum Interview!","robots":{"index":"index","follow":"follow","max-snippet":"max-snippet:-1","max-image-preview":"max-image-preview:large","max-video-preview":"max-video-preview:-1"},"canonical":"https:\/\/www.modulor.de\/magazin\/konsum-zufriedenheit\/im-gespraech-mit-mimycri\/","og_locale":"de_DE","og_type":"article","og_title":"Taschen aus Fl\u00fcchtlingsbooten: Im Gespr\u00e4ch mit mimycri | Modulor","og_description":"mimycri macht Taschen aus Schlauchbooten, mit denen Gefl\u00fcchtete \u00fcbers Mittelmeer kommen. Hier entlang zum Interview!","og_url":"https:\/\/www.modulor.de\/magazin\/konsum-zufriedenheit\/im-gespraech-mit-mimycri\/","og_site_name":"Modulor","article_publisher":"https:\/\/de-de.facebook.com\/modulor.de\/","article_published_time":"2020-09-08T08:08:00+00:00","article_modified_time":"2022-12-01T14:12:44+00:00","og_image":[{"width":2560,"height":1707,"url":"https:\/\/www.modulor.de\/magazin\/wp-content\/uploads\/2022\/09\/98A1230-scaled.jpg","type":"image\/jpeg"}],"author":"Pia","twitter_card":"summary_large_image","twitter_misc":{"Verfasst von":"Pia","Gesch\u00e4tzte Lesezeit":"14 Minuten"},"schema":{"@context":"https:\/\/schema.org","@graph":[{"@type":"Article","@id":"https:\/\/www.modulor.de\/magazin\/konsum-zufriedenheit\/im-gespraech-mit-mimycri\/#article","isPartOf":{"@id":"https:\/\/www.modulor.de\/magazin\/konsum-zufriedenheit\/im-gespraech-mit-mimycri\/"},"author":{"name":"Pia","@id":"https:\/\/www.modulor.de\/magazin\/#\/schema\/person\/0ea0327a81ae97125b637043198dbef5"},"headline":"Taschen aus Fl\u00fcchtlingsbooten: Im Gespr\u00e4ch mit mimycri","datePublished":"2020-09-08T08:08:00+00:00","dateModified":"2022-12-01T14:12:44+00:00","mainEntityOfPage":{"@id":"https:\/\/www.modulor.de\/magazin\/konsum-zufriedenheit\/im-gespraech-mit-mimycri\/"},"wordCount":4293,"commentCount":0,"publisher":{"@id":"https:\/\/www.modulor.de\/magazin\/#organization"},"keywords":["Interview","Kreativit\u00e4t","Modulor zu Besuch bei","Upcycling"],"articleSection":["Konsum + Zufriedenheit"],"inLanguage":"de-DE","potentialAction":[{"@type":"CommentAction","name":"Comment","target":["https:\/\/www.modulor.de\/magazin\/konsum-zufriedenheit\/im-gespraech-mit-mimycri\/#respond"]}]},{"@type":"WebPage","@id":"https:\/\/www.modulor.de\/magazin\/konsum-zufriedenheit\/im-gespraech-mit-mimycri\/","url":"https:\/\/www.modulor.de\/magazin\/konsum-zufriedenheit\/im-gespraech-mit-mimycri\/","name":"Taschen aus Fl\u00fcchtlingsbooten: Im Gespr\u00e4ch mit mimycri | Modulor","isPartOf":{"@id":"https:\/\/www.modulor.de\/magazin\/#website"},"datePublished":"2020-09-08T08:08:00+00:00","dateModified":"2022-12-01T14:12:44+00:00","description":"mimycri macht Taschen aus Schlauchbooten, mit denen Gefl\u00fcchtete \u00fcbers Mittelmeer kommen. Hier entlang zum Interview!","breadcrumb":{"@id":"https:\/\/www.modulor.de\/magazin\/konsum-zufriedenheit\/im-gespraech-mit-mimycri\/#breadcrumb"},"inLanguage":"de-DE","potentialAction":[{"@type":"ReadAction","target":["https:\/\/www.modulor.de\/magazin\/konsum-zufriedenheit\/im-gespraech-mit-mimycri\/"]}]},{"@type":"BreadcrumbList","@id":"https:\/\/www.modulor.de\/magazin\/konsum-zufriedenheit\/im-gespraech-mit-mimycri\/#breadcrumb","itemListElement":[{"@type":"ListItem","position":1,"name":"Startseite","item":"https:\/\/www.modulor.de\/magazin\/"},{"@type":"ListItem","position":2,"name":"Taschen aus Fl\u00fcchtlingsbooten: Im Gespr\u00e4ch mit mimycri"}]},{"@type":"WebSite","@id":"https:\/\/www.modulor.de\/magazin\/#website","url":"https:\/\/www.modulor.de\/magazin\/","name":"Modulor","description":"Allerhand Inspiration und Wissen rund um Modulor Material, M\u00f6bel, DIY-Projekte und ein Blick hinter die Modulor Kulissen.","publisher":{"@id":"https:\/\/www.modulor.de\/magazin\/#organization"},"potentialAction":[{"@type":"SearchAction","target":{"@type":"EntryPoint","urlTemplate":"https:\/\/www.modulor.de\/magazin\/?s={search_term_string}"},"query-input":"required name=search_term_string"}],"inLanguage":"de-DE"},{"@type":"Organization","@id":"https:\/\/www.modulor.de\/magazin\/#organization","name":"Modulor","url":"https:\/\/www.modulor.de\/magazin\/","logo":{"@type":"ImageObject","inLanguage":"de-DE","@id":"https:\/\/www.modulor.de\/magazin\/#\/schema\/logo\/image\/","url":"https:\/\/www.modulor.de\/magazin\/wp-content\/uploads\/2022\/10\/Modulor_Logo_rot_HG-transparent_1200-Px-B.png","contentUrl":"https:\/\/www.modulor.de\/magazin\/wp-content\/uploads\/2022\/10\/Modulor_Logo_rot_HG-transparent_1200-Px-B.png","width":1200,"height":360,"caption":"Modulor"},"image":{"@id":"https:\/\/www.modulor.de\/magazin\/#\/schema\/logo\/image\/"},"sameAs":["https:\/\/www.instagram.com\/modulorberlin\/?hl=de","https:\/\/www.pinterest.de\/modulor_de\/","https:\/\/de-de.facebook.com\/modulor.de\/"]},{"@type":"Person","@id":"https:\/\/www.modulor.de\/magazin\/#\/schema\/person\/0ea0327a81ae97125b637043198dbef5","name":"Pia","image":{"@type":"ImageObject","inLanguage":"de-DE","@id":"https:\/\/www.modulor.de\/magazin\/#\/schema\/person\/image\/","url":"https:\/\/secure.gravatar.com\/avatar\/35c8dce050ed2945fe42600c6443d029?s=96&d=mm&r=g","contentUrl":"https:\/\/secure.gravatar.com\/avatar\/35c8dce050ed2945fe42600c6443d029?s=96&d=mm&r=g","caption":"Pia"},"url":"https:\/\/www.modulor.de\/magazin\/author\/pia-birkmodulor-de\/"}]}},"_links":{"self":[{"href":"https:\/\/www.modulor.de\/magazin\/wp-json\/wp\/v2\/posts\/2363"}],"collection":[{"href":"https:\/\/www.modulor.de\/magazin\/wp-json\/wp\/v2\/posts"}],"about":[{"href":"https:\/\/www.modulor.de\/magazin\/wp-json\/wp\/v2\/types\/post"}],"author":[{"embeddable":true,"href":"https:\/\/www.modulor.de\/magazin\/wp-json\/wp\/v2\/users\/2"}],"replies":[{"embeddable":true,"href":"https:\/\/www.modulor.de\/magazin\/wp-json\/wp\/v2\/comments?post=2363"}],"version-history":[{"count":1,"href":"https:\/\/www.modulor.de\/magazin\/wp-json\/wp\/v2\/posts\/2363\/revisions"}],"predecessor-version":[{"id":5661,"href":"https:\/\/www.modulor.de\/magazin\/wp-json\/wp\/v2\/posts\/2363\/revisions\/5661"}],"wp:featuredmedia":[{"embeddable":true,"href":"https:\/\/www.modulor.de\/magazin\/wp-json\/wp\/v2\/media\/2367"}],"wp:attachment":[{"href":"https:\/\/www.modulor.de\/magazin\/wp-json\/wp\/v2\/media?parent=2363"}],"wp:term":[{"taxonomy":"category","embeddable":true,"href":"https:\/\/www.modulor.de\/magazin\/wp-json\/wp\/v2\/categories?post=2363"},{"taxonomy":"post_tag","embeddable":true,"href":"https:\/\/www.modulor.de\/magazin\/wp-json\/wp\/v2\/tags?post=2363"}],"curies":[{"name":"wp","href":"https:\/\/api.w.org\/{rel}","templated":true}]}}