{"id":1849,"date":"2021-05-03T10:08:00","date_gmt":"2021-05-03T08:08:00","guid":{"rendered":"https:\/\/www.modulor.de\/magazin\/?p=1849"},"modified":"2026-04-13T15:51:04","modified_gmt":"2026-04-13T13:51:04","slug":"startup-buero-einrichten","status":"publish","type":"post","link":"https:\/\/www.modulor.de\/magazin\/leben-arbeiten\/startup-buero-einrichten\/","title":{"rendered":"Startup B\u00fcro einrichten \u2013 so geht\u2019s flexibel, sinnvoll und schnell"},"content":{"rendered":"<p>[et_pb_section fb_built=&#8220;1&#8243; _builder_version=&#8220;4.17.3&#8243; _module_preset=&#8220;default&#8220; custom_padding=&#8220;||15px|||&#8220; global_colors_info=&#8220;{}&#8220;][et_pb_row _builder_version=&#8220;4.17.3&#8243; _module_preset=&#8220;default&#8220; global_colors_info=&#8220;{}&#8220;][et_pb_column type=&#8220;4_4&#8243; _builder_version=&#8220;4.17.3&#8243; _module_preset=&#8220;default&#8220; global_colors_info=&#8220;{}&#8220;][et_pb_post_title text_background=&#8220;on&#8220; _builder_version=&#8220;4.17.3&#8243; _module_preset=&#8220;default&#8220; title_text_color=&#8220;#000000&#8243; meta_text_align=&#8220;center&#8220; global_colors_info=&#8220;{}&#8220;][\/et_pb_post_title][et_pb_text _builder_version=&#8220;4.17.3&#8243; _module_preset=&#8220;default&#8220; global_colors_info=&#8220;{}&#8220;]<\/p>\n<p><span>Endlich habt Ihr die passenden R\u00e4ume f\u00fcr\u00a0<\/span><strong class=\"BannerModule__bold___1s5X1\">Euer Startup B\u00fcro<\/strong><span>\u00a0gefunden. Fehlt nur noch die B\u00fcroeinrichtung, dann kanns losgehen. Ihr habt bestimmt eine vage Vorstellung vom\u00a0<\/span><span>coolsten Startup B\u00fcro der Stadt,<\/span><span>\u00a0aber was braucht es \u00fcberhaupt, damit Ihr konzentriert arbeiten k\u00f6nnt, Euch wohlf\u00fchlt und selbstbewusst Gesch\u00e4ftspartner, potentielle Kunden oder Investoren empfangen k\u00f6nnt? F\u00fcr\u00a0<\/span><a href=\"https:\/\/www.modulor.de\/ueber-unsere-moebel\/\" target=\"_blank\" rel=\"noopener\"><strong class=\"BannerModule__bold___1s5X1\">welche M\u00f6bel<\/strong><\/a><span>\u00a0lohnt es sich, Geld in die Hand zu nehmen und was ist eigentlich, wenn Ihr wachst und schnell Arbeitspl\u00e4tze f\u00fcr neue Mitarbeiter einrichten m\u00fcsst? Das A und O beim Startup B\u00fcro Einrichten ist wahrscheinlich ein\u00a0<\/span><strong class=\"BannerModule__bold___1s5X1\">Mix aus Flexibilit\u00e4t, Multifunktionalit\u00e4t und Ergonomie<\/strong><span>. Und da haben wir einige Ideen f\u00fcr Euch.<\/span><\/p>\n<p>[\/et_pb_text][\/et_pb_column][\/et_pb_row][et_pb_row _builder_version=&#8220;4.17.3&#8243; _module_preset=&#8220;default&#8220; global_colors_info=&#8220;{}&#8220;][et_pb_column type=&#8220;4_4&#8243; _builder_version=&#8220;4.17.3&#8243; _module_preset=&#8220;default&#8220; global_colors_info=&#8220;{}&#8220;][et_pb_text _builder_version=&#8220;4.17.3&#8243; _module_preset=&#8220;default&#8220; global_colors_info=&#8220;{}&#8220;]<\/p>\n<div id=\"arealayoutrowarea-row-2\" class=\"module_bWFnYXppbi9zdG9yeS9ub24tdGVycml0b3JpYWxlcy1idWVyby1kZXNrLXNoYXJpbmctdW5kLWNvLw___AreaLayoutRow_2 AreaLayout__AreaLayoutRow___2Xps6 \">\n<div class=\"AreaLayout__row___37mlk AreaLayout__row__full___2o208\">\n<div id=\"text533683\" class=\"module_bWFnYXppbi9zdG9yeS9ub24tdGVycml0b3JpYWxlcy1idWVyby1kZXNrLXNoYXJpbmctdW5kLWNvLw___TEXT_1927053 TextModule__TEXT___35YEX AreaLayout__column___loShH AreaLayout__column__1-layout--1-elements--1-span___23x8G\" data-testid=\"LayoutColumn__TEXT.1927053\">\n<div class=\"TextModule__textWrapper___2aHt4\">\n<div data-content-checksum=\"0c5cb66346421e743aeffcd7f0af6e0bad7c448c\" class=\"TextModule__description___2Y1l0\">\n<h2 class=\"ql-align-center TextModule__headline-h2___2SWCs\"><strong class=\"TextModule__bold___1ubC0\">Unsere Tipps f\u00fcr Dein Startup B\u00fcro auf einen Blick<\/strong><\/h2>\n<\/div>\n<\/div>\n<\/div>\n<\/div>\n<\/div>\n<div id=\"arealayoutrowarea-row-3\" class=\"module_bWFnYXppbi9zdG9yeS9ub24tdGVycml0b3JpYWxlcy1idWVyby1kZXNrLXNoYXJpbmctdW5kLWNvLw___AreaLayoutRow_3 AreaLayout__AreaLayoutRow___2Xps6 \">\n<div class=\"AreaLayout__row___37mlk AreaLayout__row__full___2o208\">\n<div id=\"nav533680\" class=\"module_bWFnYXppbi9zdG9yeS9ub24tdGVycml0b3JpYWxlcy1idWVyby1kZXNrLXNoYXJpbmctdW5kLWNvLw___NAV_1927054 Nav__NAV___2uSEO AreaLayout__column___loShH AreaLayout__column__1-layout--1-elements--1-span___23x8G\" data-testid=\"LayoutColumn__NAV.1927054\">\n<div class=\"Nav__stickyWrapper___30z5c\">\n<div class=\"Nav__NavContainer___3wrPw\"><a class=\"Nav__elem___2yNnR\" href=\"#startup-anker1\" rel=\"noreferrer\">Startup B\u00fcro einrichten<\/a><\/div>\n<div class=\"Nav__NavContainer___3wrPw\"><a class=\"Nav__elem___2yNnR\" href=\"#startup-anker2\" rel=\"noreferrer\">Zonen schaffen<\/a><\/div>\n<div class=\"Nav__NavContainer___3wrPw\"><a href=\"#startup-anker3\">B\u00fcroeinrichtung f\u00fcr ein Startup<\/a><\/div>\n<div class=\"Nav__NavContainer___3wrPw\"><a href=\"#startup-anker4\">Kleines B\u00fcro oder Gro\u00dfraumb\u00fcro einrichten?<\/a><\/div>\n<div class=\"Nav__NavContainer___3wrPw\"><a class=\"Nav__elem___2yNnR\" href=\"#non-territorial-anker5\" rel=\"noreferrer\">Richtwerte f\u00fcr die B\u00fcrogr\u00fc\u00dfe<\/a><\/div>\n<div class=\"Nav__NavContainer___3wrPw\"><a class=\"Nav__elem___2yNnR Nav__elem--noLink___aEHKz\" href=\"#startup-anker7\" rel=\"noreferrer\">Checkliste f\u00fcr ein agiles B\u00fcro<\/a><\/div>\n<\/div>\n<\/div>\n<\/div>\n<\/div>\n<p>[\/et_pb_text][\/et_pb_column][\/et_pb_row][et_pb_row _builder_version=&#8220;4.17.3&#8243; _module_preset=&#8220;default&#8220; global_colors_info=&#8220;{}&#8220;][et_pb_column type=&#8220;4_4&#8243; _builder_version=&#8220;4.17.3&#8243; _module_preset=&#8220;default&#8220; global_colors_info=&#8220;{}&#8220;][et_pb_text module_id=&#8220;startup-anker1&#8243; _builder_version=&#8220;4.17.3&#8243; _module_preset=&#8220;default&#8220; global_colors_info=&#8220;{}&#8220;]<\/p>\n<h2 class=\"TextModule__headline-h2___2SWCs\"><strong class=\"TextModule__bold___1ubC0\">Passt zum Startup \u2013 agiles B\u00fcro einrichten<\/strong><\/h2>\n<p>[\/et_pb_text][\/et_pb_column][\/et_pb_row][et_pb_row column_structure=&#8220;2_5,3_5&#8243; module_id=&#8220;openspace-anker2&#8243; _builder_version=&#8220;4.17.3&#8243; _module_preset=&#8220;default&#8220; global_colors_info=&#8220;{}&#8220;][et_pb_column type=&#8220;2_5&#8243; _builder_version=&#8220;4.17.3&#8243; _module_preset=&#8220;default&#8220; global_colors_info=&#8220;{}&#8220;][et_pb_image src=&#8220;https:\/\/www.modulor.de\/magazin\/wp-content\/uploads\/2022\/08\/arichtonic_gif.gif&#8220; alt=&#8220;Startup B\u00fcro einrichten: agiles Arbeiten dank h\u00f6henverstellbarer Tische&#8220; title_text=&#8220;arichtonic_gif&#8220; _builder_version=&#8220;4.17.3&#8243; _module_preset=&#8220;default&#8220; global_colors_info=&#8220;{}&#8220;][\/et_pb_image][\/et_pb_column][et_pb_column type=&#8220;3_5&#8243; _builder_version=&#8220;4.17.3&#8243; _module_preset=&#8220;default&#8220; global_colors_info=&#8220;{}&#8220;][et_pb_image src=&#8220;https:\/\/www.modulor.de\/magazin\/wp-content\/uploads\/2022\/08\/R0A0145_ret.jpg&#8220; alt=&#8220;Startup B\u00fcro einrichten: Die Workbench&#8220; title_text=&#8220;_R0A0145_ret&#8220; _builder_version=&#8220;4.17.3&#8243; _module_preset=&#8220;default&#8220; global_colors_info=&#8220;{}&#8220;][\/et_pb_image][\/et_pb_column][\/et_pb_row][et_pb_row _builder_version=&#8220;4.17.3&#8243; _module_preset=&#8220;default&#8220; global_colors_info=&#8220;{}&#8220;][et_pb_column type=&#8220;4_4&#8243; _builder_version=&#8220;4.17.3&#8243; _module_preset=&#8220;default&#8220; global_colors_info=&#8220;{}&#8220;][et_pb_text module_id=&#8220;plexiglas-kleben-anker3&#8243; _builder_version=&#8220;4.17.3&#8243; _module_preset=&#8220;default&#8220; text_line_height_tablet=&#8220;&#8220; text_line_height_phone=&#8220;&#8220; text_line_height_last_edited=&#8220;on|tablet&#8220; global_colors_info=&#8220;{}&#8220;]<\/p>\n<p class=\"TextModule__paragraph--noMargins___1Ekat\"><span>Ohne Neugier, Risikobereitschaft und innovative Ideen h\u00e4ttet Ihr sicher kein Startup gegr\u00fcndet. Und was Ihr am wenigsten braucht f\u00fcr Euren neuen Arbeitsalltag sind klassische, starre B\u00fcrostrukturen mit steilen Hierarchien, grauem Teppich und traurigen Einzelb\u00fcros, in denen jeder vor sich hinbr\u00fctet. Es wird immer klarer, dass der Schl\u00fcssel zu einem erfolgreichen Startup in seinen Teams liegt, die sich selbst organisieren d\u00fcrfen und k\u00f6nnen, deren Mitglieder sich mit dem Unternehmen identifizieren und die ihr Wissen ausgiebig miteinander teilen, damit Ihr alle anstehenden Entscheidungen und Probleme schnell bew\u00e4ltigen und flexibel auf neue Anforderungen reagieren k\u00f6nnt.<\/span><\/p>\n<p class=\"TextModule__paragraph--noMargins___1Ekat\"><span><\/span><\/p>\n<h3 class=\"TextModule__paragraph--noMargins___1Ekat\">New Work &amp; agiles Arbeiten<\/h3>\n<p class=\"TextModule__paragraph--noMargins___1Ekat\"><span>Das Ganze hat auch einen Namen, der jetzt in aller Munde ist:\u00a0<\/span><strong class=\"TextModule__bold___1ubC0\">Agilit\u00e4t oder auch New Work.<\/strong><span>\u00a0Nirgendwo passt das Prinzip des agilen Arbeitens besser hin als ins Startup B\u00fcro. Und wo bestehende Unternehmen mit starren Strukturen m\u00fchevoll auf agile Arbeitspl\u00e4tze umr\u00fcsten m\u00fcssen, habt Ihr beim Startup B\u00fcro Einrichten die Chance, es gleich richtig zu machen: mit einer\u00a0<\/span><strong class=\"TextModule__bold___1ubC0\">durchdachten r\u00e4umlichen Gliederung<\/strong><span>\u00a0und M\u00f6beln, die Eure Kreativit\u00e4t und Flexibilit\u00e4t unterst\u00fctzen.\u00a0\u00a0<\/span><\/p>\n<p>[\/et_pb_text][\/et_pb_column][\/et_pb_row][et_pb_row module_id=&#8220;startup-anker2&#8243; _builder_version=&#8220;4.17.3&#8243; _module_preset=&#8220;default&#8220; global_colors_info=&#8220;{}&#8220;][et_pb_column type=&#8220;4_4&#8243; _builder_version=&#8220;4.17.3&#8243; _module_preset=&#8220;default&#8220; global_colors_info=&#8220;{}&#8220;][et_pb_text module_id=&#8220;non-territorial-anker2&#8243; _builder_version=&#8220;4.17.3&#8243; _module_preset=&#8220;default&#8220; global_colors_info=&#8220;{}&#8220;]<\/p>\n<h3 class=\"TextModule__headline-h3___MN46G\"><strong class=\"TextModule__bold___1ubC0\">Startup B\u00fcro einrichten, die Erste: Zonen schaffen<\/strong><\/h3>\n<p class=\"TextModule__paragraph___3AIU_\">\n<p class=\"TextModule__paragraph___3AIU_\"><span>\u00dcberlegt mal, wie vielf\u00e4ltig Euer Arbeitstag ist und wie die R\u00e4ume dazu aussehen k\u00f6nnen, z.B.:\u00a0<\/span>Ruhige<strong class=\"TextModule__bold___1ubC0\"><span>\u00a0<\/span>Bereiche mit Einzelarbeitspl\u00e4tzen<\/strong><span>\u00a0<\/span>zum konzentrierten Denken,<span>\u00a0R\u00e4ume, in denen gesprochen werden kann, ohne die anderen zu st\u00f6ren:\u00a0<\/span><strong class=\"TextModule__bold___1ubC0\">f\u00fcr Teamarbeit,<\/strong><span>\u00a0<\/span><strong class=\"TextModule__bold___1ubC0\">zum Telefonieren oder f\u00fcr Videokonferenzen<\/strong><span>. Einen Bereich mit\u00a0<\/span><strong class=\"TextModule__bold___1ubC0\">gro\u00dfem Tisch f\u00fcr Meetings<\/strong><span>\u00a0und Pr\u00e4sentationen und\/oder mit\u00a0<\/span><strong class=\"TextModule__bold___1ubC0\">Stehtisch f\u00fcr schnelle Besprechungen<\/strong><span>. Und nicht zuletzt eine Ecke, wo Ihr abh\u00e4ngen, ein Nickerchen machen, essen, Kaffee trinken oder (Achtung Klischee) Euch zusammen am Tischkicker abreagieren k\u00f6nnt.<\/span><br \/>Wenn Ihr Zonen f\u00fcr die verschiedenen T\u00e4tigkeiten schafft,<span>\u00a0<\/span><span>bringt Ihr schon mal eine gro\u00dfe Klarheit in Eure R\u00e4ume.<\/span><\/p>\n<p>[\/et_pb_text][\/et_pb_column][\/et_pb_row][et_pb_row column_structure=&#8220;2_5,3_5&#8243; _builder_version=&#8220;4.17.3&#8243; _module_preset=&#8220;default&#8220; global_colors_info=&#8220;{}&#8220;][et_pb_column type=&#8220;2_5&#8243; _builder_version=&#8220;4.17.3&#8243; _module_preset=&#8220;default&#8220; global_colors_info=&#8220;{}&#8220;][et_pb_image src=&#8220;https:\/\/www.modulor.de\/magazin\/wp-content\/uploads\/2022\/08\/0078-scaled.jpg&#8220; alt=&#8220;Startup B\u00fcro einrichten: Zonen schaffen&#8220; title_text=&#8220;0078&#8243; _builder_version=&#8220;4.17.3&#8243; _module_preset=&#8220;default&#8220; global_colors_info=&#8220;{}&#8220;][\/et_pb_image][et_pb_image src=&#8220;https:\/\/www.modulor.de\/magazin\/wp-content\/uploads\/2022\/08\/0134-scaled.jpg&#8220; _builder_version=&#8220;4.17.3&#8243; _module_preset=&#8220;default&#8220; global_colors_info=&#8220;{}&#8220;][\/et_pb_image][\/et_pb_column][et_pb_column type=&#8220;3_5&#8243; _builder_version=&#8220;4.17.3&#8243; _module_preset=&#8220;default&#8220; global_colors_info=&#8220;{}&#8220;][et_pb_image src=&#8220;https:\/\/www.modulor.de\/magazin\/wp-content\/uploads\/2022\/08\/0213-scaled-e1661513972537.jpg&#8220; alt=&#8220;B\u00fcro einrichten: Zonen schaffen mit h\u00f6henverstellbaren Tischen und Raumteilern&#8220; title_text=&#8220;0213&#8243; _builder_version=&#8220;4.17.3&#8243; _module_preset=&#8220;default&#8220; global_colors_info=&#8220;{}&#8220;][\/et_pb_image][\/et_pb_column][\/et_pb_row][et_pb_row _builder_version=&#8220;4.17.3&#8243; _module_preset=&#8220;default&#8220; global_colors_info=&#8220;{}&#8220;][et_pb_column type=&#8220;4_4&#8243; _builder_version=&#8220;4.17.3&#8243; _module_preset=&#8220;default&#8220; global_colors_info=&#8220;{}&#8220;][et_pb_text module_id=&#8220;startup-anker3&#8243; _builder_version=&#8220;4.17.3&#8243; _module_preset=&#8220;default&#8220; global_colors_info=&#8220;{}&#8220;]<\/p>\n<h3 class=\"TextModule__headline-h3___MN46G\"><strong class=\"TextModule__bold___1ubC0\">B\u00fcroeinrichtung Startup: Die richtigen M\u00f6bel finden<\/strong><\/h3>\n<p class=\"TextModule__paragraph___3AIU_\"><span>Wenn\u00a0<\/span><strong class=\"TextModule__bold___1ubC0\">agiles Arbeiten<\/strong><span>\u00a0vor allem auf ein\u00a0<\/span><strong class=\"TextModule__bold___1ubC0\">flexibles Miteinander<\/strong><span>\u00a0abzielt und<\/span><strong class=\"TextModule__bold___1ubC0\"><span>\u00a0<\/span>Freir\u00e4ume im Denken und Handeln<\/strong><span>\u00a0erm\u00f6glichen soll, dann gilt das auch f\u00fcr die Einrichtung Eures Startup B\u00fcros. Die Wahl des passenden Mobiliars f\u00e4ngt zwar dort an, wo Ihr jetzt steht, aber eine agile B\u00fcroeinrichtung sollte Euch dorthin begleiten, wo ihr hinwollt &#8211; vermutlich hoch hinaus. Und das ist es auch, was die M\u00f6bel k\u00f6nnen m\u00fcssen &#8211; sie m\u00fcssen mit Euch mitwachsen und sich Euren Bed\u00fcrfnissen anpassen.\u00a0<\/span><\/p>\n<h3 class=\"TextModule__paragraph___3AIU_\"><span>H\u00f6henverstellbare Schreibtische mit Kabelmanagement<\/span><\/h3>\n<p class=\"TextModule__paragraph___3AIU_\"><span><\/span><\/p>\n<p><span>Die\u00a0<\/span><a href=\"https:\/\/www.modulor.de\/tische\/schreibtische\/\" target=\"_blank\" class=\"TextModule__link___3cVUh\" rel=\"noopener\">Schreibtische<\/a><span>\u00a0sollten deshalb nach M\u00f6glichkeit\u00a0<\/span><a href=\"https:\/\/www.modulor.de\/tische\/hoehenverstellbare-schreibtische\/\" target=\"_blank\" class=\"TextModule__link___3cVUh\" rel=\"noopener\">h\u00f6henverstellbar<\/a><span>\u00a0sein, damit auch neue Kollegen gut daran sitzen k\u00f6nnen und bei Bedarf ein\u00a0<\/span><strong class=\"TextModule__bold___1ubC0\">kurzes Meeting im Stehen<span>\u00a0<\/span><\/strong><span>m\u00f6glich ist. Tische mit Rollen haben den Vorteil, dass sie zu gr\u00f6\u00dferen Arbeitsinseln oder einem repr\u00e4sentativen\u00a0<\/span><a href=\"https:\/\/www.modulor.de\/tische\/konferenztisch\/\" target=\"_blank\" class=\"TextModule__link___3cVUh\" rel=\"noopener\">Konferenztisch<\/a><span>\u00a0zusammengeschoben werden k\u00f6nnen, falls Ihr noch keinen Platz f\u00fcr eine gro\u00dfe\u00a0<\/span><a href=\"https:\/\/www.modulor.de\/tische\/workbench\/\" target=\"_blank\" class=\"TextModule__link___3cVUh\" rel=\"noopener\">Workbench<\/a><span>\u00a0habt.<\/span><br \/><span>Denkt daran, entsprechendes\u00a0<\/span><strong class=\"TextModule__bold___1ubC0\">Kabelmanagement<\/strong><span>\u00a0in die Schreibtische zu integrieren, damit spontane Positionsver\u00e4nderungen nicht zu einem unl\u00f6sbaren Kabelsalat f\u00fchren. Wir versprechen Euch: PC-Halter, Kabeldurchl\u00e4sse und\u00a0<\/span><a href=\"https:\/\/www.modulor.de\/kabelkanal-fuer-modulor-tischgestelle.html?t=oxid\" target=\"_blank\" class=\"TextModule__link___3cVUh\" rel=\"noopener\">Kabelkan\u00e4le<\/a><span>\u00a0an Euren Arbeitstischen werdet Ihr als Ordnungsh\u00fcter Eures kreativen Startup B\u00fcros lieben lernen. Kleine Stehtische bringen nicht nur optisch eine Abwechslung, sie sind das agile M\u00f6belst\u00fcck schlechthin: schnell umgestellt sind sie Meeting-Point, Empfang oder Bistro, genau dort, wo Ihr es braucht.\u00a0<\/span><\/p>\n<p>[\/et_pb_text][\/et_pb_column][\/et_pb_row][et_pb_row column_structure=&#8220;2_5,3_5&#8243; _builder_version=&#8220;4.17.3&#8243; _module_preset=&#8220;default&#8220; global_colors_info=&#8220;{}&#8220;][et_pb_column type=&#8220;2_5&#8243; _builder_version=&#8220;4.17.3&#8243; _module_preset=&#8220;default&#8220; global_colors_info=&#8220;{}&#8220;][et_pb_image src=&#8220;https:\/\/www.modulor.de\/magazin\/wp-content\/uploads\/2022\/08\/R0A0187-e1661762680989.jpg&#8220; alt=&#8220;Elektrisch h\u00f6henverstellbare Tische und Tischplatten mit Kabeldurchlass macht flexibles Arbeiten m\u00f6glich &#8211; f\u00fcr maximalen Komfort beim Arbeiten&#8220; title_text=&#8220;_R0A0187&#8243; _builder_version=&#8220;4.17.3&#8243; _module_preset=&#8220;default&#8220; transform_scale_tablet=&#8220;&#8220; transform_scale_phone=&#8220;&#8220; transform_scale_last_edited=&#8220;on|desktop&#8220; transform_translate_tablet=&#8220;0px|0px&#8220; transform_translate_phone=&#8220;0px|0px&#8220; transform_translate_last_edited=&#8220;on|desktop&#8220; transform_translate_linked=&#8220;off&#8220; transform_rotate_tablet=&#8220;&#8220; transform_rotate_phone=&#8220;&#8220; transform_rotate_last_edited=&#8220;on|desktop&#8220; transform_skew_tablet=&#8220;&#8220; transform_skew_phone=&#8220;&#8220; transform_skew_last_edited=&#8220;on|desktop&#8220; transform_origin_tablet=&#8220;&#8220; transform_origin_phone=&#8220;&#8220; transform_origin_last_edited=&#8220;on|desktop&#8220; transform_styles_last_edited=&#8220;on|desktop&#8220; transform_styles_tablet=&#8220;&#8220; transform_styles_phone=&#8220;&#8220; global_colors_info=&#8220;{}&#8220;][\/et_pb_image][\/et_pb_column][et_pb_column type=&#8220;3_5&#8243; _builder_version=&#8220;4.17.3&#8243; _module_preset=&#8220;default&#8220; global_colors_info=&#8220;{}&#8220;][et_pb_image src=&#8220;https:\/\/www.modulor.de\/magazin\/wp-content\/uploads\/2022\/08\/R0A0197-e1661762638968.jpg&#8220; alt=&#8220;Startup B\u00fcro einrichten: agiles Arbeiten geht mit h\u00f6henverstellbaren Tischen&#8220; title_text=&#8220;_R0A0197&#8243; _builder_version=&#8220;4.17.3&#8243; _module_preset=&#8220;default&#8220; global_colors_info=&#8220;{}&#8220;][\/et_pb_image][\/et_pb_column][\/et_pb_row][et_pb_row _builder_version=&#8220;4.17.3&#8243; _module_preset=&#8220;default&#8220; global_colors_info=&#8220;{}&#8220;][et_pb_column type=&#8220;4_4&#8243; _builder_version=&#8220;4.17.3&#8243; _module_preset=&#8220;default&#8220; global_colors_info=&#8220;{}&#8220;][et_pb_text module_id=&#8220;plexiglas-kleben-anker6&#8243; _builder_version=&#8220;4.17.3&#8243; _module_preset=&#8220;default&#8220; custom_margin=&#8220;|224px|55px|224px|false|false&#8220; hover_enabled=&#8220;0&#8243; global_colors_info=&#8220;{}&#8220; sticky_enabled=&#8220;0&#8243;]<\/p>\n<div id=\"arealayoutrowarea-row-11\" class=\"module_bWFnYXppbi9zdG9yeS9zdGFydHVwLWJ1ZXJvLWVpbnJpY2h0ZW4tdGlwcHMtZnVlci1kZWluLWFnaWxlcy1idWVyby8__AreaLayoutRow_11 AreaLayout__AreaLayoutRow___2Xps6 \">\n<div class=\"AreaLayout__row___37mlk AreaLayout__row__full___2o208\">\n<div id=\"text533730\" class=\"module_bWFnYXppbi9zdG9yeS9zdGFydHVwLWJ1ZXJvLWVpbnJpY2h0ZW4tdGlwcHMtZnVlci1kZWluLWFnaWxlcy1idWVyby8__TEXT_1724518 TextModule__TEXT___35YEX AreaLayout__column___loShH AreaLayout__column__1-layout--1-elements--1-span___23x8G\" data-testid=\"LayoutColumn__TEXT.1724518\">\n<div class=\"TextModule__textWrapper___2aHt4\">\n<div data-content-checksum=\"c153cd6bde43a72b20c717f89ffb145ded50ef9c\" class=\"TextModule__description___2Y1l0\">\n<p class=\"TextModule__paragraph___3AIU_\"><span>Greift bei der Wahl passender Aufbewahrungen und\u00a0<\/span><a href=\"https:\/\/www.modulor.de\/regale\/konfigurator-regal-z\/?setup=state:configure,size:928x1467,frameColor:black,frameColorType:Default,frameColorDefault:black,frameColorSpecial:,tableLegColor:black,c:1\" target=\"_blank\" class=\"TextModule__link___3cVUh\" rel=\"noopener\">Regalsysteme<\/a><span>\u00a0in Eurem Startup B\u00fcro m\u00f6glichst auf\u00a0<\/span><strong class=\"TextModule__bold___1ubC0\">modulare und erweiterbare Produktlinien<\/strong><span>\u00a0zur\u00fcck, die mit Euren Anspr\u00fcchen mitwachsen k\u00f6nnen. Zu viel St\u00fcckwerk an dieser Stelle bringt mehr Unruhe als Ordnung in Euren Office Space und das wirkt ungem\u00fctlich. Und wer will schon in einer Rumpelkammer arbeiten?\u00a0<\/span><\/p>\n<h3 class=\"TextModule__paragraph___3AIU_\">Ergonomische B\u00fcrost\u00fchle f\u00fcr flexibles Sitzen<\/h3>\n<p class=\"TextModule__paragraph___3AIU_\"><span>Bei der\u00a0<\/span><a href=\"https:\/\/www.modulor.de\/sitzmoebel\/\" target=\"_blank\" class=\"TextModule__link___3cVUh\" rel=\"noopener\">Bestuhlung<\/a><span>\u00a0dagegen solltet Ihr dem\u00a0<\/span><strong class=\"TextModule__bold___1ubC0\">Mix aus fester und flexibler Sitzordnung<\/strong><span>\u00a0Rechnung tragen und neben ergonomischen\u00a0<\/span><a href=\"https:\/\/www.modulor.de\/stuehle-hocker\/buerostuehle\/\" target=\"_blank\" class=\"TextModule__link___3cVUh\" rel=\"noopener\">B\u00fcrost\u00fchlen<\/a><span>\u00a0in ausreichender Anzahl auch stapelbare St\u00fchle, h\u00f6henverstellbare Hocker, Stehhilfen und gem\u00fctliche Lounge Chairs f\u00fcr die kreativen Denkpausen parat haben.\u00a0<\/span><\/p>\n<\/div>\n<\/div>\n<\/div>\n<\/div>\n<\/div>\n<div id=\"arealayoutrowarea-row-12\" class=\"module_bWFnYXppbi9zdG9yeS9zdGFydHVwLWJ1ZXJvLWVpbnJpY2h0ZW4tdGlwcHMtZnVlci1kZWluLWFnaWxlcy1idWVyby8__AreaLayoutRow_12 AreaLayout__AreaLayoutRow___2Xps6 \">\n<div class=\"AreaLayout__row___37mlk AreaLayout__row__full___2o208\">\n<div id=\"text533733\" class=\"module_bWFnYXppbi9zdG9yeS9zdGFydHVwLWJ1ZXJvLWVpbnJpY2h0ZW4tdGlwcHMtZnVlci1kZWluLWFnaWxlcy1idWVyby8__TEXT_1724519 TextModule__TEXT___35YEX AreaLayout__column___loShH AreaLayout__column__1-layout--1-elements--1-span___23x8G\" data-testid=\"LayoutColumn__TEXT.1724519\">\n<div class=\"TextModule__textWrapper___2aHt4\">\n<div data-content-checksum=\"49bd0913c81bb9083dee83065c5f26fe06daf524\" class=\"TextModule__description___2Y1l0\">\n<p class=\"TextModule__paragraph___3AIU_\"><span>Rechnet immer mit einem Zuwachs und einem Wechsel der Startup Besetzung und entscheidet Euch f\u00fcr M\u00f6belhersteller, die Euch m\u00f6glichst kurze Lieferzeiten eines breit gef\u00e4cherten Produktsortiments bieten k\u00f6nnen. Denn wer hat schon Zeit, inmitten eines wichtigen Projektes, Monate auf das neue B\u00fcroequipment zu warten. Also wir nicht! Deshalb k\u00f6nnt Ihr bei all unseren\u00a0<\/span><a href=\"https:\/\/www.modulor.de\/tische\/konfigurieren\/\" target=\"_blank\" class=\"TextModule__link___3cVUh\" rel=\"noopener\">Tischkonfiguratoren<\/a><span>\u00a0die<\/span><strong class=\"TextModule__bold___1ubC0\"><\/strong><br \/><strong class=\"TextModule__bold___1ubC0\">\u201enur schnell lieferbaren Varianten\u201c<\/strong><span>\u00a0anklicken und innerhalb weniger Tage Euer Startup B\u00fcro um passnde Tische erweitern.<\/span><\/p>\n<\/div>\n<\/div>\n<\/div>\n<\/div>\n<\/div>\n<p>[\/et_pb_text][\/et_pb_column][\/et_pb_row][et_pb_row column_structure=&#8220;3_5,2_5&#8243; _builder_version=&#8220;4.17.3&#8243; _module_preset=&#8220;default&#8220; background_color=&#8220;#DBDBDB&#8220; global_colors_info=&#8220;{}&#8220;][et_pb_column type=&#8220;3_5&#8243; _builder_version=&#8220;4.17.3&#8243; _module_preset=&#8220;default&#8220; global_colors_info=&#8220;{}&#8220;][et_pb_text _builder_version=&#8220;4.17.3&#8243; _module_preset=&#8220;default&#8220; width=&#8220;96%&#8220; global_colors_info=&#8220;{}&#8220;]<\/p>\n<p><span>Modulor w\u00e4re aber nicht Modulor, wenn wir nicht noch mehr auf Lager h\u00e4tten: <\/span><span>falls Ihr gr\u00f6\u00dfere Mengen oder andere Konfigurationen ben\u00f6tigt, sprecht unser\u00a0<\/span><a href=\"https:\/\/www.modulor.de\/geschaeftskunden\/\" target=\"_blank\" class=\"TextModule__link___3cVUh\" rel=\"noopener\">Verkaufsteam<\/a><span>\u00a0an. Wir entwickeln kontinuierlich unser Sortiment und unsere Lieferkapazit\u00e4ten, damit wir Euch passgenaue L\u00f6sungen anbieten k\u00f6nnen. <\/span><\/p>\n<p><span><\/span><\/p>\n<p><span>F\u00fcr eine\u00a0<\/span><a href=\"https:\/\/www.modulor.de\/moebelberatung\/\" target=\"_blank\" class=\"TextModule__link___3cVUh\" rel=\"noopener\"><strong class=\"TextModule__bold___1ubC0\">pers\u00f6nliche Beratung<\/strong><\/a><span>\u00a0und zum ausgiebigen Probesitzen kommt am besten in unser\u00a0<\/span><a href=\"https:\/\/www.modulor.de\/filiale-berlin\/\" target=\"_blank\" class=\"TextModule__link___3cVUh\" rel=\"noopener\">Ladengesch\u00e4ft am Moritzplatz<\/a><span>.\u00a0<\/span><\/p>\n<p>[\/et_pb_text][et_pb_button button_url=&#8220;https:\/\/www.modulor.de\/moebelberatung\/&#8220; url_new_window=&#8220;on&#8220; button_text=&#8220;Zur M\u00f6belberatung &#8220; _builder_version=&#8220;4.17.3&#8243; _module_preset=&#8220;default&#8220; global_colors_info=&#8220;{}&#8220;][\/et_pb_button][et_pb_button button_url=&#8220;https:\/\/www.modulor.de\/geschaeftskunden\/&#8220; url_new_window=&#8220;on&#8220; button_text=&#8220;Unser B2B Service &#8220; _builder_version=&#8220;4.17.3&#8243; _module_preset=&#8220;default&#8220; global_colors_info=&#8220;{}&#8220;][\/et_pb_button][\/et_pb_column][et_pb_column type=&#8220;2_5&#8243; _builder_version=&#8220;4.17.3&#8243; _module_preset=&#8220;default&#8220; global_colors_info=&#8220;{}&#8220;][et_pb_image src=&#8220;https:\/\/www.modulor.de\/magazin\/wp-content\/uploads\/2022\/08\/98A0108-scaled-e1661763189419.jpg&#8220; alt=&#8220;Startup B\u00fcro einrichten: M\u00f6belberatung bei Modulor, Probesitzen erw\u00fcnscht&#8220; title_text=&#8220;_98A0108&#8243; _builder_version=&#8220;4.17.3&#8243; _module_preset=&#8220;default&#8220; global_colors_info=&#8220;{}&#8220;][\/et_pb_image][\/et_pb_column][\/et_pb_row][et_pb_row _builder_version=&#8220;4.17.3&#8243; _module_preset=&#8220;default&#8220; global_colors_info=&#8220;{}&#8220;][et_pb_column type=&#8220;4_4&#8243; _builder_version=&#8220;4.17.3&#8243; _module_preset=&#8220;default&#8220; global_colors_info=&#8220;{}&#8220;][et_pb_text module_id=&#8220;startup-anker4&#8243; _builder_version=&#8220;4.17.3&#8243; _module_preset=&#8220;default&#8220; custom_margin=&#8220;|224px|-4px|224px|false|false&#8220; global_colors_info=&#8220;{}&#8220;]<\/p>\n<div id=\"arealayoutrowarea-row-17\" class=\"module_bWFnYXppbi9zdG9yeS9ub24tdGVycml0b3JpYWxlcy1idWVyby1kZXNrLXNoYXJpbmctdW5kLWNvLw___AreaLayoutRow_17 AreaLayout__AreaLayoutRow___2Xps6 \">\n<div class=\"AreaLayout__row___37mlk AreaLayout__row__full___2o208\">\n<div id=\"text533970\" class=\"module_bWFnYXppbi9zdG9yeS9ub24tdGVycml0b3JpYWxlcy1idWVyby1kZXNrLXNoYXJpbmctdW5kLWNvLw___TEXT_1927071 TextModule__TEXT___35YEX AreaLayout__column___loShH AreaLayout__column__1-layout--1-elements--1-span___23x8G\" data-testid=\"LayoutColumn__TEXT.1927071\">\n<div class=\"TextModule__textWrapper___2aHt4\">\n<div data-content-checksum=\"9ad8353daec6d208283c3ba58cb1ca812cc695a2\" class=\"TextModule__description___2Y1l0\">\n<h2 class=\"TextModule__headline-h2___2SWCs\"><strong class=\"TextModule__bold___1ubC0\">Startup B\u00fcro einrichten spezial: Kleines B\u00fcro oder Gro\u00dfraumb\u00fcro einrichten<\/strong><\/h2>\n<p class=\"TextModule__paragraph___3AIU_\"><span>Aber ist es nicht ein Unterschied, ob Ihr ein kleines Startup B\u00fcro oder ein Gro\u00dfraumb\u00fcro einrichten wollt? Jein.\u00a0<\/span><strong class=\"TextModule__bold___1ubC0\">Ergonomische Tische<\/strong><span>\u00a0<\/span><strong class=\"TextModule__bold___1ubC0\">und St\u00fchle,<\/strong><span>\u00a0<\/span><strong class=\"TextModule__bold___1ubC0\">gutes Licht, rollbare Container<\/strong><span>\u00a0und\u00a0<\/span><a href=\"https:\/\/www.modulor.de\/regale\/konfigurator-regal-z\/?setup=state:configure,size:928x1467,frameColor:black,frameColorType:Default,frameColorDefault:black,frameColorSpecial:,tableLegColor:black,c:1\" target=\"_blank\" class=\"TextModule__link___3cVUh\" rel=\"noopener\">flexibel erweiterbare Regale<\/a><span>\u00a0machen Sinn auf 20 und auf 400 Quadratmetern.\u00a0<\/span><br \/><span>Beim kleinen Startup B\u00fcro mit wenigen Mitarbeitern habt Ihr nat\u00fcrlich erstmal geringere Investitionen und wahrscheinlich noch keinen Bedarf (aber auch wenig M\u00f6glichkeiten), unterschiedliche Bereiche f\u00fcr ruhiges Arbeiten, Teamarbeit und Meetings einzuplanen (falls \u00fcberhaupt n\u00f6tig). Eure Kreativit\u00e4t beim Einrichten ist gefragt, um den wertvollen Platz gut auszunutzen. Denkt schon beim Kauf der ersten M\u00f6bel daran, dass Euer kleines Startup so gut l\u00e4uft, dass Ihr schnell mehr werdet und neue Arbeitspl\u00e4tze her m\u00fcssen.\u00a0<\/span><strong class=\"TextModule__bold___1ubC0\">Achtet deshalb auf Nachkaufbarkeit<\/strong><span>\u00a0von Tischen, St\u00fchlen, Regalen, Rollcontainern und Co. und nehmt Euch f\u00fcr die Planung lieber am Anfang die Zeit, statt sp\u00e4ter Euer Startup B\u00fcro zu einem unansehnlichen Puzzlest\u00fcck werden zu lassen, in dem sich niemand mehr wohlf\u00fchlt.\u00a0<\/span><\/p>\n<\/div>\n<\/div>\n<\/div>\n<\/div>\n<\/div>\n<p>[\/et_pb_text][\/et_pb_column][\/et_pb_row][et_pb_row _builder_version=&#8220;4.17.3&#8243; _module_preset=&#8220;default&#8220; global_colors_info=&#8220;{}&#8220;][et_pb_column type=&#8220;4_4&#8243; _builder_version=&#8220;4.17.3&#8243; _module_preset=&#8220;default&#8220; global_colors_info=&#8220;{}&#8220;][et_pb_text module_id=&#8220;startup-anker5&#8243; _builder_version=&#8220;4.17.3&#8243; _module_preset=&#8220;default&#8220; global_colors_info=&#8220;{}&#8220;]<\/p>\n<h2 class=\"TextModule__headline-h2___2SWCs\"><strong class=\"TextModule__bold___1ubC0\">B\u00fcrogr\u00f6\u00dfe: Richtwerte f\u00fcr Raumgr\u00f6\u00dfe und Raumh\u00f6he.<\/strong><\/h2>\n<p class=\"TextModule__paragraph___3AIU_\"><span>F\u00fcr die richtige Verteilung im Raum gibt es au\u00dferdem gesetzliche Vorgaben, die Ihr einhalten solltet. Je nach Raumgr\u00f6\u00dfe eures B\u00fcros hei\u00dft das:\u00a0<\/span><strong class=\"TextModule__bold___1ubC0\">mindestens 8 qm Fl\u00e4che pro Arbeitsplatz<\/strong><span>, in gro\u00dfen B\u00fcros sogar bis zu 15 qm. Auch die Raumh\u00f6he ist nicht egal und abh\u00e4ngig von der Gesamtgr\u00f6\u00dfe. Denn je mehr Leute zusammensitzen, desto d\u00fcnner wird die Luft. Bei einer\u00a0<\/span><strong class=\"TextModule__bold___1ubC0\">Raumgr\u00f6\u00dfe von 100 qm braucht Ihr da schon 3 Meter Platz nach oben<\/strong><span>, damit Euch die Decke nicht auf den Kopf f\u00e4llt.<\/span><\/p>\n<p>[\/et_pb_text][\/et_pb_column][\/et_pb_row][et_pb_row column_structure=&#8220;2_5,3_5&#8243; _builder_version=&#8220;4.17.3&#8243; _module_preset=&#8220;default&#8220; custom_padding=&#8220;1px|||||&#8220; global_colors_info=&#8220;{}&#8220;][et_pb_column type=&#8220;2_5&#8243; _builder_version=&#8220;4.17.3&#8243; _module_preset=&#8220;default&#8220; global_colors_info=&#8220;{}&#8220;][et_pb_image src=&#8220;https:\/\/www.modulor.de\/magazin\/wp-content\/uploads\/2022\/08\/7_workbench-scaled-e1661519461451.jpg&#8220; alt=&#8220;Die Modulor Workbench &#8211; B\u00fcro einrichten mit Modulor&#8220; title_text=&#8220;7_workbench&#8220; _builder_version=&#8220;4.17.3&#8243; _module_preset=&#8220;default&#8220; global_colors_info=&#8220;{}&#8220;][\/et_pb_image][\/et_pb_column][et_pb_column type=&#8220;3_5&#8243; _builder_version=&#8220;4.17.3&#8243; _module_preset=&#8220;default&#8220; global_colors_info=&#8220;{}&#8220;][et_pb_image src=&#8220;https:\/\/www.modulor.de\/magazin\/wp-content\/uploads\/2022\/08\/R0A0126_ret.jpg&#8220; alt=&#8220;Startup B\u00fcro einrichten: Die Modulor Workbench&#8220; title_text=&#8220;_R0A0126_ret&#8220; _builder_version=&#8220;4.17.3&#8243; _module_preset=&#8220;default&#8220; global_colors_info=&#8220;{}&#8220;][\/et_pb_image][\/et_pb_column][\/et_pb_row][et_pb_row _builder_version=&#8220;4.17.3&#8243; _module_preset=&#8220;default&#8220; global_colors_info=&#8220;{}&#8220;][et_pb_column type=&#8220;4_4&#8243; _builder_version=&#8220;4.17.3&#8243; _module_preset=&#8220;default&#8220; global_colors_info=&#8220;{}&#8220;][et_pb_text module_id=&#8220;non-territorial-anker6&#8243; _builder_version=&#8220;4.17.3&#8243; _module_preset=&#8220;default&#8220; global_colors_info=&#8220;{}&#8220;]<\/p>\n<h2 class=\"TextModule__headline-h3___MN46G\"><strong class=\"TextModule__bold___1ubC0\">Mit diesen beiden Tipps k\u00f6nnt Ihr Platz und unn\u00f6tige Neuk\u00e4ufe sparen:<\/strong><\/h2>\n<h3 class=\"TextModule__paragraph___3AIU_\"><strong class=\"TextModule__bold___1ubC0\">Ergonomie, Ergonomie, Ergonomie<\/strong><\/h3>\n<p><span>Ja, ein h\u00e4ssliches Wort, allerdings mit viel Inhalt und Einsparpotential:\u00a0<\/span><strong class=\"TextModule__bold___1ubC0\">h\u00f6henverstellbare Tische<\/strong><span>\u00a0werdet Ihr so schnell nicht austauschen m\u00fcssen und mit den richtigen\u00a0<\/span><a href=\"https:\/\/www.modulor.de\/leuchten\/\" target=\"_blank\" class=\"TextModule__link___3cVUh\" rel=\"noopener\">Leuchten<\/a><span>\u00a0bringt Ihr immer genug Licht auf den Tisch. Nacken- und R\u00fcckenschmerzen erspart Ihr allen Mitarbeitern mit anpassungsf\u00e4higen\u00a0<\/span><a href=\"https:\/\/www.modulor.de\/stuehle-hocker\/buerostuehle\/\" target=\"_blank\" class=\"TextModule__link___3cVUh\" rel=\"noopener\">B\u00fcrost\u00fchlen<\/a><span>. Und die sind l\u00e4ngst keine fetten Sitzmaschinen mehr, sondern ansehnlich schlank und r\u00fcckenentlastend beweglich: ideal also f\u00fcr den agilen Arbeitsplatz in kleinen R\u00e4umen.\u00a0<\/span><\/p>\n<p>[\/et_pb_text][et_pb_text module_id=&#8220;non-territorial-anker7&#8243; _builder_version=&#8220;4.17.3&#8243; _module_preset=&#8220;default&#8220; global_colors_info=&#8220;{}&#8220;]<\/p>\n<h3 class=\"TextModule__headline-h2___2SWCs\"><strong class=\"TextModule__bold___1ubC0\">Wandfl\u00e4chen (auch in der H\u00f6he) nutzen<\/strong><\/h3>\n<p><span>Regal oder Whiteboardfl\u00e4che? Im kleinen B\u00fcro kann das zur Entweder-Oder-Frage werden. Beides braucht Ihr im Startup B\u00fcro dringend. Wenn Ihr die H\u00f6he der W\u00e4nde ausnutzt und \u00fcber Kopfh\u00f6he meterweise Regalbretter anbringt, habt Ihr eine Menge\u00a0<\/span><strong class=\"TextModule__bold___1ubC0\">Platz f\u00fcr Ordner, B\u00fccher und Kisten<\/strong><span>\u00a0geschaffen, die optisch aus dem Weg sind und an die Ihr trotzdem gut herankommt. Und darunter bleibt Platz f\u00fcr\u00a0<\/span><a href=\"https:\/\/www.modulor.de\/buerobedarf\/moderationsbedarf\/whiteboards\/\" target=\"_blank\" class=\"TextModule__link___3cVUh\" rel=\"noopener\">Whiteboard<\/a><span>,\u00a0<\/span><a href=\"https:\/\/www.modulor.de\/buerobedarf\/moderationsbedarf\/flipcharts\/\" target=\"_blank\" class=\"TextModule__link___3cVUh\" rel=\"noopener\">Flipchart<\/a><span>\u00a0oder Magnetwand, an die Ihr Eure Ideen und Entw\u00fcrfe bringen k\u00f6nnt. Und je mehr Freiraum Ihr Euren Ideen gebt, desto mehr Kreativit\u00e4t kann entstehen.\u00a0<\/span><\/p>\n<p>[\/et_pb_text][\/et_pb_column][\/et_pb_row][et_pb_row column_structure=&#8220;1_3,1_3,1_3&#8243; _builder_version=&#8220;4.17.3&#8243; _module_preset=&#8220;default&#8220; global_colors_info=&#8220;{}&#8220;][et_pb_column type=&#8220;1_3&#8243; _builder_version=&#8220;4.17.3&#8243; _module_preset=&#8220;default&#8220; global_colors_info=&#8220;{}&#8220;][et_pb_image src=&#8220;https:\/\/www.modulor.de\/magazin\/wp-content\/uploads\/2022\/08\/R0A0014-1_ret.jpg&#8220; alt=&#8220;Open Space Office einrichten: Wandfl\u00e4che mit einem Whiteboard auch in der H\u00f6he nutzen&#8220; title_text=&#8220;_R0A0014 1_ret&#8220; _builder_version=&#8220;4.17.3&#8243; _module_preset=&#8220;default&#8220; global_colors_info=&#8220;{}&#8220;][\/et_pb_image][\/et_pb_column][et_pb_column type=&#8220;1_3&#8243; _builder_version=&#8220;4.17.3&#8243; _module_preset=&#8220;default&#8220; global_colors_info=&#8220;{}&#8220;][et_pb_image src=&#8220;https:\/\/www.modulor.de\/magazin\/wp-content\/uploads\/2022\/08\/R0A0286_ret.jpg&#8220; alt=&#8220;Startup B\u00fcro einrichten: Dank hoher Regale l\u00e4sst sich Wandfl\u00e4che auch in der H\u00f6he nutzen&#8220; title_text=&#8220;_R0A0286_ret&#8220; _builder_version=&#8220;4.17.3&#8243; _module_preset=&#8220;default&#8220; global_colors_info=&#8220;{}&#8220;][\/et_pb_image][\/et_pb_column][et_pb_column type=&#8220;1_3&#8243; _builder_version=&#8220;4.17.3&#8243; _module_preset=&#8220;default&#8220; global_colors_info=&#8220;{}&#8220;][et_pb_image src=&#8220;https:\/\/www.modulor.de\/magazin\/wp-content\/uploads\/2022\/08\/R0A0337_ret.jpg&#8220; alt=&#8220;Startup B\u00fcro einrichten: Dank hoher, erweiterbarer Regale l\u00e4sst sich Wandfl\u00e4che auch in der H\u00f6he nutzen&#8220; title_text=&#8220;_R0A0337_ret&#8220; _builder_version=&#8220;4.17.3&#8243; _module_preset=&#8220;default&#8220; global_colors_info=&#8220;{}&#8220;][\/et_pb_image][\/et_pb_column][\/et_pb_row][et_pb_row _builder_version=&#8220;4.17.3&#8243; _module_preset=&#8220;default&#8220; global_colors_info=&#8220;{}&#8220;][et_pb_column type=&#8220;4_4&#8243; _builder_version=&#8220;4.17.3&#8243; _module_preset=&#8220;default&#8220; global_colors_info=&#8220;{}&#8220;][et_pb_text _builder_version=&#8220;4.17.3&#8243; _module_preset=&#8220;default&#8220; global_colors_info=&#8220;{}&#8220;]<\/p>\n<h3 class=\"TextModule__paragraph___3AIU_\"><span>Ger\u00e4uschpegel &amp; Ordnung<\/span><\/h3>\n<p class=\"TextModule__paragraph___3AIU_\"><span><\/span><\/p>\n<p class=\"TextModule__paragraph___3AIU_\"><span>Wenn Ihr schon gr\u00f6\u00dfer anfangt und gleich eine ganze Loftetage als Gro\u00dfraumb\u00fcro bezieht, k\u00f6nnt Ihr nat\u00fcrlich klotzen. Hier liegen die Herausforderungen im gro\u00dfen Raum, in dem\u00a0<\/span><strong class=\"TextModule__bold___1ubC0\">jeder Arbeitsplatz eine gute Belichtung<\/strong><span>\u00a0braucht und eine\u00a0<\/span><a href=\"https:\/\/www.modulor.de\/magazin\/leben-arbeiten\/faq-modulor-schallabsorber-pst\/\" target=\"_blank\" rel=\"noopener\"><strong class=\"TextModule__bold___1ubC0\">L\u00f6sung f\u00fcr den h\u00f6heren Ger\u00e4uschpegel<\/strong><\/a><span>\u00a0gefunden werden muss.<\/span><\/p>\n<p><span>Perfekte Voraussetzungen, um die oben beschriebene schlaue Zonierung einzuf\u00fchren: Neben <a href=\"https:\/\/www.modulor.de\/schallabsorber\/\" target=\"_blank\" rel=\"noopener\">schallabsorbierenden\u00a0<\/a><\/span><a href=\"https:\/\/www.modulor.de\/schallabsorber\/\" target=\"_blank\" rel=\"noopener\"><strong class=\"TextModule__bold___1ubC0\">Trennw\u00e4nden<\/strong><\/a><span><a href=\"https:\/\/www.modulor.de\/schallabsorber\/\" target=\"_blank\" rel=\"noopener\">\u00a0<\/a>k\u00f6nnt ihr\u00a0<\/span><a href=\"https:\/\/www.modulor.de\/regale\/\" target=\"_blank\" rel=\"noopener\"><strong class=\"TextModule__bold___1ubC0\">Regale als Raumteiler<\/strong><\/a><span>\u00a0nutzen, f\u00fcr abgetrennte Besprechungsr\u00e4ume eignen sich freistehende Meeting-Cubes. Technische Ger\u00e4te, die viel L\u00e4rm und Feinstaub erzeugen, sollten nach M\u00f6glichkeit in einen separaten Raum verbannt werden. Und den\u00a0<\/span><a href=\"https:\/\/www.modulor.de\/zwingo-sicherheitspapierkorb-kunststoff.html\" target=\"_blank\" class=\"TextModule__link___3cVUh\" rel=\"noopener\">Papierkorb<span>\u00a0<\/span><\/a><span>am besten gleich mit, denn das bringt nicht nur Ordnung, sondern auch mehr Bewegung in den Startup B\u00fcroalltag.\u00a0<\/span><\/p>\n<p>[\/et_pb_text][et_pb_text _builder_version=&#8220;4.17.3&#8243; _module_preset=&#8220;default&#8220; global_colors_info=&#8220;{}&#8220;]<\/p>\n<h3 class=\"TextModule__paragraph___3AIU_\"><span>Lichtversorgung<\/span><\/h3>\n<p class=\"TextModule__paragraph___3AIU_\"><span><\/span><\/p>\n<p class=\"TextModule__paragraph___3AIU_\"><span>Genauso wichtig wie die L\u00e4rmregulierung ist die <a href=\"https:\/\/www.modulor.de\/leuchten\/\" target=\"_blank\" rel=\"noopener\">Lichtversorgung<\/a>, denn ein nat\u00fcrlich heller Raum f\u00f6rdert die Aufmerksamkeit und das Wohlbefinden. F\u00fcr Schreibtische, die nicht mit Seitenlicht am Fenster stehen k\u00f6nnen, m\u00fcsst Ihr eventuell ein elektrisches Grundlicht von der Decke einplanen oder\u00a0<\/span><strong class=\"TextModule__bold___1ubC0\">Stehlampen mit einer ausgewogenen Lichtstreuung<\/strong><span>\u00a0gleichm\u00e4\u00dfig im Raum verteilen.\u00a0<\/span><strong class=\"TextModule__bold___1ubC0\">Tischlampen<span>\u00a0<\/span><\/strong><span>sind nicht nur Lichtquellen, sondern auch Designelemente, die sofort ins Auge springen und die Ihr in Euer Farbkonzept integrieren solltet.\u00a0<\/span><\/p>\n<p>[\/et_pb_text][\/et_pb_column][\/et_pb_row][et_pb_row column_structure=&#8220;2_5,3_5&#8243; _builder_version=&#8220;4.17.3&#8243; _module_preset=&#8220;default&#8220; background_color=&#8220;#dbdbdb&#8220; custom_margin=&#8220;|auto|33px|auto||&#8220; global_colors_info=&#8220;{}&#8220;][et_pb_column type=&#8220;2_5&#8243; _builder_version=&#8220;4.17.3&#8243; _module_preset=&#8220;default&#8220; global_colors_info=&#8220;{}&#8220;][et_pb_image src=&#8220;https:\/\/www.modulor.de\/magazin\/wp-content\/uploads\/2022\/08\/Workbench_2_quadrat-scaled-e1661771734886.jpg&#8220; alt=&#8220;Startup B\u00fcro einrichten: agiles Arbeiten mit der Y Workbench von Modulor&#8220; title_text=&#8220;Workbench_2_quadrat&#8220; _builder_version=&#8220;4.17.3&#8243; _module_preset=&#8220;default&#8220; global_colors_info=&#8220;{}&#8220;][\/et_pb_image][\/et_pb_column][et_pb_column type=&#8220;3_5&#8243; _builder_version=&#8220;4.17.3&#8243; _module_preset=&#8220;default&#8220; global_colors_info=&#8220;{}&#8220;][et_pb_text _builder_version=&#8220;4.17.3&#8243; _module_preset=&#8220;default&#8220; width=&#8220;96%&#8220; global_colors_info=&#8220;{}&#8220;]<\/p>\n<p><span>Die\u00a0<\/span><a href=\"https:\/\/www.modulor.de\/tische\/workbench\/\" target=\"_blank\" class=\"TextModule__link___3cVUh\" rel=\"noopener\">Modulor Y Workbench<\/a><span>\u00a0ist f\u00fcr Euer Gro\u00dfraumb\u00fcro die perfekte L\u00f6sung, mehrere Arbeitspl\u00e4tze mit Licht und Strom in optisch ansprechender Weise auszustatten. Die Arbeitsinsel kann bei Bedarf als Konferenztisch genutzt werden.<\/span><br \/><a href=\"https:\/\/www.modulor.de\/geschaeftskunden\/\" target=\"_blank\" class=\"TextModule__link___3cVUh\" rel=\"noopener\">Wir beraten<\/a><span>\u00a0Euch gerne zu den vielf\u00e4ltigen M\u00f6glichkeiten und bieten den kompletten Aufbau vor Ort, damit ihr Euch in der Zeit auf das operative Gesch\u00e4ft Eures Startups konzentrieren k\u00f6nnt.\u00a0<\/span><\/p>\n<p>[\/et_pb_text][\/et_pb_column][\/et_pb_row][et_pb_row _builder_version=&#8220;4.17.3&#8243; _module_preset=&#8220;default&#8220; global_colors_info=&#8220;{}&#8220;][et_pb_column type=&#8220;4_4&#8243; _builder_version=&#8220;4.17.3&#8243; _module_preset=&#8220;default&#8220; global_colors_info=&#8220;{}&#8220;][et_pb_text _builder_version=&#8220;4.17.3&#8243; _module_preset=&#8220;default&#8220; global_colors_info=&#8220;{}&#8220;]<\/p>\n<div id=\"arealayoutrowarea-row-22\" class=\"module_bWFnYXppbi9zdG9yeS9zdGFydHVwLWJ1ZXJvLWVpbnJpY2h0ZW4tdGlwcHMtZnVlci1kZWluLWFnaWxlcy1idWVyby8__AreaLayoutRow_22 AreaLayout__AreaLayoutRow___2Xps6 \">\n<div class=\"AreaLayout__row___37mlk AreaLayout__row__full___2o208\">\n<div id=\"text534285\" class=\"module_bWFnYXppbi9zdG9yeS9zdGFydHVwLWJ1ZXJvLWVpbnJpY2h0ZW4tdGlwcHMtZnVlci1kZWluLWFnaWxlcy1idWVyby8__TEXT_1724535 TextModule__TEXT___35YEX AreaLayout__column___loShH AreaLayout__column__1-layout--1-elements--1-span___23x8G\" data-testid=\"LayoutColumn__TEXT.1724535\">\n<div class=\"TextModule__textWrapper___2aHt4\">\n<div data-content-checksum=\"4318a6a350c89609250427d6c0fe6636183f1f27\" class=\"TextModule__description___2Y1l0\">\n<p class=\"TextModule__paragraph___3AIU_\"><span>Apropos Farbe: da Gr\u00fcn bekanntlich f\u00fcr Ausgeglichenheit und Klarheit sorgt, macht es total Sinn, Euer Startup B\u00fcro in eine kleine Pflanzenoase zu\u00a0 verwandeln &#8211; mit angenehmer Arbeitsatmosph\u00e4re und sauberer Raumluft inklusive.<\/span><\/p>\n<p><span>&#8230; und nennt uns \u201ccrazy\u201d, aber japanische Studien haben herausgefunden, dass Tierbabybilder die Aufmerksamkeit und Konzentration bei der Arbeit erh\u00f6hen&#8230; Wir testen das gerade f\u00fcr Euch im Selbstversuch..<\/span><\/p>\n<\/div>\n<\/div>\n<\/div>\n<\/div>\n<\/div>\n<div id=\"arealayoutrowarea-row-23\" class=\"module_bWFnYXppbi9zdG9yeS9zdGFydHVwLWJ1ZXJvLWVpbnJpY2h0ZW4tdGlwcHMtZnVlci1kZWluLWFnaWxlcy1idWVyby8__AreaLayoutRow_23 AreaLayout__AreaLayoutRow___2Xps6 \">\n<div class=\"AreaLayout__row___37mlk AreaLayout__row__full___2o208\">\n<div id=\"image1712619\" class=\"module_bWFnYXppbi9zdG9yeS9zdGFydHVwLWJ1ZXJvLWVpbnJpY2h0ZW4tdGlwcHMtZnVlci1kZWluLWFnaWxlcy1idWVyby8__IMAGE_1724536 ImageModule__IMAGE___2rP79 AreaLayout__column___loShH AreaLayout__column__2-layout--2-elements--1-span___tYps_\" data-testid=\"LayoutColumn__IMAGE.1724536\">\n<figure class=\"ImageModule__imageWrapper___2e4Dz\"><picture class=\"ImageModule__picture___S8d_m\"><source srcset=\"https:\/\/styla-prod-us.imgix.net\/2c561d41-74b0-4cc3-809d-2dea8ccd96d1\/1619611158921_07859b05-d7c6-45ec-b2e7-8badbbce3677?auto=format%2Ccompress&amp;w=300&amp;fit=original 300w, https:\/\/styla-prod-us.imgix.net\/2c561d41-74b0-4cc3-809d-2dea8ccd96d1\/1619611158921_07859b05-d7c6-45ec-b2e7-8badbbce3677?auto=format%2Ccompress&amp;w=450&amp;fit=original 450w, https:\/\/styla-prod-us.imgix.net\/2c561d41-74b0-4cc3-809d-2dea8ccd96d1\/1619611158921_07859b05-d7c6-45ec-b2e7-8badbbce3677?auto=format%2Ccompress&amp;w=600&amp;fit=original 600w, https:\/\/styla-prod-us.imgix.net\/2c561d41-74b0-4cc3-809d-2dea8ccd96d1\/1619611158921_07859b05-d7c6-45ec-b2e7-8badbbce3677?auto=format%2Ccompress&amp;w=750&amp;fit=original 750w, https:\/\/styla-prod-us.imgix.net\/2c561d41-74b0-4cc3-809d-2dea8ccd96d1\/1619611158921_07859b05-d7c6-45ec-b2e7-8badbbce3677?auto=format%2Ccompress&amp;w=900&amp;fit=original 900w, https:\/\/styla-prod-us.imgix.net\/2c561d41-74b0-4cc3-809d-2dea8ccd96d1\/1619611158921_07859b05-d7c6-45ec-b2e7-8badbbce3677?auto=format%2Ccompress&amp;w=1080&amp;fit=original 1080w, https:\/\/styla-prod-us.imgix.net\/2c561d41-74b0-4cc3-809d-2dea8ccd96d1\/1619611158921_07859b05-d7c6-45ec-b2e7-8badbbce3677?auto=format%2Ccompress&amp;w=1280&amp;fit=original 1280w, https:\/\/styla-prod-us.imgix.net\/2c561d41-74b0-4cc3-809d-2dea8ccd96d1\/1619611158921_07859b05-d7c6-45ec-b2e7-8badbbce3677?auto=format%2Ccompress&amp;w=1440&amp;fit=original 1440w, https:\/\/styla-prod-us.imgix.net\/2c561d41-74b0-4cc3-809d-2dea8ccd96d1\/1619611158921_07859b05-d7c6-45ec-b2e7-8badbbce3677?auto=format%2Ccompress&amp;w=1680&amp;fit=original 1680w, https:\/\/styla-prod-us.imgix.net\/2c561d41-74b0-4cc3-809d-2dea8ccd96d1\/1619611158921_07859b05-d7c6-45ec-b2e7-8badbbce3677?auto=format%2Ccompress&amp;w=1920&amp;fit=original 1920w, https:\/\/styla-prod-us.imgix.net\/2c561d41-74b0-4cc3-809d-2dea8ccd96d1\/1619611158921_07859b05-d7c6-45ec-b2e7-8badbbce3677?auto=format%2Ccompress&amp;w=2560&amp;fit=original 2560w, https:\/\/styla-prod-us.imgix.net\/2c561d41-74b0-4cc3-809d-2dea8ccd96d1\/1619611158921_07859b05-d7c6-45ec-b2e7-8badbbce3677?auto=format%2Ccompress&amp;w=3840&amp;fit=original 3840w\" sizes=\"(max-width: 300px) 300px, (max-width: 450px) 450px, (max-width: 600px) 600px, (max-width: 750px) 750px, (max-width: 900px) 450px, (max-width: 1080px) 600px, (max-width: 1280px) 600px, (max-width: 1440px) 600px, (max-width: 1680px) 600px, (max-width: 1920px) 600px, (max-width: 2560px) 600px, (max-width: 3840px) 600px, 1280px\" \/><\/picture><\/figure>\n<\/div>\n<\/div>\n<\/div>\n<p>[\/et_pb_text][\/et_pb_column][\/et_pb_row][et_pb_row column_structure=&#8220;1_2,1_2&#8243; _builder_version=&#8220;4.17.3&#8243; _module_preset=&#8220;default&#8220; global_colors_info=&#8220;{}&#8220;][et_pb_column type=&#8220;1_2&#8243; _builder_version=&#8220;4.17.3&#8243; _module_preset=&#8220;default&#8220; global_colors_info=&#8220;{}&#8220;][dnhot_tooltip tooltip_image=&#8220;https:\/\/www.modulor.de\/magazin\/wp-content\/uploads\/2022\/08\/R0A0169.jpg&#8220; _builder_version=&#8220;4.17.3&#8243; _module_preset=&#8220;default&#8220; global_colors_info=&#8220;{}&#8220;][dnhot_tooltip_child tooltip_text=&#8220;Anglepoise Type 75 Mini&#8220; tooltip_content=&#8220;<\/p>\n<p>Arbeitsplatzleuchte grau<\/p>\n<p>&#8220; tooltip_use_image=&#8220;on&#8220; tooltip_image=&#8220;https:\/\/www.modulor.de\/magazin\/wp-content\/uploads\/2022\/08\/1_1920_1920_r_arbeitsplatzleuchte_anglepoise_type_75_mini_fur_esl_bis_15_w_led_bis_6_w_grau.jpg&#8220; tooltip_image_alt=&#8220;Anglepoise Type 75 Mini&#8220; hotspot_horizontal=&#8220;61%&#8220; hotspot_vertical=&#8220;23%&#8220; _builder_version=&#8220;4.17.3&#8243; _module_preset=&#8220;default&#8220; tooltip_desc_font_size=&#8220;11px&#8220; link_option_url=&#8220;https:\/\/www.modulor.de\/arbeitsplatzleuchte-anglepoise-type-75-mini-fuer-esl-bis-15-w-led-bis-6-w-grau.html&#8220; link_option_url_new_window=&#8220;on&#8220; global_colors_info=&#8220;{}&#8220;][\/dnhot_tooltip_child][\/dnhot_tooltip][\/et_pb_column][et_pb_column type=&#8220;1_2&#8243; _builder_version=&#8220;4.17.3&#8243; _module_preset=&#8220;default&#8220; global_colors_info=&#8220;{}&#8220;][et_pb_image src=&#8220;https:\/\/www.modulor.de\/magazin\/wp-content\/uploads\/2022\/08\/M-Sitzecke_07-scaled-e1661524454949.jpg&#8220; alt=&#8220;B\u00fcrokonzepte: Das Non-territoriale B\u00fcro&#8220; title_text=&#8220;M Sitzecke_07&#8243; _builder_version=&#8220;4.17.3&#8243; _module_preset=&#8220;default&#8220; global_colors_info=&#8220;{}&#8220;][\/et_pb_image][\/et_pb_column][\/et_pb_row][et_pb_row _builder_version=&#8220;4.17.3&#8243; _module_preset=&#8220;default&#8220; global_colors_info=&#8220;{}&#8220;][et_pb_column type=&#8220;4_4&#8243; _builder_version=&#8220;4.17.3&#8243; _module_preset=&#8220;default&#8220; global_colors_info=&#8220;{}&#8220;][et_pb_text module_id=&#8220;startup-anker6&#8243; _builder_version=&#8220;4.17.3&#8243; _module_preset=&#8220;default&#8220; global_colors_info=&#8220;{}&#8220;]<\/p>\n<div id=\"arealayoutrowarea-row-29\" class=\"module_bWFnYXppbi9zdG9yeS9ub24tdGVycml0b3JpYWxlcy1idWVyby1kZXNrLXNoYXJpbmctdW5kLWNvLw___AreaLayoutRow_29 AreaLayout__AreaLayoutRow___2Xps6 \">\n<div class=\"AreaLayout__row___37mlk AreaLayout__row__full___2o208\">\n<div id=\"text1908255\" class=\"module_bWFnYXppbi9zdG9yeS9ub24tdGVycml0b3JpYWxlcy1idWVyby1kZXNrLXNoYXJpbmctdW5kLWNvLw___TEXT_1927088 TextModule__TEXT___35YEX AreaLayout__column___loShH AreaLayout__column__1-layout--1-elements--1-span___23x8G\" data-testid=\"LayoutColumn__TEXT.1927088\">\n<div class=\"TextModule__textWrapper___2aHt4\">\n<div data-content-checksum=\"714c7cd2930edac86ef643c82c30981d13aaade6\" class=\"TextModule__description___2Y1l0\">\n<h2 class=\"TextModule__headline-h2___2SWCs\"><strong class=\"TextModule__bold___1ubC0\">Checkliste Startup B\u00fcro einrichten<\/strong><br \/><strong class=\"TextModule__bold___1ubC0\">\u2013 7 Tipps f\u00fcr Gr\u00fcnder<\/strong><\/h2>\n<p class=\"TextModule__paragraph___3AIU_\"><span>Hier kommt nochmal eine knappe Zusammenfassung, damit nichts verloren geht und Ihr den \u00dcberblick behaltet:<\/span><\/p>\n<p><strong class=\"TextModule__bold___1ubC0\">1. Planen:<span>\u00a0<\/span><\/strong>Wieviel Platz habt Ihr?<span>\u00a0<\/span><span>Wie gro\u00df d\u00fcrfen die Arbeitstische sein? Wie k\u00f6nnen die M\u00f6bel \u00fcberhaupt gestellt werden? Belichtung mit Tageslicht, auf schnelle Nachkaufbarkeit bei M\u00f6beln achten<\/span><br \/><strong class=\"TextModule__bold___1ubC0\">2. <a href=\"https:\/\/www.modulor.de\/magazin\/leben-arbeiten\/open-space-buero-als-arbeitsplatz\/\" target=\"_blank\" rel=\"noopener\">Zonen schaffen<\/a>:<\/strong><span>\u00a0Denker- und Kreativit\u00e4tszonen, Teamarbeit, Meetings, Teek\u00fcche, ruhige Einzelarbeitspl\u00e4tze, Bereiche f\u00fcr Kommunikation (auch Telefonieren, Zoom-Meetings, Calls,), Besucher, Gesch\u00e4ftspartner\/Kunden empfangen, Non-Work Area<\/span><br \/><strong class=\"TextModule__bold___1ubC0\">3. Ergonomie:<\/strong><span>\u00a0Raumsituation checken: Tageslicht nutzen, Tische m\u00f6glichst mit Seitenlicht aufstellen,\u00a0<\/span><br \/><span>Spart nicht an guten B\u00fcrost\u00fchlen, geeigneter Beleuchtung und flexiblen Arbeitstischen. Niemand hat Spa\u00df am Arbeiten, wenn ihm am Schreibtisch schon am Vormittag Nacken, Schultern und Kopf schmerzen, weil das Mobiliar oder das Licht nicht passen.<\/span><br \/><strong class=\"TextModule__bold___1ubC0\">4. Flexible, multifunktionale M\u00f6bel:<\/strong><span>\u00a0rollbare Tische und\u00a0<\/span><a href=\"https:\/\/www.modulor.de\/rollcontainer\/\" target=\"_blank\" class=\"TextModule__link___3cVUh\" rel=\"noopener\">B\u00fcrocontainer<\/a><span>, mobile Stellw\u00e4nde und Regale, h\u00f6henverstellbare\u00a0<\/span><a href=\"https:\/\/www.modulor.de\/stuehle-hocker\/arbeitshocker\/\" target=\"_blank\" class=\"TextModule__link___3cVUh\" rel=\"noopener\">Hocker<\/a><span>, austauschbare\u00a0<\/span><a href=\"https:\/\/www.modulor.de\/tischplatten\/\" target=\"_blank\" class=\"TextModule__link___3cVUh\" rel=\"noopener\">Tischplatten<\/a><\/p>\n<h3><strong class=\"TextModule__bold___1ubC0\">Zubeh\u00f6r &amp; Raumklima<\/strong><\/h3>\n<p><strong class=\"TextModule__bold___1ubC0\">5. W\u00e4nde zu Whiteboards\/Magnetw\u00e4nden machen.<\/strong><span>\u00a0Ihr habt viel zu besprechen und zu planen<\/span><br \/><strong class=\"TextModule__bold___1ubC0\">6. DIY:<span>\u00a0<\/span><\/strong><span>Selber bauen und erfinderisch werden: Stellw\u00e4nde auf Rollen, Telefonboxen, Napping Cubes\u2026. Tischkicker k\u00f6nnt Ihr erstmal vom Flohmarkt besorgen, gebraucht \u00fcbers Internet kaufen oder das geerbte Shabby Sofa. Der Mix macht\u2019s pers\u00f6nlich und einzigartig<\/span><br \/><strong class=\"TextModule__bold___1ubC0\">7. f\u00fcr gutes Raumklima sorgen:<span>\u00a0<\/span><\/strong><span>B\u00fcropflanzen harmonisieren und reinigen die Luft, Farben f\u00f6rdern die Konzentration und Kreativit\u00e4t, auf angenehme Raumtemperatur und Bel\u00fcftung achten<\/span><br \/><strong class=\"TextModule__bold___1ubC0\">8. Corporate Identity:<span>\u00a0<\/span><\/strong><span>Was passt zu Euch, wodurch k\u00f6nnen Eure Werte ausgedr\u00fcckt werden? Was macht Euch einzigartig? womit identifiziert Ihr Euch, was motiviert Euch? Integriert Unternehmensfarben, Plakate, Mitarbeiterfotos<\/span><\/p>\n<p><span>Und nat\u00fcrlich: Habt jede Menge Spa\u00df beim Einrichten Eures Startup B\u00fcros und stellt die Segel auf Erfolgskurs! ..und vergesst die niedlichen Tierbilder nicht\ud83d\ude0a<\/span><\/p>\n<\/div>\n<\/div>\n<\/div>\n<\/div>\n<\/div>\n<p>[\/et_pb_text][\/et_pb_column][\/et_pb_row][et_pb_row column_structure=&#8220;1_4,1_4,1_4,1_4&#8243; module_class=&#8220;pa-button-over-image&#8220; _builder_version=&#8220;4.17.3&#8243; _module_preset=&#8220;default&#8220; width=&#8220;100%&#8220; custom_padding=&#8220;||0px|||&#8220; global_colors_info=&#8220;{}&#8220;][et_pb_column type=&#8220;1_4&#8243; module_class=&#8220;pa-button-over-image&#8220; _builder_version=&#8220;4.17.3&#8243; _module_preset=&#8220;default&#8220; global_colors_info=&#8220;{}&#8220;][et_pb_image src=&#8220;https:\/\/www.modulor.de\/magazin\/wp-content\/uploads\/2022\/08\/2_1920_1920_r_modulor_tisch_y1_stahl_schwarz_10.jpg&#8220; alt=&#8220;Modulor Tisch Y6 Holz Esche natur 10\u00b0&#8220; title_text=&#8220;2_1920_1920_r_modulor_tisch_y1_stahl_schwarz_10&#8243; url=&#8220;https:\/\/www.modulor.de\/modulor-tisch-y5-stahl-schwarz-30.html&#8220; url_new_window=&#8220;on&#8220; src_tablet=&#8220;https:\/\/www.modulor.de\/magazin\/wp-content\/uploads\/2022\/08\/2_1920_1920_r_modulor_tisch_y1_stahl_schwarz_10.jpg&#8220; src_phone=&#8220;https:\/\/www.modulor.de\/magazin\/wp-content\/uploads\/2022\/08\/2_1920_1920_r_modulor_tisch_y1_stahl_schwarz_10.jpg&#8220; src_last_edited=&#8220;on|phone&#8220; _builder_version=&#8220;4.17.3&#8243; _module_preset=&#8220;default&#8220; global_colors_info=&#8220;{}&#8220;][\/et_pb_image][et_pb_button button_url=&#8220;https:\/\/www.modulor.de\/modulor-tisch-y5-stahl-schwarz-30.html&#8220; url_new_window=&#8220;on&#8220; button_text=&#8220;Y Tisch&#8220; button_alignment=&#8220;center&#8220; _builder_version=&#8220;4.17.3&#8243; _module_preset=&#8220;default&#8220; button_text_size=&#8220;14px&#8220; button_text_color=&#8220;#FFFFFF&#8220; button_bg_color=&#8220;#E40000&#8243; background_layout=&#8220;dark&#8220; global_colors_info=&#8220;{}&#8220; button_text_color__hover_enabled=&#8220;on|desktop&#8220; button_text_color__hover=&#8220;#FFFFFF&#8220;][\/et_pb_button][\/et_pb_column][et_pb_column type=&#8220;1_4&#8243; module_class=&#8220;pa-button-over-image&#8220; _builder_version=&#8220;4.17.3&#8243; _module_preset=&#8220;default&#8220; global_colors_info=&#8220;{}&#8220;][et_pb_image src=&#8220;https:\/\/www.modulor.de\/magazin\/wp-content\/uploads\/2022\/07\/1_1920_1920_r_modulor_burostuhl_mit_netzrucken.jpg&#8220; alt=&#8220;Modulor B\u00fcrostuhl mit Netzr\u00fccken&#8220; title_text=&#8220;1_1920_1920_r_modulor_burostuhl_mit_netzrucken&#8220; url=&#8220;https:\/\/www.modulor.de\/modulor-buerostuhl-mit-netzruecken.html&#8220; url_new_window=&#8220;on&#8220; align=&#8220;center&#8220; src_tablet=&#8220;https:\/\/www.modulor.de\/magazin\/wp-content\/uploads\/2022\/07\/1_1920_1920_r_modulor_burostuhl_mit_netzrucken.jpg&#8220; src_phone=&#8220;https:\/\/www.modulor.de\/magazin\/wp-content\/uploads\/2022\/07\/1_1920_1920_r_modulor_burostuhl_mit_netzrucken.jpg&#8220; src_last_edited=&#8220;on|phone&#8220; _builder_version=&#8220;4.17.3&#8243; _module_preset=&#8220;default&#8220; global_colors_info=&#8220;{}&#8220;][\/et_pb_image][et_pb_button button_url=&#8220;https:\/\/www.modulor.de\/modulor-buerostuhl-mit-netzruecken.html&#8220; url_new_window=&#8220;on&#8220; button_text=&#8220;B\u00fcrostuhl&#8220; button_alignment=&#8220;center&#8220; _builder_version=&#8220;4.17.3&#8243; _module_preset=&#8220;default&#8220; button_text_size=&#8220;14px&#8220; button_text_color=&#8220;#FFFFFF&#8220; button_bg_color=&#8220;#E40000&#8243; global_colors_info=&#8220;{}&#8220;][\/et_pb_button][\/et_pb_column][et_pb_column type=&#8220;1_4&#8243; module_class=&#8220;pa-button-over-image&#8220; _builder_version=&#8220;4.17.3&#8243; _module_preset=&#8220;default&#8220; global_colors_info=&#8220;{}&#8220;][et_pb_image src=&#8220;https:\/\/www.modulor.de\/magazin\/wp-content\/uploads\/2022\/08\/3_1920_1920_r_modulor_tisch_y5_stahl_schwarz_30.jpg&#8220; alt=&#8220;Modulor Tisch Y5 Stahl schwarz 30\u00b0&#8220; title_text=&#8220;3_1920_1920_r_modulor_tisch_y5_stahl_schwarz_30&#8243; url=&#8220;https:\/\/www.modulor.de\/modulor-tisch-y5-stahl-schwarz-30.html&#8220; url_new_window=&#8220;on&#8220; _builder_version=&#8220;4.17.3&#8243; _module_preset=&#8220;default&#8220; global_colors_info=&#8220;{}&#8220;][\/et_pb_image][et_pb_button button_url=&#8220;https:\/\/www.modulor.de\/modulor-tisch-y5-stahl-schwarz-30.html&#8220; url_new_window=&#8220;on&#8220; button_text=&#8220;Y Tisch&#8220; button_alignment=&#8220;center&#8220; _builder_version=&#8220;4.17.3&#8243; _module_preset=&#8220;default&#8220; button_text_size=&#8220;14px&#8220; button_text_color=&#8220;#FFFFFF&#8220; button_bg_color=&#8220;#E40000&#8243; button_border_width=&#8220;1px&#8220; background_layout=&#8220;dark&#8220; button_text_color_tablet=&#8220;#FFFFFF&#8220; button_text_color_phone=&#8220;#FFFFFF&#8220; button_text_color_last_edited=&#8220;on|desktop&#8220; background_layout_tablet=&#8220;dark&#8220; background_layout_phone=&#8220;dark&#8220; background_layout_last_edited=&#8220;on|desktop&#8220; global_colors_info=&#8220;{}&#8220;][\/et_pb_button][\/et_pb_column][et_pb_column type=&#8220;1_4&#8243; module_class=&#8220;pa-button-over-image&#8220; _builder_version=&#8220;4.17.3&#8243; _module_preset=&#8220;default&#8220; global_colors_info=&#8220;{}&#8220;][et_pb_image src=&#8220;https:\/\/www.modulor.de\/magazin\/wp-content\/uploads\/2022\/08\/5_800_800_r_modulor_regalsystem_z_farbig.jpg&#8220; alt=&#8220;Z Regal Modulor: individuell konfigurierbar&#8220; title_text=&#8220;Z Regal Modulor: individuell konfigurierbar&#8220; url=&#8220;https:\/\/www.modulor.de\/regale\/konfigurator-regal-z\/&#8220; url_new_window=&#8220;on&#8220; _builder_version=&#8220;4.17.3&#8243; _module_preset=&#8220;default&#8220; global_colors_info=&#8220;{}&#8220;][\/et_pb_image][et_pb_button button_url=&#8220;https:\/\/www.modulor.de\/regale\/konfigurator-regal-z\/&#8220; url_new_window=&#8220;on&#8220; button_text=&#8220;Modulor Z Regal&#8220; button_alignment=&#8220;center&#8220; _builder_version=&#8220;4.17.3&#8243; _module_preset=&#8220;default&#8220; button_text_size=&#8220;14px&#8220; button_text_color=&#8220;#FFFFFF&#8220; button_bg_color=&#8220;#E40000&#8243; global_colors_info=&#8220;{}&#8220;][\/et_pb_button][\/et_pb_column][\/et_pb_row][et_pb_row column_structure=&#8220;1_2,1_2&#8243; _builder_version=&#8220;4.17.3&#8243; _module_preset=&#8220;default&#8220; min_height=&#8220;138px&#8220; custom_margin=&#8220;26px|auto||auto||&#8220; global_colors_info=&#8220;{}&#8220;][et_pb_column type=&#8220;1_2&#8243; _builder_version=&#8220;4.17.3&#8243; _module_preset=&#8220;default&#8220; global_colors_info=&#8220;{}&#8220;][et_pb_button button_url=&#8220;https:\/\/www.modulor.de\/magazin\/leben-arbeiten\/open-space-buero-als-arbeitsplatz\/&#8220; url_new_window=&#8220;on&#8220; button_text=&#8220;B\u00fcrokonzepte: Open Space B\u00fcro&#8220; _builder_version=&#8220;4.17.3&#8243; _module_preset=&#8220;default&#8220; global_colors_info=&#8220;{}&#8220;][\/et_pb_button][\/et_pb_column][et_pb_column type=&#8220;1_2&#8243; _builder_version=&#8220;4.17.3&#8243; _module_preset=&#8220;default&#8220; global_colors_info=&#8220;{}&#8220;][et_pb_button button_url=&#8220;https:\/\/www.modulor.de\/magazin\/leben-arbeiten\/buerokonzepte-non-territoriales-buero\/&#8220; url_new_window=&#8220;on&#8220; button_text=&#8220;B\u00fcrokonzepte: Non-territoriales B\u00fcro &#8220; _builder_version=&#8220;4.17.3&#8243; _module_preset=&#8220;default&#8220; global_colors_info=&#8220;{}&#8220;][\/et_pb_button][\/et_pb_column][\/et_pb_row][\/et_pb_section]<\/p>\n","protected":false},"excerpt":{"rendered":"<p>Endlich habt Ihr die passenden R\u00e4ume f\u00fcr\u00a0Euer Startup B\u00fcro\u00a0gefunden. Fehlt nur noch die B\u00fcroeinrichtung, dann kanns losgehen. Ihr habt bestimmt eine vage Vorstellung vom\u00a0coolsten Startup B\u00fcro der Stadt,\u00a0aber was braucht es \u00fcberhaupt, damit Ihr konzentriert arbeiten k\u00f6nnt, Euch wohlf\u00fchlt und selbstbewusst Gesch\u00e4ftspartner, potentielle Kunden oder Investoren empfangen k\u00f6nnt? F\u00fcr\u00a0welche M\u00f6bel\u00a0lohnt es sich, Geld in die [&hellip;]<\/p>\n","protected":false},"author":2,"featured_media":1818,"comment_status":"open","ping_status":"open","sticky":false,"template":"","format":"standard","meta":{"_et_pb_use_builder":"on","_et_pb_old_content":"","_et_gb_content_width":"1178","footnotes":""},"categories":[9],"tags":[74,71,29,31],"yoast_head":"<!-- This site is optimized with the Yoast SEO plugin v19.14 - https:\/\/yoast.com\/wordpress\/plugins\/seo\/ -->\n<title>Startup B\u00fcro einrichten \u2013 so geht\u2019s flexibel, sinnvoll und schnell | Modulor<\/title>\n<meta name=\"description\" content=\"Startup B\u00fcro einrichten: egal ob kleines oder gro\u00dfes Budget - wir zeigen, wie Du mit M\u00f6beln von Modulor zu Deinem agilen Wohlf\u00fchlb\u00fcro kommst.\" \/>\n<meta name=\"robots\" content=\"index, follow, max-snippet:-1, max-image-preview:large, max-video-preview:-1\" \/>\n<link rel=\"canonical\" href=\"https:\/\/www.modulor.de\/magazin\/leben-arbeiten\/startup-buero-einrichten\/\" \/>\n<meta property=\"og:locale\" content=\"de_DE\" \/>\n<meta property=\"og:type\" content=\"article\" \/>\n<meta property=\"og:title\" content=\"Startup B\u00fcro einrichten \u2013 so geht\u2019s flexibel, sinnvoll und schnell | Modulor\" \/>\n<meta property=\"og:description\" content=\"Startup B\u00fcro einrichten: egal ob kleines oder gro\u00dfes Budget - wir zeigen, wie Du mit M\u00f6beln von Modulor zu Deinem agilen Wohlf\u00fchlb\u00fcro kommst.\" \/>\n<meta property=\"og:url\" content=\"https:\/\/www.modulor.de\/magazin\/leben-arbeiten\/startup-buero-einrichten\/\" \/>\n<meta property=\"og:site_name\" content=\"Modulor\" \/>\n<meta property=\"article:publisher\" content=\"https:\/\/de-de.facebook.com\/modulor.de\/\" \/>\n<meta property=\"article:published_time\" content=\"2021-05-03T08:08:00+00:00\" \/>\n<meta property=\"article:modified_time\" content=\"2026-04-13T13:51:04+00:00\" \/>\n<meta property=\"og:image\" content=\"https:\/\/www.modulor.de\/magazin\/wp-content\/uploads\/2022\/08\/R0A0112-e1661523385117.jpg\" \/>\n\t<meta property=\"og:image:width\" content=\"1980\" \/>\n\t<meta property=\"og:image:height\" content=\"1089\" \/>\n\t<meta property=\"og:image:type\" content=\"image\/jpeg\" \/>\n<meta name=\"author\" content=\"Pia\" \/>\n<meta name=\"twitter:card\" content=\"summary_large_image\" \/>\n<meta name=\"twitter:label1\" content=\"Verfasst von\" \/>\n\t<meta name=\"twitter:data1\" content=\"Pia\" \/>\n\t<meta name=\"twitter:label2\" content=\"Gesch\u00e4tzte Lesezeit\" \/>\n\t<meta name=\"twitter:data2\" content=\"14 Minuten\" \/>\n<script type=\"application\/ld+json\" class=\"yoast-schema-graph\">{\"@context\":\"https:\/\/schema.org\",\"@graph\":[{\"@type\":\"Article\",\"@id\":\"https:\/\/www.modulor.de\/magazin\/leben-arbeiten\/startup-buero-einrichten\/#article\",\"isPartOf\":{\"@id\":\"https:\/\/www.modulor.de\/magazin\/leben-arbeiten\/startup-buero-einrichten\/\"},\"author\":{\"name\":\"Pia\",\"@id\":\"https:\/\/www.modulor.de\/magazin\/#\/schema\/person\/0ea0327a81ae97125b637043198dbef5\"},\"headline\":\"Startup B\u00fcro einrichten \u2013 so geht\u2019s flexibel, sinnvoll und schnell\",\"datePublished\":\"2021-05-03T08:08:00+00:00\",\"dateModified\":\"2026-04-13T13:51:04+00:00\",\"mainEntityOfPage\":{\"@id\":\"https:\/\/www.modulor.de\/magazin\/leben-arbeiten\/startup-buero-einrichten\/\"},\"wordCount\":4831,\"commentCount\":0,\"publisher\":{\"@id\":\"https:\/\/www.modulor.de\/magazin\/#organization\"},\"keywords\":[\"B\u00fcro einrichten\",\"b\u00fcrokonzepte\",\"Modulor M\u00f6bel\",\"Modulor Tische\"],\"articleSection\":[\"Leben + Arbeiten\"],\"inLanguage\":\"de-DE\",\"potentialAction\":[{\"@type\":\"CommentAction\",\"name\":\"Comment\",\"target\":[\"https:\/\/www.modulor.de\/magazin\/leben-arbeiten\/startup-buero-einrichten\/#respond\"]}]},{\"@type\":\"WebPage\",\"@id\":\"https:\/\/www.modulor.de\/magazin\/leben-arbeiten\/startup-buero-einrichten\/\",\"url\":\"https:\/\/www.modulor.de\/magazin\/leben-arbeiten\/startup-buero-einrichten\/\",\"name\":\"Startup B\u00fcro einrichten \u2013 so geht\u2019s flexibel, sinnvoll und schnell | Modulor\",\"isPartOf\":{\"@id\":\"https:\/\/www.modulor.de\/magazin\/#website\"},\"datePublished\":\"2021-05-03T08:08:00+00:00\",\"dateModified\":\"2026-04-13T13:51:04+00:00\",\"description\":\"Startup B\u00fcro einrichten: egal ob kleines oder gro\u00dfes Budget - wir zeigen, wie Du mit M\u00f6beln von Modulor zu Deinem agilen Wohlf\u00fchlb\u00fcro kommst.\",\"breadcrumb\":{\"@id\":\"https:\/\/www.modulor.de\/magazin\/leben-arbeiten\/startup-buero-einrichten\/#breadcrumb\"},\"inLanguage\":\"de-DE\",\"potentialAction\":[{\"@type\":\"ReadAction\",\"target\":[\"https:\/\/www.modulor.de\/magazin\/leben-arbeiten\/startup-buero-einrichten\/\"]}]},{\"@type\":\"BreadcrumbList\",\"@id\":\"https:\/\/www.modulor.de\/magazin\/leben-arbeiten\/startup-buero-einrichten\/#breadcrumb\",\"itemListElement\":[{\"@type\":\"ListItem\",\"position\":1,\"name\":\"Startseite\",\"item\":\"https:\/\/www.modulor.de\/magazin\/\"},{\"@type\":\"ListItem\",\"position\":2,\"name\":\"Startup B\u00fcro einrichten \u2013 so geht\u2019s flexibel, sinnvoll und schnell\"}]},{\"@type\":\"WebSite\",\"@id\":\"https:\/\/www.modulor.de\/magazin\/#website\",\"url\":\"https:\/\/www.modulor.de\/magazin\/\",\"name\":\"Modulor\",\"description\":\"Allerhand Inspiration und Wissen rund um Modulor Material, M\u00f6bel, DIY-Projekte und ein Blick hinter die Modulor Kulissen.\",\"publisher\":{\"@id\":\"https:\/\/www.modulor.de\/magazin\/#organization\"},\"potentialAction\":[{\"@type\":\"SearchAction\",\"target\":{\"@type\":\"EntryPoint\",\"urlTemplate\":\"https:\/\/www.modulor.de\/magazin\/?s={search_term_string}\"},\"query-input\":\"required name=search_term_string\"}],\"inLanguage\":\"de-DE\"},{\"@type\":\"Organization\",\"@id\":\"https:\/\/www.modulor.de\/magazin\/#organization\",\"name\":\"Modulor\",\"url\":\"https:\/\/www.modulor.de\/magazin\/\",\"logo\":{\"@type\":\"ImageObject\",\"inLanguage\":\"de-DE\",\"@id\":\"https:\/\/www.modulor.de\/magazin\/#\/schema\/logo\/image\/\",\"url\":\"https:\/\/www.modulor.de\/magazin\/wp-content\/uploads\/2022\/10\/Modulor_Logo_rot_HG-transparent_1200-Px-B.png\",\"contentUrl\":\"https:\/\/www.modulor.de\/magazin\/wp-content\/uploads\/2022\/10\/Modulor_Logo_rot_HG-transparent_1200-Px-B.png\",\"width\":1200,\"height\":360,\"caption\":\"Modulor\"},\"image\":{\"@id\":\"https:\/\/www.modulor.de\/magazin\/#\/schema\/logo\/image\/\"},\"sameAs\":[\"https:\/\/www.instagram.com\/modulorberlin\/?hl=de\",\"https:\/\/www.pinterest.de\/modulor_de\/\",\"https:\/\/de-de.facebook.com\/modulor.de\/\"]},{\"@type\":\"Person\",\"@id\":\"https:\/\/www.modulor.de\/magazin\/#\/schema\/person\/0ea0327a81ae97125b637043198dbef5\",\"name\":\"Pia\",\"image\":{\"@type\":\"ImageObject\",\"inLanguage\":\"de-DE\",\"@id\":\"https:\/\/www.modulor.de\/magazin\/#\/schema\/person\/image\/\",\"url\":\"https:\/\/secure.gravatar.com\/avatar\/35c8dce050ed2945fe42600c6443d029?s=96&d=mm&r=g\",\"contentUrl\":\"https:\/\/secure.gravatar.com\/avatar\/35c8dce050ed2945fe42600c6443d029?s=96&d=mm&r=g\",\"caption\":\"Pia\"},\"url\":\"https:\/\/www.modulor.de\/magazin\/author\/pia-birkmodulor-de\/\"}]}<\/script>\n<!-- \/ Yoast SEO plugin. -->","yoast_head_json":{"title":"Startup B\u00fcro einrichten \u2013 so geht\u2019s flexibel, sinnvoll und schnell | Modulor","description":"Startup B\u00fcro einrichten: egal ob kleines oder gro\u00dfes Budget - wir zeigen, wie Du mit M\u00f6beln von Modulor zu Deinem agilen Wohlf\u00fchlb\u00fcro kommst.","robots":{"index":"index","follow":"follow","max-snippet":"max-snippet:-1","max-image-preview":"max-image-preview:large","max-video-preview":"max-video-preview:-1"},"canonical":"https:\/\/www.modulor.de\/magazin\/leben-arbeiten\/startup-buero-einrichten\/","og_locale":"de_DE","og_type":"article","og_title":"Startup B\u00fcro einrichten \u2013 so geht\u2019s flexibel, sinnvoll und schnell | Modulor","og_description":"Startup B\u00fcro einrichten: egal ob kleines oder gro\u00dfes Budget - wir zeigen, wie Du mit M\u00f6beln von Modulor zu Deinem agilen Wohlf\u00fchlb\u00fcro kommst.","og_url":"https:\/\/www.modulor.de\/magazin\/leben-arbeiten\/startup-buero-einrichten\/","og_site_name":"Modulor","article_publisher":"https:\/\/de-de.facebook.com\/modulor.de\/","article_published_time":"2021-05-03T08:08:00+00:00","article_modified_time":"2026-04-13T13:51:04+00:00","og_image":[{"width":1980,"height":1089,"url":"https:\/\/www.modulor.de\/magazin\/wp-content\/uploads\/2022\/08\/R0A0112-e1661523385117.jpg","type":"image\/jpeg"}],"author":"Pia","twitter_card":"summary_large_image","twitter_misc":{"Verfasst von":"Pia","Gesch\u00e4tzte Lesezeit":"14 Minuten"},"schema":{"@context":"https:\/\/schema.org","@graph":[{"@type":"Article","@id":"https:\/\/www.modulor.de\/magazin\/leben-arbeiten\/startup-buero-einrichten\/#article","isPartOf":{"@id":"https:\/\/www.modulor.de\/magazin\/leben-arbeiten\/startup-buero-einrichten\/"},"author":{"name":"Pia","@id":"https:\/\/www.modulor.de\/magazin\/#\/schema\/person\/0ea0327a81ae97125b637043198dbef5"},"headline":"Startup B\u00fcro einrichten \u2013 so geht\u2019s flexibel, sinnvoll und schnell","datePublished":"2021-05-03T08:08:00+00:00","dateModified":"2026-04-13T13:51:04+00:00","mainEntityOfPage":{"@id":"https:\/\/www.modulor.de\/magazin\/leben-arbeiten\/startup-buero-einrichten\/"},"wordCount":4831,"commentCount":0,"publisher":{"@id":"https:\/\/www.modulor.de\/magazin\/#organization"},"keywords":["B\u00fcro einrichten","b\u00fcrokonzepte","Modulor M\u00f6bel","Modulor Tische"],"articleSection":["Leben + Arbeiten"],"inLanguage":"de-DE","potentialAction":[{"@type":"CommentAction","name":"Comment","target":["https:\/\/www.modulor.de\/magazin\/leben-arbeiten\/startup-buero-einrichten\/#respond"]}]},{"@type":"WebPage","@id":"https:\/\/www.modulor.de\/magazin\/leben-arbeiten\/startup-buero-einrichten\/","url":"https:\/\/www.modulor.de\/magazin\/leben-arbeiten\/startup-buero-einrichten\/","name":"Startup B\u00fcro einrichten \u2013 so geht\u2019s flexibel, sinnvoll und schnell | Modulor","isPartOf":{"@id":"https:\/\/www.modulor.de\/magazin\/#website"},"datePublished":"2021-05-03T08:08:00+00:00","dateModified":"2026-04-13T13:51:04+00:00","description":"Startup B\u00fcro einrichten: egal ob kleines oder gro\u00dfes Budget - wir zeigen, wie Du mit M\u00f6beln von Modulor zu Deinem agilen Wohlf\u00fchlb\u00fcro kommst.","breadcrumb":{"@id":"https:\/\/www.modulor.de\/magazin\/leben-arbeiten\/startup-buero-einrichten\/#breadcrumb"},"inLanguage":"de-DE","potentialAction":[{"@type":"ReadAction","target":["https:\/\/www.modulor.de\/magazin\/leben-arbeiten\/startup-buero-einrichten\/"]}]},{"@type":"BreadcrumbList","@id":"https:\/\/www.modulor.de\/magazin\/leben-arbeiten\/startup-buero-einrichten\/#breadcrumb","itemListElement":[{"@type":"ListItem","position":1,"name":"Startseite","item":"https:\/\/www.modulor.de\/magazin\/"},{"@type":"ListItem","position":2,"name":"Startup B\u00fcro einrichten \u2013 so geht\u2019s flexibel, sinnvoll und schnell"}]},{"@type":"WebSite","@id":"https:\/\/www.modulor.de\/magazin\/#website","url":"https:\/\/www.modulor.de\/magazin\/","name":"Modulor","description":"Allerhand Inspiration und Wissen rund um Modulor Material, M\u00f6bel, DIY-Projekte und ein Blick hinter die Modulor Kulissen.","publisher":{"@id":"https:\/\/www.modulor.de\/magazin\/#organization"},"potentialAction":[{"@type":"SearchAction","target":{"@type":"EntryPoint","urlTemplate":"https:\/\/www.modulor.de\/magazin\/?s={search_term_string}"},"query-input":"required name=search_term_string"}],"inLanguage":"de-DE"},{"@type":"Organization","@id":"https:\/\/www.modulor.de\/magazin\/#organization","name":"Modulor","url":"https:\/\/www.modulor.de\/magazin\/","logo":{"@type":"ImageObject","inLanguage":"de-DE","@id":"https:\/\/www.modulor.de\/magazin\/#\/schema\/logo\/image\/","url":"https:\/\/www.modulor.de\/magazin\/wp-content\/uploads\/2022\/10\/Modulor_Logo_rot_HG-transparent_1200-Px-B.png","contentUrl":"https:\/\/www.modulor.de\/magazin\/wp-content\/uploads\/2022\/10\/Modulor_Logo_rot_HG-transparent_1200-Px-B.png","width":1200,"height":360,"caption":"Modulor"},"image":{"@id":"https:\/\/www.modulor.de\/magazin\/#\/schema\/logo\/image\/"},"sameAs":["https:\/\/www.instagram.com\/modulorberlin\/?hl=de","https:\/\/www.pinterest.de\/modulor_de\/","https:\/\/de-de.facebook.com\/modulor.de\/"]},{"@type":"Person","@id":"https:\/\/www.modulor.de\/magazin\/#\/schema\/person\/0ea0327a81ae97125b637043198dbef5","name":"Pia","image":{"@type":"ImageObject","inLanguage":"de-DE","@id":"https:\/\/www.modulor.de\/magazin\/#\/schema\/person\/image\/","url":"https:\/\/secure.gravatar.com\/avatar\/35c8dce050ed2945fe42600c6443d029?s=96&d=mm&r=g","contentUrl":"https:\/\/secure.gravatar.com\/avatar\/35c8dce050ed2945fe42600c6443d029?s=96&d=mm&r=g","caption":"Pia"},"url":"https:\/\/www.modulor.de\/magazin\/author\/pia-birkmodulor-de\/"}]}},"_links":{"self":[{"href":"https:\/\/www.modulor.de\/magazin\/wp-json\/wp\/v2\/posts\/1849"}],"collection":[{"href":"https:\/\/www.modulor.de\/magazin\/wp-json\/wp\/v2\/posts"}],"about":[{"href":"https:\/\/www.modulor.de\/magazin\/wp-json\/wp\/v2\/types\/post"}],"author":[{"embeddable":true,"href":"https:\/\/www.modulor.de\/magazin\/wp-json\/wp\/v2\/users\/2"}],"replies":[{"embeddable":true,"href":"https:\/\/www.modulor.de\/magazin\/wp-json\/wp\/v2\/comments?post=1849"}],"version-history":[{"count":5,"href":"https:\/\/www.modulor.de\/magazin\/wp-json\/wp\/v2\/posts\/1849\/revisions"}],"predecessor-version":[{"id":9919,"href":"https:\/\/www.modulor.de\/magazin\/wp-json\/wp\/v2\/posts\/1849\/revisions\/9919"}],"wp:featuredmedia":[{"embeddable":true,"href":"https:\/\/www.modulor.de\/magazin\/wp-json\/wp\/v2\/media\/1818"}],"wp:attachment":[{"href":"https:\/\/www.modulor.de\/magazin\/wp-json\/wp\/v2\/media?parent=1849"}],"wp:term":[{"taxonomy":"category","embeddable":true,"href":"https:\/\/www.modulor.de\/magazin\/wp-json\/wp\/v2\/categories?post=1849"},{"taxonomy":"post_tag","embeddable":true,"href":"https:\/\/www.modulor.de\/magazin\/wp-json\/wp\/v2\/tags?post=1849"}],"curies":[{"name":"wp","href":"https:\/\/api.w.org\/{rel}","templated":true}]}}