{"id":1089,"date":"2022-01-06T14:59:00","date_gmt":"2022-01-06T13:59:00","guid":{"rendered":"https:\/\/www.modulor.de\/magazin\/?p=1089"},"modified":"2023-11-09T15:11:07","modified_gmt":"2023-11-09T14:11:07","slug":"interview-mit-modulor-moebeldesigner-kai-funke","status":"publish","type":"post","link":"https:\/\/www.modulor.de\/magazin\/leben-arbeiten\/interview-mit-modulor-moebeldesigner-kai-funke\/","title":{"rendered":"Wir haben immer schon systemisch gedacht. Modular Modulor eben."},"content":{"rendered":"<p>[et_pb_section fb_built=&#8220;1&#8243; _builder_version=&#8220;4.17.3&#8243; _module_preset=&#8220;default&#8220; custom_padding=&#8220;||15px|||&#8220; global_colors_info=&#8220;{}&#8220;][et_pb_row _builder_version=&#8220;4.17.3&#8243; _module_preset=&#8220;default&#8220; global_colors_info=&#8220;{}&#8220;][et_pb_column type=&#8220;4_4&#8243; _builder_version=&#8220;4.17.3&#8243; _module_preset=&#8220;default&#8220; global_colors_info=&#8220;{}&#8220;][et_pb_post_title text_background=&#8220;on&#8220; _builder_version=&#8220;4.17.3&#8243; _module_preset=&#8220;default&#8220; title_text_color=&#8220;#000000&#8243; meta_text_align=&#8220;center&#8220; global_colors_info=&#8220;{}&#8220;][\/et_pb_post_title][et_pb_text _builder_version=&#8220;4.17.3&#8243; _module_preset=&#8220;default&#8220; global_colors_info=&#8220;{}&#8220;]<\/p>\n<p><span>Dass wir bei Modulor neben Material auch M\u00f6bel verkaufen, wei\u00dft Du bestimmt. Dass es sich dabei zu einem Gro\u00dfteil um Eigenproduktionen, also inhouse entworfene St\u00fccke handelt, ist Dir aber wom\u00f6glich neu. Wir haben uns heute mal mit dem M\u00f6beldesigner Kai Funke &#8211; dem Macher unserer M\u00f6bel, zusammen an den Tisch gesetzt. Und mit ihm in unserem Interview gesprochen \u00fcber Nachhaltigkeit, seinen Gestaltungsprozess, sowie die Frage ob M\u00f6bel heutzutage individualisierbar sein m\u00fcssen.<\/span><\/p>\n<p>[\/et_pb_text][\/et_pb_column][\/et_pb_row][et_pb_row _builder_version=&#8220;4.17.3&#8243; _module_preset=&#8220;default&#8220; global_colors_info=&#8220;{}&#8220;][et_pb_column type=&#8220;4_4&#8243; _builder_version=&#8220;4.17.3&#8243; _module_preset=&#8220;default&#8220; global_colors_info=&#8220;{}&#8220;][et_pb_text _builder_version=&#8220;4.17.3&#8243; _module_preset=&#8220;default&#8220; global_colors_info=&#8220;{}&#8220;]<\/p>\n<h3 class=\"TextModule__headline-h3___MN46G\"><strong class=\"TextModule__bold___1ubC0\">Kai, Modulor ist ja eigentlich vor allem f\u00fcr Material bekannt. Warum auch M\u00f6bel? Erz\u00e4hl doch mal, wie es dazu kam?\u00a0<\/strong><\/h3>\n<p class=\"TextModule__paragraph___3AIU_\"><span>Begonnen hat alles mit dem Eiermann-Gestell. Beziehungsweise mit der Idee von Christof, unserem Gr\u00fcnder, dieses verkaufen zu wollen. Damals war das Tischgestell noch nicht so bekannt und sichtbar, wie das heute der Fall ist. Weil wir aber keinen Platz im damaligen Laden hatten, wurde es einfach unter die Decke geh\u00e4ngt, in der Hoffnung, dass es sich auch so verkauft. Ich war Ende der 90er Jahre auch schon bei Modulor t\u00e4tig, allerdings als Verk\u00e4ufer im Laden. Mit Sortiments-Themen hatte ich noch nichts zu tun. Ich kannte das Gestell aus dem Studium, mich hat es in seiner Einfachheit schon immer begeistert.\u00a0<\/span><\/p>\n<p>[\/et_pb_text][et_pb_text _builder_version=&#8220;4.17.3&#8243; _module_preset=&#8220;default&#8220; global_colors_info=&#8220;{}&#8220;]<\/p>\n<p class=\"TextModule__paragraph___3AIU_\"><span>Ob es wirklich eine gute Idee war, das damals von der Decke zu h\u00e4ngen? In den ersten Jahren haben wir nur wenige Gestelle verkauft, immer wenn ein*e Kunde*in mal zuf\u00e4llig nach oben geschaut hat. Aber d<\/span><span>amit begann der M\u00f6belverkauf bei Modulor.<\/span><\/p>\n<p>[\/et_pb_text][\/et_pb_column][\/et_pb_row][et_pb_row column_structure=&#8220;1_3,2_3&#8243; _builder_version=&#8220;4.17.3&#8243; _module_preset=&#8220;default&#8220; global_colors_info=&#8220;{}&#8220;][et_pb_column type=&#8220;1_3&#8243; _builder_version=&#8220;4.17.3&#8243; _module_preset=&#8220;default&#8220; global_colors_info=&#8220;{}&#8220;][et_pb_image src=&#8220;https:\/\/www.modulor.de\/magazin\/wp-content\/uploads\/2022\/07\/F4A0748-scaled.jpg&#8220; alt=&#8220;Tischgespr\u00e4ch: Interview mit Modulor M\u00f6beldesigner Kai Funke&#8220; title_text=&#8220;_F4A0748&#8243; _builder_version=&#8220;4.17.3&#8243; _module_preset=&#8220;default&#8220; global_colors_info=&#8220;{}&#8220;][\/et_pb_image][\/et_pb_column][et_pb_column type=&#8220;2_3&#8243; _builder_version=&#8220;4.17.3&#8243; _module_preset=&#8220;default&#8220; global_colors_info=&#8220;{}&#8220;][et_pb_image src=&#8220;https:\/\/www.modulor.de\/magazin\/wp-content\/uploads\/2022\/07\/F4A0734-scaled-e1657112515546.jpg&#8220; alt=&#8220;Tischgespr\u00e4ch: Interview mit Modulor M\u00f6beldesigner Kai Funke&#8220; title_text=&#8220;_F4A0734&#8243; _builder_version=&#8220;4.17.3&#8243; _module_preset=&#8220;default&#8220; global_colors_info=&#8220;{}&#8220;][\/et_pb_image][\/et_pb_column][\/et_pb_row][et_pb_row _builder_version=&#8220;4.17.3&#8243; _module_preset=&#8220;default&#8220; global_colors_info=&#8220;{}&#8220;][et_pb_column type=&#8220;4_4&#8243; _builder_version=&#8220;4.17.3&#8243; _module_preset=&#8220;default&#8220; global_colors_info=&#8220;{}&#8220;][et_pb_text module_id=&#8220;PST-anker3&#8243; _builder_version=&#8220;4.17.3&#8243; _module_preset=&#8220;default&#8220; global_colors_info=&#8220;{}&#8220;]<\/p>\n<h3 class=\"TextModule__headline-h3___MN46G\"><strong class=\"TextModule__bold___1ubC0\">Und die Idee M\u00f6bel selbst zu entwerfen?\u00a0<\/strong><\/h3>\n<p>\u00a0<span>Ich wurde Anfang der Zweitausender gefragt, ob ich mich nicht intensiver um das M\u00f6belsortiment k\u00fcmmern m\u00f6chte. Christof wusste von meinem Produktdesign-Studium und dass ich mich haupts\u00e4chlich mit M\u00f6beln besch\u00e4ftige. Er fand die Dinge, die ich gemacht hab immer recht spannend und war der Meinung man m\u00fcsse das ausbauen und vermarkten.<\/span><\/p>\n<p>[\/et_pb_text][et_pb_text module_id=&#8220;PST-anker3&#8243; _builder_version=&#8220;4.17.3&#8243; _module_preset=&#8220;default&#8220; global_colors_info=&#8220;{}&#8220;]<\/p>\n<p class=\"TextModule__paragraph___3AIU_\"><span>Ich habe also angefangen, das Sortiment St\u00fcck f\u00fcr St\u00fcck zu erweitern \u2013 erst ein paar St\u00fchle dazu gelistet, dann zwei weitere recht rudiment\u00e4re Tischgestelle.<\/span><br \/>2007 begann dann aber auch schon die Vorbereitung f\u00fcr den Umzug hier an den Moritzplatz. \u00dcber unser damaliges gemeinsames B\u00fcro wurden Wilm und ich von Modulor mit der Entwicklung des Regalsystems f\u00fcr den Laden beauftragt. Und ich habe dar\u00fcber hinaus noch das Beleuchtungsraster konstruiert.\u00a0<span>Mit diesem Supersystem waren wir uns sicher, alle Situationen im Laden abbilden zu k\u00f6nnen<\/span><\/p>\n<p>[\/et_pb_text][et_pb_text module_id=&#8220;PST-anker3&#8243; _builder_version=&#8220;4.17.3&#8243; _module_preset=&#8220;default&#8220; global_colors_info=&#8220;{}&#8220;]<\/p>\n<p class=\"TextModule__paragraph___3AIU_\"><span>Zwar sind dabei das M\u00f6belsortiment und die Entwicklung eigener M\u00f6bel erst einmal aus dem Blickfeld verschwunden. Gleichzeitig haben sich durch den Umzug aber viele Kontakte zu Herstellern ergeben. Wir haben viele Gespr\u00e4che mit Produzenten und Material verarbeitenden Betrieben gef\u00fchrt. Durch regelm\u00e4\u00dfigen Austausch wurden pl\u00f6tzlich Dinge m\u00f6glich, die man vorher gar nicht f\u00fcr m\u00f6glich gehalten h\u00e4tte. Das Ganze folgte also keinem klaren Auftrag, sondern ist eher organisch entstanden.\u00a0<\/span><\/p>\n<p>[\/et_pb_text][\/et_pb_column][\/et_pb_row][et_pb_row column_structure=&#8220;2_5,3_5&#8243; _builder_version=&#8220;4.17.3&#8243; _module_preset=&#8220;default&#8220; global_colors_info=&#8220;{}&#8220;][et_pb_column type=&#8220;2_5&#8243; _builder_version=&#8220;4.17.3&#8243; _module_preset=&#8220;default&#8220; global_colors_info=&#8220;{}&#8220;][et_pb_text _builder_version=&#8220;4.17.3&#8243; _module_preset=&#8220;default&#8220; width=&#8220;96%&#8220; global_colors_info=&#8220;{}&#8220;]<\/p>\n<h3>Erz\u00e4hl uns ein bisschen etwas zu Deinem Background. Wolltest Du schon immer M\u00f6bel machen? Und wie bist Du bei Modulor gelandet?<\/h3>\n<p>&nbsp;<\/p>\n<p>Systembauk\u00e4sten wie Lego, Fischertechnik und Holzkonstruktionen haben mich schon seit meiner Kindheit begleitet. Auch gezeichnet habe ich immer schon sehr viel \u2013 eigentlich war f\u00fcr mich fr\u00fch klar, dass ich irgendetwas in diese Richtung machen werde. Nach einem kurzen Exkurs \u2013 Kunst und Sport auf Lehramt \u2013 ist mir klar geworden, dass ich Produkte gestalten will. Also habe ich mich f\u00fcr Produktdesign beworben. Zu Beginn in Braunschweig, sp\u00e4ter bin ich dann mit zwei Kommilitonen nach Berlin gegangen, um bei Achim Heine von Ginbande zu studieren.<\/p>\n<p>[\/et_pb_text][\/et_pb_column][et_pb_column type=&#8220;3_5&#8243; _builder_version=&#8220;4.17.3&#8243; _module_preset=&#8220;default&#8220; global_colors_info=&#8220;{}&#8220;][et_pb_image src=&#8220;https:\/\/www.modulor.de\/magazin\/wp-content\/uploads\/2022\/07\/F4A1157-scaled.jpg&#8220; alt=&#8220;Tischgespr\u00e4ch: Interview mit Modulor M\u00f6beldesigner Kai Funke&#8220; title_text=&#8220;_F4A1157&#8243; _builder_version=&#8220;4.17.3&#8243; _module_preset=&#8220;default&#8220; transform_scale_tablet=&#8220;&#8220; transform_scale_phone=&#8220;&#8220; transform_scale_last_edited=&#8220;on|phone&#8220; transform_translate_tablet=&#8220;0px|0px&#8220; transform_translate_phone=&#8220;0px|0px&#8220; transform_translate_last_edited=&#8220;on|desktop&#8220; transform_translate_linked=&#8220;off&#8220; transform_rotate_tablet=&#8220;&#8220; transform_rotate_phone=&#8220;&#8220; transform_rotate_last_edited=&#8220;on|desktop&#8220; transform_skew_tablet=&#8220;&#8220; transform_skew_phone=&#8220;&#8220; transform_skew_last_edited=&#8220;on|desktop&#8220; transform_origin_tablet=&#8220;&#8220; transform_origin_phone=&#8220;&#8220; transform_origin_last_edited=&#8220;on|desktop&#8220; transform_styles_last_edited=&#8220;on|desktop&#8220; transform_styles_tablet=&#8220;&#8220; transform_styles_phone=&#8220;&#8220; global_colors_info=&#8220;{}&#8220;][\/et_pb_image][\/et_pb_column][\/et_pb_row][et_pb_row _builder_version=&#8220;4.17.3&#8243; _module_preset=&#8220;default&#8220; global_colors_info=&#8220;{}&#8220;][et_pb_column type=&#8220;4_4&#8243; _builder_version=&#8220;4.17.3&#8243; _module_preset=&#8220;default&#8220; global_colors_info=&#8220;{}&#8220;][et_pb_text _builder_version=&#8220;4.17.3&#8243; _module_preset=&#8220;default&#8220; global_colors_info=&#8220;{}&#8220;]<\/p>\n<p>W\u00e4hrend des Semesters, aber auch in den Semesterferien habe ich mich intensiv mit M\u00f6beln besch\u00e4ftigt. Nach einem Praktikum bei einem M\u00f6beldesigner in Barcelona und dem Diplom haben wir endschieden, uns selbstst\u00e4ndig zu machen, um weiter Produkte zu entwickeln. Unter Fuchs+Funke haben wir auf vielen Messen ausgestellt und viel Erfahrung und auch Preise gewonnen. Das f\u00fchlte sich gut an. Aber gleichzeitig wussten wir auch, dass unsere Schw\u00e4che im Vermarkten unserer eigenen Ideen liegt. Das Gestalten von Dingen, die Resonanz erzeugen, war nicht das eigentliche Problem.<br \/>Nur, was mach ich daraus? Wen \u00fcberzeuge ich davon? Wer ist bereit, unsere Idee zu produzieren? Wovon soll ich eines Tages mal leben?<br \/>Aus diesem Grund habe ich parallel immer bei Modulor gearbeitet. Erst im Laden, dann im Zuschnitt, dann wieder im Laden und irgendwann dann in der Gestaltungsabteilung.<\/p>\n<p>[\/et_pb_text][et_pb_text _builder_version=&#8220;4.17.3&#8243; _module_preset=&#8220;default&#8220; global_colors_info=&#8220;{}&#8220;]<\/p>\n<h3 class=\"TextModule__headline-h3___MN46G\"><strong class=\"TextModule__bold___1ubC0\">Im Zentrum des M\u00f6belsortiments von Modulor steht der Tisch. Warum ist das so?<\/strong><\/h3>\n<p class=\"TextModule__paragraph___3AIU_\"><span>Der Tisch ist das Zentrum eines Raumes. Am Tisch passiert etwas. Protagonisten gruppieren sich um den Tisch herum. Er steht wie ein Fels in der Brandung.\u00a0<\/span>Und der Tisch ist Basis f\u00fcr das Machen.<\/p>\n<p><span>Bei St\u00fchlen gab es immer schon eine gro\u00dfe Auswahl, vielleicht weil der Stuhl unmittelbar mit dem Menschen in Kontakt tritt. Der Stuhl muss viel eher ergonomische und \u00e4sthetische Anspr\u00fcche erf\u00fcllen, als ein Tisch. Dieser stellt eher eine horizontale Fl\u00e4che im Raum zur Verf\u00fcgung.<\/span><\/p>\n<p>[\/et_pb_text][et_pb_text _builder_version=&#8220;4.17.3&#8243; _module_preset=&#8220;default&#8220; global_colors_info=&#8220;{}&#8220;]<\/p>\n<p><span>Im Gespr\u00e4ch mit Kunden wurde uns immer wieder gesagt, dass wir f\u00fcr Tische schon gewisserma\u00dfen Profis oder Experten sind. Daher haben wir uns entschlossen, dies weiter auszubauen, uns auf ein Thema zu fokussieren und hier eine wirkliche Kompetenz aufzubauen.<\/span><\/p>\n<p><span>Und auch wenn es noch lange keinen Konfigurator gab, hatte ich immer irgendwie im Hinterkopf, dass es bei der Gestaltung eine gewisse Lebendigkeit brauchen w\u00fcrde. So kam es auch, dass unsere Tische aus einzelnen Elementen bestehen, die man zusammenstecken kann, um verschiedene Formen zu kreieren. Regal-Konfiguratoren gab es damals schon und es geisterte immer in unseren K\u00f6pfen herum, etwas \u00e4hnliches f\u00fcr Tische zu machen.\u00a0<\/span><\/p>\n<p>[\/et_pb_text][\/et_pb_column][\/et_pb_row][et_pb_row column_structure=&#8220;2_3,1_3&#8243; _builder_version=&#8220;4.17.3&#8243; _module_preset=&#8220;default&#8220; global_colors_info=&#8220;{}&#8220;][et_pb_column type=&#8220;2_3&#8243; _builder_version=&#8220;4.17.3&#8243; _module_preset=&#8220;default&#8220; global_colors_info=&#8220;{}&#8220;][et_pb_image src=&#8220;https:\/\/www.modulor.de\/magazin\/wp-content\/uploads\/2022\/07\/F4A0724-scaled.jpg&#8220; alt=&#8220;%22Es muss sich sinnvoll anf\u00fchlen%22: Tischgespr\u00e4ch mit Modulor M\u00f6beldesigner Kai Funke&#8220; title_text=&#8220;_F4A0724&#8243; _builder_version=&#8220;4.17.3&#8243; _module_preset=&#8220;default&#8220; global_colors_info=&#8220;{}&#8220;][\/et_pb_image][\/et_pb_column][et_pb_column type=&#8220;1_3&#8243; _builder_version=&#8220;4.17.3&#8243; _module_preset=&#8220;default&#8220; global_colors_info=&#8220;{}&#8220;][et_pb_text _builder_version=&#8220;4.17.3&#8243; _module_preset=&#8220;default&#8220; width=&#8220;96%&#8220; global_colors_info=&#8220;{}&#8220;]<\/p>\n<blockquote>\n<p style=\"text-align: left;\">\u201e<span>Wenn man ernsthaft und vor allem sinnhaft arbeitet, dann bleibt man meiner Meinung nach automatisch regional und nachhaltig. <\/span><span>Unsere Tische werden allesamt in Deutschland und unter fairen Herstellungsbedingungen produziert.\u201c<\/span><\/p>\n<p style=\"text-align: left;\"><span><\/span><\/p>\n<p style=\"text-align: right;\"><span>Kai Funke, <\/span><\/p>\n<p style=\"text-align: right;\"><span>Produktentwicklung M\u00f6bel<\/span><\/p>\n<\/blockquote>\n<p>[\/et_pb_text][\/et_pb_column][\/et_pb_row][et_pb_row _builder_version=&#8220;4.17.3&#8243; _module_preset=&#8220;default&#8220; global_colors_info=&#8220;{}&#8220;][et_pb_column type=&#8220;4_4&#8243; _builder_version=&#8220;4.17.3&#8243; _module_preset=&#8220;default&#8220; global_colors_info=&#8220;{}&#8220;][et_pb_text module_id=&#8220;PST-anker4&#8243; _builder_version=&#8220;4.17.3&#8243; _module_preset=&#8220;default&#8220; global_colors_info=&#8220;{}&#8220;]<\/p>\n<h3 class=\"TextModule__headline-h3___MN46G\"><strong class=\"TextModule__bold___1ubC0\">Wie w\u00fcrdest Du Modulor M\u00f6bel in 3 W\u00f6rtern beschreiben?<\/strong><\/h3>\n<p class=\"TextModule__paragraph--noMargins___1Ekat\">\n<p class=\"TextModule__paragraph--noMargins___1Ekat\"><span>Einfach, sinnvoll und \u2026 gut.\u00a0<\/span><\/p>\n<p>[\/et_pb_text][et_pb_text _builder_version=&#8220;4.17.3&#8243; _module_preset=&#8220;default&#8220; global_colors_info=&#8220;{}&#8220;]<\/p>\n<h3 class=\"TextModule__headline-h3___MN46G\"><strong class=\"TextModule__bold___1ubC0\">Lass uns mal \u00fcber den Entwicklungsprozess sprechen. Von der groben Idee bis zum ersten Prototyp, was passiert da alles?\u00a0<\/strong><\/h3>\n<p class=\"TextModule__paragraph--noMargins___1Ekat\">\n<p class=\"TextModule__paragraph--noMargins___1Ekat\"><span>Christof hat ja mal gesagt, er w\u00fcrde diesen sch\u00f6pferischen Entwicklungsprozess am liebsten aufdr\u00f6seln, in Scheiben schneiden und daraus eine Logik entwickeln, die man auch f\u00fcr Nicht-Gestalter bereitstellen kann. Vielleicht geht das ja irgendwann in der Zukunft&#8230;<\/span><\/p>\n<p class=\"TextModule__paragraph--noMargins___1Ekat\"><span>Ich kann das, wie vermutlich jede*r Kreative, gar nicht so genau beantworten. Oftmals wei\u00df man r\u00fcckblickend gar nicht, warum sich die Dinge so ergeben, wie sie sich ergeben haben. The mystery of beauty ist vielleicht eine treffende Beschreibung.<\/span><\/p>\n<p class=\"TextModule__paragraph--noMargins___1Ekat\">\n<p class=\"TextModule__paragraph--noMargins___1Ekat\"><span>Beim Y-Gestell zum Beispiel hatte ich mir zun\u00e4chst zwei Seitenteile ausgedacht, die zwar auch schon aus Quadratrohr bestanden, aber voneinander losgel\u00f6st an die Tischplatte geschraubt wurden. In diesem Entwurf war also die Tischplatte das verbindende Element. Ich fand das damals sehr gelungen, auch weil die beiden B\u00f6cke ziemlich preiswert waren. Das war mir auch schon immer wichtig. Nat\u00fcrlich kann man die edelsten und tollsten Sachen entwerfen, aber ich hatte immer schon mehr Bock auf bezahlbare Dinge.<\/span><\/p>\n<p class=\"TextModule__paragraph--noMargins___1Ekat\">Jedenfalls haben wir festgestellt, dass es sinnvoller ist,<span>\u00a0<\/span><span>ein Gestell statt B\u00f6cken zu entwickeln, um die Platte konstruktiv vom Gestell zu trennen. So lassen sich alle m\u00f6glichen Plattenmaterialien und Tischoberfl\u00e4chen einfach auf das Tischgestell legen. Daraufhin habe ich den Entwurf \u00fcberarbeitet und eine Systemlogik entwickelt, die unser Lieferant in ganz \u00e4hnlicher Form schon im Sortiment hatte.\u00a0Ich hatte also \u00fcber etwas nachgedacht, das schon in \u00e4hnlicher Form produziert wurde. Interessanterweise habe ich l\u00e4nger diesen Entwurf mit unserem Lieferanten besprochen, bis es jemandem auffiel. Solche Zuf\u00e4lle kann man nicht steuern oder planen, man muss sie erzwingen.<\/span><\/p>\n<p>[\/et_pb_text][\/et_pb_column][\/et_pb_row][et_pb_row column_structure=&#8220;2_3,1_3&#8243; _builder_version=&#8220;4.17.3&#8243; _module_preset=&#8220;default&#8220; global_colors_info=&#8220;{}&#8220;][et_pb_column type=&#8220;2_3&#8243; _builder_version=&#8220;4.17.3&#8243; _module_preset=&#8220;default&#8220; global_colors_info=&#8220;{}&#8220;][et_pb_image src=&#8220;https:\/\/www.modulor.de\/magazin\/wp-content\/uploads\/2022\/07\/F4A0836-scaled-e1657113493747.jpg&#8220; alt=&#8220;Tischgespr\u00e4ch: Interview mit Modulor M\u00f6beldesigner Kai Funke&#8220; title_text=&#8220;_F4A0836&#8243; _builder_version=&#8220;4.17.3&#8243; _module_preset=&#8220;default&#8220; transform_scale_tablet=&#8220;&#8220; transform_scale_phone=&#8220;&#8220; transform_scale_last_edited=&#8220;on|desktop&#8220; transform_translate_tablet=&#8220;0px|0px&#8220; transform_translate_phone=&#8220;0px|0px&#8220; transform_translate_last_edited=&#8220;on|desktop&#8220; transform_translate_linked=&#8220;off&#8220; transform_rotate_tablet=&#8220;&#8220; transform_rotate_phone=&#8220;&#8220; transform_rotate_last_edited=&#8220;on|desktop&#8220; transform_skew_tablet=&#8220;&#8220; transform_skew_phone=&#8220;&#8220; transform_skew_last_edited=&#8220;on|desktop&#8220; transform_origin_tablet=&#8220;&#8220; transform_origin_phone=&#8220;&#8220; transform_origin_last_edited=&#8220;on|desktop&#8220; transform_styles_last_edited=&#8220;on|desktop&#8220; transform_styles_tablet=&#8220;&#8220; transform_styles_phone=&#8220;&#8220; global_colors_info=&#8220;{}&#8220;][\/et_pb_image][\/et_pb_column][et_pb_column type=&#8220;1_3&#8243; _builder_version=&#8220;4.17.3&#8243; _module_preset=&#8220;default&#8220; global_colors_info=&#8220;{}&#8220;][et_pb_image src=&#8220;https:\/\/www.modulor.de\/magazin\/wp-content\/uploads\/2022\/07\/F4A0850-scaled.jpg&#8220; alt=&#8220;Tischgespr\u00e4ch: Interview mit Modulor M\u00f6beldesigner Kai Funke&#8220; title_text=&#8220;_F4A0850&#8243; _builder_version=&#8220;4.17.3&#8243; _module_preset=&#8220;default&#8220; global_colors_info=&#8220;{}&#8220;][\/et_pb_image][\/et_pb_column][\/et_pb_row][et_pb_row _builder_version=&#8220;4.17.3&#8243; _module_preset=&#8220;default&#8220; global_colors_info=&#8220;{}&#8220;][et_pb_column type=&#8220;4_4&#8243; _builder_version=&#8220;4.17.3&#8243; _module_preset=&#8220;default&#8220; global_colors_info=&#8220;{}&#8220;][et_pb_text module_id=&#8220;PST-anker5&#8243; _builder_version=&#8220;4.17.3&#8243; _module_preset=&#8220;default&#8220; custom_margin=&#8220;|224px|55px|224px|false|false&#8220; global_colors_info=&#8220;{}&#8220;]<\/p>\n<h3 class=\"TextModule__headline-h3___MN46G\"><strong class=\"TextModule__bold___1ubC0\">Was sind f\u00fcr Dich die gr\u00f6\u00dften Herausforderungen beim Entwickeln von M\u00f6beln?\u00a0Warum schafft es ein Prototyp oder Muster dann auch mal nicht ins Sortiment?<\/strong><\/h3>\n<p class=\"TextModule__headline-h3___MN46G\"><span>Bei manchen Entw\u00fcrfen kommt man irgendwann an den Punkt, an dem man sich wundert, warum man lange Zeit so davon \u00fcberzeugt war. Vielleicht war man hier und da auch zu selbstverliebt, glaubte zu sehr an die eigenen Ideen. Man sucht nach etwas Bestimmtem und pl\u00f6tzlich sp\u00fcrt man, dass das Produkt, so wie es jetzt ist, die Anforderung eigentlich gar nicht erf\u00fcllt. Es gibt nat\u00fcrlich auch Produkte, die einfach nicht sinnvoll umzusetzen sind. Andere wiederum lassen sich nicht nennenswert verkaufen.<\/span><\/p>\n<p>[\/et_pb_text][et_pb_text module_id=&#8220;PST-anker5&#8243; _builder_version=&#8220;4.17.3&#8243; _module_preset=&#8220;default&#8220; custom_margin=&#8220;|224px|55px|224px|false|false&#8220; global_colors_info=&#8220;{}&#8220;]<\/p>\n<p class=\"TextModule__paragraph--noMargins___1Ekat\"><span>F\u00fcr mich ist immer der Austausch mit Menschen aus meinem Umfeld sehr wichtig. Menschen, die mir nahestehen und von denen ich Ehrlichkeit erwarte. Die Einsch\u00e4tzungen nehme ich ernst und lasse diese im Idealfall in den Entwurf miteinflie\u00dfen. So sind in der Vergangenheit spannende Schnittmengen entstanden, die f\u00fcr ein Unternehmen wie Modulor sehr wertvoll sind. Und das ist dann wichtiger, als das dickk\u00f6pfige Durchsetzen der eigenen Idee.\u00a0<\/span><\/p>\n<p>[\/et_pb_text][et_pb_text module_id=&#8220;PST-anker5&#8243; _builder_version=&#8220;4.17.3&#8243; _module_preset=&#8220;default&#8220; custom_margin=&#8220;|224px|55px|224px|false|false&#8220; global_colors_info=&#8220;{}&#8220;]<\/p>\n<p class=\"TextModule__paragraph--noMargins___1Ekat\"><span>Beim Y-Gestell haben alle sofort gesagt \u201eDas geht weg wie warme Semmeln\u201c.\u00a0<\/span>Das war aber eher die Ausnahme.<span>\u00a0F\u00fcr die ersten Muster der h\u00f6henverstellbaren Tische etwa, hatte Modulor viel Geld bezahlt. Die Gesch\u00e4ftsf\u00fchrung war alles andere als begeistert und wollte die Muster im Laden direkt wieder verkaufen. Ich habe darauf beharrt, dass wir uns das genauer anschauen und ein System daraus entwickeln sollten. Tische mit Motoren waren 2016 in Deutschland noch nicht wirklich etabliert. In Skandinavien hat damals schon der Gro\u00dfteil der Arbeitsnehmer an h\u00f6henverstellbaren Tischen gearbeitet, weil es dort einfach zum Arbeitsethos dazu geh\u00f6rt. Trotzdem blieb es bei der Prophezeiung, dass Modulor davon nicht einen einzigen Tisch verkaufen w\u00fcrde. <\/span>Gekommen ist gl\u00fccklicherweise anders.<\/p>\n<p>[\/et_pb_text][\/et_pb_column][\/et_pb_row][et_pb_row column_structure=&#8220;2_3,1_3&#8243; _builder_version=&#8220;4.17.3&#8243; _module_preset=&#8220;default&#8220; width=&#8220;100%&#8220; custom_padding=&#8220;28px|||||&#8220; global_colors_info=&#8220;{}&#8220;][et_pb_column type=&#8220;2_3&#8243; _builder_version=&#8220;4.17.3&#8243; _module_preset=&#8220;default&#8220; global_colors_info=&#8220;{}&#8220;][et_pb_image src=&#8220;https:\/\/www.modulor.de\/magazin\/wp-content\/uploads\/2022\/07\/F4A1146-scaled.jpg&#8220; alt=&#8220;%22Es muss sich sinnvoll anf\u00fchlen%22: Tischgespr\u00e4ch mit Modulor M\u00f6beldesigner Kai Funke&#8220; title_text=&#8220;_F4A1146&#8243; _builder_version=&#8220;4.17.3&#8243; _module_preset=&#8220;default&#8220; transform_scale_tablet=&#8220;&#8220; transform_scale_phone=&#8220;&#8220; transform_scale_last_edited=&#8220;on|desktop&#8220; transform_translate_tablet=&#8220;0px|0px&#8220; transform_translate_phone=&#8220;0px|0px&#8220; transform_translate_last_edited=&#8220;on|tablet&#8220; transform_translate_linked=&#8220;off&#8220; transform_rotate_tablet=&#8220;&#8220; transform_rotate_phone=&#8220;&#8220; transform_rotate_last_edited=&#8220;on|desktop&#8220; transform_skew_tablet=&#8220;&#8220; transform_skew_phone=&#8220;&#8220; transform_skew_last_edited=&#8220;on|desktop&#8220; transform_origin_tablet=&#8220;&#8220; transform_origin_phone=&#8220;&#8220; transform_origin_last_edited=&#8220;on|desktop&#8220; transform_styles_last_edited=&#8220;on|tablet&#8220; transform_styles_tablet=&#8220;&#8220; transform_styles_phone=&#8220;&#8220; global_colors_info=&#8220;{}&#8220;][\/et_pb_image][et_pb_text _builder_version=&#8220;4.17.3&#8243; _module_preset=&#8220;default&#8220; global_colors_info=&#8220;{}&#8220;]<\/p>\n<p><span>Ein Prototyp des neuen <a href=\"https:\/\/www.modulor.de\/regale\/m-regal\/\" target=\"_blank\" rel=\"noopener\">M Regals<\/a> &#8211; Coming in 2022!<\/span><\/p>\n<p>[\/et_pb_text][\/et_pb_column][et_pb_column type=&#8220;1_3&#8243; _builder_version=&#8220;4.17.3&#8243; _module_preset=&#8220;default&#8220; global_colors_info=&#8220;{}&#8220;][et_pb_image src=&#8220;https:\/\/www.modulor.de\/magazin\/wp-content\/uploads\/2022\/07\/F4A1161-scaled.jpg&#8220; alt=&#8220;%22Es muss sich sinnvoll anf\u00fchlen%22: Tischgespr\u00e4ch mit Modulor M\u00f6beldesigner Kai Funke&#8220; title_text=&#8220;_F4A1161&#8243; _builder_version=&#8220;4.17.3&#8243; _module_preset=&#8220;default&#8220; global_colors_info=&#8220;{}&#8220;][\/et_pb_image][\/et_pb_column][\/et_pb_row][et_pb_row use_custom_gutter=&#8220;on&#8220; _builder_version=&#8220;4.17.3&#8243; _module_preset=&#8220;default&#8220; global_colors_info=&#8220;{}&#8220;][et_pb_column type=&#8220;4_4&#8243; _builder_version=&#8220;4.17.3&#8243; _module_preset=&#8220;default&#8220; global_colors_info=&#8220;{}&#8220;][et_pb_text module_id=&#8220;PST-anker6&#8243; _builder_version=&#8220;4.17.3&#8243; _module_preset=&#8220;default&#8220; custom_margin=&#8220;3px|224px||224px|false|false&#8220; global_colors_info=&#8220;{}&#8220;]<\/p>\n<h3 class=\"TextModule__headline-h3___MN46G\"><strong class=\"TextModule__bold___1ubC0\">Worauf schaust Du bei der Auswahl von Materialien?\u00a0<\/strong><\/h3>\n<p><span>Am Ende gibt es gar nicht so viele M\u00f6glichkeiten um einfache, aber stabile Konstruktionen zu erzeugen. Eigentlich bleibt es immer bei Holz und Metall. Das sind die Materialien, die als Halbzeuge verf\u00fcgbar sind und die sich mit klassischen Methoden relativ leicht zusammenf\u00fcgen\u00a0<\/span>lassen.<\/p>\n<p>[\/et_pb_text][et_pb_text module_id=&#8220;PST-anker6&#8243; _builder_version=&#8220;4.17.3&#8243; _module_preset=&#8220;default&#8220; min_height=&#8220;380px&#8220; custom_margin=&#8220;31px|224px||224px|false|false&#8220; global_colors_info=&#8220;{}&#8220;]<\/p>\n<p><span>F\u00fcr mich muss die Auswahl des Materials vor allem sinnvoll sein. Holzbeine an einem Stahlgestell, darauf eine Multiplex-Tischplatte mit aufgeklebtem Top \u2013 etwa <a href=\"https:\/\/www.modulor.de\/tischplatten\/linoleum-tischplatte\/\" target=\"_blank\" rel=\"noopener\">Linoleum<\/a> oder <a href=\"https:\/\/www.modulor.de\/tischplatten\/hpl-tischplatte\/\" target=\"_blank\" rel=\"noopener\">HPL<\/a>. Das sind f\u00fcr mich sinnvoll verbundene und geschichtete Materialien von hoher Qualit\u00e4t. Die am Ende <\/span><span>\u2013<\/span><span>\u00a0wieder nach Fischertechnik-Lego-Logik\u00a0<\/span><span>\u2013<\/span><span> eine systemische Konstruktion ergeben, mit \u00e4sthetischen Mehrwehrt.<\/span><span>Sodass man beim Sehen und Anfassen denkt: das ist ein hochwertiger Tisch, der mir irgendwie gef\u00e4llt. Ohne genau sagen zu k\u00f6nnen, warum das so ist. Und mehr soll es ja auch nicht sein.<\/span><\/p>\n<p><span>Wir sagen ja immer, dass der Tisch ein Werkzeug f\u00fcrs Leben ist. Das finde ich eigentlich am allersch\u00f6nsten, wenn der Gestaltungsanspruch sekund\u00e4r und nicht vordergr\u00fcndig ist.<\/span><\/p>\n<p>[\/et_pb_text][\/et_pb_column][\/et_pb_row][\/et_pb_section][et_pb_section fb_built=&#8220;1&#8243; _builder_version=&#8220;4.17.3&#8243; _module_preset=&#8220;default&#8220; custom_padding=&#8220;0px||9px|||&#8220; global_colors_info=&#8220;{}&#8220;][et_pb_row column_structure=&#8220;1_2,1_2&#8243; _builder_version=&#8220;4.17.3&#8243; _module_preset=&#8220;default&#8220; custom_margin=&#8220;-24px|auto||auto||&#8220; global_colors_info=&#8220;{}&#8220;][et_pb_column type=&#8220;1_2&#8243; _builder_version=&#8220;4.17.3&#8243; _module_preset=&#8220;default&#8220; global_colors_info=&#8220;{}&#8220;][et_pb_image src=&#8220;https:\/\/www.modulor.de\/magazin\/wp-content\/uploads\/2022\/07\/F4A0956-scaled.jpg&#8220; alt=&#8220;Tischgespr\u00e4ch: Interview mit Modulor M\u00f6beldesigner Kai Funke&#8220; title_text=&#8220;_F4A0956&#8243; _builder_version=&#8220;4.17.3&#8243; _module_preset=&#8220;default&#8220; transform_scale_tablet=&#8220;&#8220; transform_scale_phone=&#8220;&#8220; transform_scale_last_edited=&#8220;on|desktop&#8220; transform_translate=&#8220;0px|75px&#8220; transform_translate_tablet=&#8220;0px|0px&#8220; transform_translate_phone=&#8220;0px|0px&#8220; transform_translate_last_edited=&#8220;on|desktop&#8220; transform_translate_linked=&#8220;off&#8220; transform_rotate_tablet=&#8220;&#8220; transform_rotate_phone=&#8220;&#8220; transform_rotate_last_edited=&#8220;on|desktop&#8220; transform_skew_tablet=&#8220;&#8220; transform_skew_phone=&#8220;&#8220; transform_skew_last_edited=&#8220;on|desktop&#8220; transform_origin_tablet=&#8220;&#8220; transform_origin_phone=&#8220;&#8220; transform_origin_last_edited=&#8220;on|desktop&#8220; transform_styles_last_edited=&#8220;on|desktop&#8220; transform_styles_tablet=&#8220;&#8220; transform_styles_phone=&#8220;&#8220; global_colors_info=&#8220;{}&#8220;][\/et_pb_image][\/et_pb_column][et_pb_column type=&#8220;1_2&#8243; _builder_version=&#8220;4.17.3&#8243; _module_preset=&#8220;default&#8220; global_colors_info=&#8220;{}&#8220;][et_pb_image src=&#8220;https:\/\/www.modulor.de\/magazin\/wp-content\/uploads\/2022\/07\/F4A0881-scaled-e1671109142331.jpg&#8220; alt=&#8220;Tischgespr\u00e4ch: Ein Interview mit Modulor M\u00f6bel Designer Kai Funke&#8220; title_text=&#8220;Die Modulor M\u00f6belfl\u00e4che&#8220; _builder_version=&#8220;4.17.3&#8243; _module_preset=&#8220;default&#8220; transform_scale_tablet=&#8220;&#8220; transform_scale_phone=&#8220;&#8220; transform_scale_last_edited=&#8220;on|desktop&#8220; transform_translate_tablet=&#8220;0px|0px&#8220; transform_translate_phone=&#8220;0px|0px&#8220; transform_translate_last_edited=&#8220;on|desktop&#8220; transform_translate_linked=&#8220;off&#8220; transform_rotate_tablet=&#8220;&#8220; transform_rotate_phone=&#8220;&#8220; transform_rotate_last_edited=&#8220;on|desktop&#8220; transform_skew_tablet=&#8220;&#8220; transform_skew_phone=&#8220;&#8220; transform_skew_last_edited=&#8220;on|desktop&#8220; transform_origin_tablet=&#8220;&#8220; transform_origin_phone=&#8220;&#8220; transform_origin_last_edited=&#8220;on|desktop&#8220; transform_styles_last_edited=&#8220;on|desktop&#8220; transform_styles_tablet=&#8220;&#8220; transform_styles_phone=&#8220;&#8220; global_colors_info=&#8220;{}&#8220;][\/et_pb_image][\/et_pb_column][\/et_pb_row][\/et_pb_section][et_pb_section fb_built=&#8220;1&#8243; _builder_version=&#8220;4.17.3&#8243; _module_preset=&#8220;default&#8220; custom_padding=&#8220;6px|||||&#8220; global_colors_info=&#8220;{}&#8220;][et_pb_row _builder_version=&#8220;4.17.3&#8243; _module_preset=&#8220;default&#8220; global_colors_info=&#8220;{}&#8220;][et_pb_column type=&#8220;4_4&#8243; _builder_version=&#8220;4.17.3&#8243; _module_preset=&#8220;default&#8220; global_colors_info=&#8220;{}&#8220;][et_pb_text module_id=&#8220;PST-anker7&#8243; _builder_version=&#8220;4.17.3&#8243; _module_preset=&#8220;default&#8220; global_colors_info=&#8220;{}&#8220;]<\/p>\n<h3 class=\"TextModule__headline-h3___MN46G\"><strong class=\"TextModule__bold___1ubC0\">Apropos Stahl, diesen nutzt Du recht h\u00e4ufig in Deinen Entw\u00fcrfen. Was macht den Werkstoff f\u00fcr Dich so interessant?\u00a0<\/strong><\/h3>\n<p class=\"TextModule__paragraph___3AIU_\"><span>Metalle haben f\u00fcr mich etwas Klassisches. Besonders der Stahlbau oder auch der nachhaltige Holzbau gelten in der Architektur als sehr anspruchsvoll, da immer Stabelemente bzw. Halbzeugen miteinander zu stabilen Konstruktionen verbunden werden. Im Idealfall entstehen dadurch sehr filigrane, manchmal mobile und \u00e4sthetisch sehr ansprechende Konstruktionen, die mit Beton oder anderen amorphen Baustoffen nicht realisierbar sind.\u00a0<\/span>V<span>iele M\u00f6belhersteller entwickeln auch eigene Aluminiumguss-Teile oder Kunststoffverbinder, die zwar eine gr\u00f6\u00dfere Formenvielfalt erm\u00f6glichen, aber eben nicht so archaisch sind. Mir gef\u00e4llt daher eine intelligente L\u00f6sung aus Stahlhalbzeugen immer besser, als aufwendig entwickelte Strangpressprofile oder eben Guss-L\u00f6sungen aus Aluminium.<\/span><\/p>\n<p class=\"TextModule__paragraph___3AIU_\"><span>Und vor allem auch angesichts der Umwelt-Vertr\u00e4glichkeit, ist Aluminium aus meiner Sicht die schlechtere Wahl, im Vergleich zu Stahl.\u00a0<\/span><\/p>\n<p>[\/et_pb_text][et_pb_text _builder_version=&#8220;4.17.3&#8243; _module_preset=&#8220;default&#8220; global_colors_info=&#8220;{}&#8220;]<\/p>\n<h3 class=\"TextModule__headline-h3___MN46G\"><strong class=\"TextModule__bold___1ubC0\">Wie wichtig sind dir Nachhaltigkeit und Regionalit\u00e4t bei der Materialwahl und Herstellung?<\/strong><\/h3>\n<p class=\"TextModule__paragraph--noMargins___1Ekat\">\n<p class=\"TextModule__paragraph--noMargins___1Ekat\"><span>Wenn man ernsthaft und vor allem sinnhaft arbeitet, dann bleibt man meiner Meinung nach automatisch regional und nachhaltig. Unsere Tische werden allesamt in Deutschland und unter fairen Herstellungsbedingungen produziert. Die Tischplatten werden in Berlin und in Bayern hergestellt, die Gestelle in Sachsen-Anhalt. S\u00e4mtliche Hersteller kennen wir pers\u00f6nlich. Das ist f\u00fcr uns sehr wichtig und eigentlich auch selbstverst\u00e4ndlich. Trotzdem f\u00e4llt es uns schwer, plakativ damit zu werben, wie nachhaltig unsere M\u00f6bel sind, denn\u00a0<\/span><span>kennen wir die genauen Lieferketten unserer Vorlieferanten, was jede einzelne, noch so kleine Schraube angeht? Nein. Und das geht anderen Firmen nat\u00fcrlich genau so, nur wird hier aus meiner Sicht viel Greenwashing betrieben.<\/span><\/p>\n<p>[\/et_pb_text][et_pb_text _builder_version=&#8220;4.17.3&#8243; _module_preset=&#8220;default&#8220; global_colors_info=&#8220;{}&#8220;]<\/p>\n<p class=\"TextModule__paragraph--noMargins___1Ekat\"><span>F\u00fcr mich muss sich unser Handeln immer richtig anf\u00fchlen. Ich w\u00fcrde auch nichts machen, das aus meiner Sicht irgendwie unsinnig ist. Ein gutes Beispiel sind die Hubs\u00e4ulen unserer h\u00f6henverstellbaren Tische. Die kommen bei uns aus Europa, aus D\u00e4nemark. Mittlerweile werden diese h\u00f6henverstellbaren Tische ja \u00fcberall verkauft. Und um ganz ehrlich zu sein, oftmals f\u00fcr einen Bruchteil von dem, was man bei uns daf\u00fcr zahlt. Aber Hubs\u00e4ulen aus China? Das f\u00fchlt sich einfach nicht richtig an. <\/span><span>Und ich denke nicht, dass wir damit anfangen sollten nur des Preises wegen.\u00a0<\/span><\/p>\n<p>[\/et_pb_text][\/et_pb_column][\/et_pb_row][et_pb_row _builder_version=&#8220;4.17.3&#8243; _module_preset=&#8220;default&#8220; global_colors_info=&#8220;{}&#8220;][et_pb_column type=&#8220;4_4&#8243; _builder_version=&#8220;4.17.3&#8243; _module_preset=&#8220;default&#8220; global_colors_info=&#8220;{}&#8220;][et_pb_image src=&#8220;https:\/\/www.modulor.de\/magazin\/wp-content\/uploads\/2022\/07\/F4A0915-scaled.jpg&#8220; alt=&#8220;%22Es muss sich sinnvoll anf\u00fchlen%22: Tischgespr\u00e4ch mit Modulor M\u00f6beldesigner Kai Funke&#8220; title_text=&#8220;_F4A0915&#8243; _builder_version=&#8220;4.17.3&#8243; _module_preset=&#8220;default&#8220; global_colors_info=&#8220;{}&#8220;][\/et_pb_image][\/et_pb_column][\/et_pb_row][et_pb_row _builder_version=&#8220;4.17.3&#8243; _module_preset=&#8220;default&#8220; global_colors_info=&#8220;{}&#8220;][et_pb_column type=&#8220;4_4&#8243; _builder_version=&#8220;4.17.3&#8243; _module_preset=&#8220;default&#8220; global_colors_info=&#8220;{}&#8220;][et_pb_text module_id=&#8220;PST-anker8&#8243; _builder_version=&#8220;4.17.3&#8243; _module_preset=&#8220;default&#8220; global_colors_info=&#8220;{}&#8220;]<\/p>\n<h3 class=\"TextModule__headline-h3___MN46G\"><strong class=\"TextModule__bold___1ubC0\">Der Gro\u00dfteil unserer Serien ist konfigurierbar. Man kann sich seinen Wunsch-Tisch selbst zusammenstellen.\u00a0Ist die M\u00f6glichkeit, M\u00f6bel individualisieren zu k\u00f6nnen, die Zukunft des M\u00f6beldesigns?\u00a0<\/strong><\/h3>\n<p>&nbsp;<\/p>\n<p class=\"TextModule__paragraph___3AIU_\"><span>Die M\u00f6belbranche ist ja eine sehr klassische Branche, die schon immer \u00fcber den station\u00e4ren Handel verkauft hat, ein sogenanntes People Business. Um M\u00f6bel aber in der heutigen Zeit nennenswert online verkaufen zu k\u00f6nnen, ist es sinnvoll, moderne Technik zu nutzen. Individualisierung \u00fcber einen Tisch- oder Regalkonfigurator zu erm\u00f6glichen, ist toll und bietet einen echten Mehrwert. Wir k\u00f6nnen Kund*innen damit eine entsprechende Hilfe anbieten, die \u00fcber die klassische Beratung hinausgeht.<\/span><\/p>\n<p>[\/et_pb_text][et_pb_text module_id=&#8220;PST-anker8&#8243; _builder_version=&#8220;4.17.3&#8243; _module_preset=&#8220;default&#8220; global_colors_info=&#8220;{}&#8220;]<\/p>\n<p class=\"TextModule__paragraph___3AIU_\"><span>Aber m\u00fcssen M\u00f6bel unbedingt konfigurierbar sein? Ich w\u00fcrde sagen Nein. In unserem Fall hat sich das total angeboten, weil wir diese Logik schon immer im Unternehmen hatten. Wir haben immer schon systemisch gedacht, Material kleingeschnitten und \u00fcberlegt, wie man Fl\u00e4chen ausnutzen kann, um den Verschnitt m\u00f6glichst klein zu halten. Das war vielleicht eine Art Blaupause f\u00fcr die Konfiguratoren. Modular Modulor eben.\u00a0<\/span><\/p>\n<p>[\/et_pb_text][\/et_pb_column][\/et_pb_row][et_pb_row column_structure=&#8220;1_3,2_3&#8243; _builder_version=&#8220;4.17.3&#8243; _module_preset=&#8220;default&#8220; global_colors_info=&#8220;{}&#8220;][et_pb_column type=&#8220;1_3&#8243; _builder_version=&#8220;4.17.3&#8243; _module_preset=&#8220;default&#8220; global_colors_info=&#8220;{}&#8220;][et_pb_image src=&#8220;https:\/\/www.modulor.de\/magazin\/wp-content\/uploads\/2022\/07\/F4A1073-scaled-e1657114269730.jpg&#8220; alt=&#8220;Tischgespr\u00e4ch: Interview mit Modulor M\u00f6bel Designer Kai Funke&#8220; title_text=&#8220;_F4A1073&#8243; _builder_version=&#8220;4.17.3&#8243; _module_preset=&#8220;default&#8220; transform_scale_tablet=&#8220;&#8220; transform_scale_phone=&#8220;&#8220; transform_scale_last_edited=&#8220;on|desktop&#8220; transform_translate=&#8220;0px|75px&#8220; transform_translate_tablet=&#8220;0px|0px&#8220; transform_translate_phone=&#8220;0px|0px&#8220; transform_translate_last_edited=&#8220;on|phone&#8220; transform_translate_linked=&#8220;off&#8220; transform_rotate_tablet=&#8220;&#8220; transform_rotate_phone=&#8220;&#8220; transform_rotate_last_edited=&#8220;on|desktop&#8220; transform_skew_tablet=&#8220;&#8220; transform_skew_phone=&#8220;&#8220; transform_skew_last_edited=&#8220;on|desktop&#8220; transform_origin_tablet=&#8220;&#8220; transform_origin_phone=&#8220;&#8220; transform_origin_last_edited=&#8220;on|desktop&#8220; transform_styles_last_edited=&#8220;on|phone&#8220; transform_styles_tablet=&#8220;&#8220; transform_styles_phone=&#8220;&#8220; global_colors_info=&#8220;{}&#8220;][\/et_pb_image][\/et_pb_column][et_pb_column type=&#8220;2_3&#8243; _builder_version=&#8220;4.17.3&#8243; _module_preset=&#8220;default&#8220; global_colors_info=&#8220;{}&#8220;][et_pb_image src=&#8220;https:\/\/www.modulor.de\/magazin\/wp-content\/uploads\/2022\/07\/F4A0871-scaled.jpg&#8220; alt=&#8220;Tischgespr\u00e4ch: Interview mit Modulor M\u00f6beldesigner Kai Funke&#8220; title_text=&#8220;_F4A0871&#8243; _builder_version=&#8220;4.17.3&#8243; _module_preset=&#8220;default&#8220; global_colors_info=&#8220;{}&#8220;][\/et_pb_image][\/et_pb_column][\/et_pb_row][et_pb_row _builder_version=&#8220;4.17.3&#8243; _module_preset=&#8220;default&#8220; global_colors_info=&#8220;{}&#8220;][et_pb_column type=&#8220;4_4&#8243; _builder_version=&#8220;4.17.3&#8243; _module_preset=&#8220;default&#8220; global_colors_info=&#8220;{}&#8220;][et_pb_text module_id=&#8220;PST-anker10&#8243; _builder_version=&#8220;4.17.3&#8243; _module_preset=&#8220;default&#8220; global_colors_info=&#8220;{}&#8220;]<\/p>\n<h3 class=\"TextModule__headline-h3___MN46G\"><strong class=\"TextModule__bold___1ubC0\">Bleiben wir mal beim Konfigurator. Ist das f\u00fcr Dich als Designer Fluch oder Segen, wenn Konsument*innen ein M\u00f6bel, das urspr\u00fcnglich in einer ganz bestimmten Ausf\u00fchrung, \u00c4sthetik und Funktionalit\u00e4t konzipiert worden ist, v\u00f6llig abwandeln k\u00f6nnen?<\/strong><\/h3>\n<p class=\"TextModule__paragraph___3AIU_\">\n<p class=\"TextModule__paragraph___3AIU_\"><span>Nat\u00fcrlich, wenn man auf Nummer sicher gehen will, dass alle Leute die aus meiner Sicht sch\u00f6nste und sinnvollste Variante des Tisches bekommen, m\u00fcsste man sich auf zwei oder drei Gr\u00f6\u00dfen beschr\u00e4nken, diese durchgestalten und bis ins kleinste Detail definieren.<\/span><\/p>\n<p>[\/et_pb_text][et_pb_text module_id=&#8220;PST-anker10&#8243; _builder_version=&#8220;4.17.3&#8243; _module_preset=&#8220;default&#8220; global_colors_info=&#8220;{}&#8220;]<\/p>\n<p class=\"TextModule__paragraph___3AIU_\"><span>Ich finde es gerade spannend, wenn Leute die M\u00f6glichkeiten ausnutzen, die in dieser Konfigurator-Logik drinstecken. Dass sie den Tisch so zusammenstellen, wie sie ihn haben wollen. Und Dinge vielleicht auch so zurechtfriemeln, dass es mir nicht mehr gef\u00e4llt. Das ist Teil eines Systems, dass in der Mitte echt gut funktioniert aber zu den R\u00e4ndern immer unsch\u00e4rfer wird.<\/span><\/p>\n<p>[\/et_pb_text][et_pb_text module_id=&#8220;PST-anker10&#8243; _builder_version=&#8220;4.17.3&#8243; _module_preset=&#8220;default&#8220; global_colors_info=&#8220;{}&#8220;]<\/p>\n<p class=\"TextModule__paragraph___3AIU_\"><span>Selbst v\u00f6llig individualisiert \u2013 mit abgerundeten Ecken, Kontrast-Umleimern, Schr\u00e4gkante, oder mit orangenem Gestell &#8211; der Tisch bleibt ja eine Ansammlung von Materialit\u00e4t. Die Essenz bleibt erhalten.<\/span><br \/><span>Und so richtig absurde Tische habe ich auch noch nicht gesehen. Ich w\u00fcrde mal vermuten, dass die Leute, die bei uns kaufen, einfach ein \u00e4sthetisches Grundverst\u00e4ndnis haben.\u00a0<\/span><\/p>\n<p>[\/et_pb_text][\/et_pb_column][\/et_pb_row][et_pb_row _builder_version=&#8220;4.17.3&#8243; _module_preset=&#8220;default&#8220; global_colors_info=&#8220;{}&#8220;][et_pb_column type=&#8220;4_4&#8243; _builder_version=&#8220;4.17.3&#8243; _module_preset=&#8220;default&#8220; global_colors_info=&#8220;{}&#8220;][et_pb_text module_id=&#8220;PST-anker11&#8243; _builder_version=&#8220;4.17.3&#8243; _module_preset=&#8220;default&#8220; global_colors_info=&#8220;{}&#8220;]<\/p>\n<h3 class=\"TextModule__headline-h3___MN46G\"><strong class=\"TextModule__bold___1ubC0\">Stichwort Farben: Modulor M\u00f6bel sind recht farbenfroh. Farb-Fans kommen im Konfigurator auf jeden Fall auf ihre Kosten. Was f\u00fcr eine Rolle spielen Farben f\u00fcr Dich im Designprozess?\u00a0<\/strong><\/h3>\n<p class=\"TextModule__paragraph___3AIU_\">F\u00fcr mich steht Buntheit schon immer f\u00fcr Modulor. Seitdem ich Modulor kenne. Unsere Tische haben diese Buntheit auch und ich denke, das ist auch ein Teil des Geheimnisses. Die meisten M\u00f6belfirmen bieten dann doch eher gedeckte und klassische Farben an. Wenn Farben, dann nur eine kleine Auswahl und nicht dieser Strau\u00df an m\u00f6glichen Gestellfarben und Linoleumfarben, wie wir es machen.\u00a0<\/p>\n<p class=\"TextModule__paragraph___3AIU_\">Ich finde bei klaren Konturen wie den Stahlprofilen passt diese Farbigkeit auch sehr gut. Unsere Tische sind gestalterisch auf eine Art ja recht zur\u00fcckhaltend gehalten. Ein Tischgestell in einer knalligen Farbe ist immer ein Eyecatcher, funktioniert aber auch in einem Ton in Ton Zimmer oder farblich sehr reduzierten Umfeld.<\/p>\n<p>[\/et_pb_text][\/et_pb_column][\/et_pb_row][et_pb_row column_structure=&#8220;2_5,3_5&#8243; _builder_version=&#8220;4.17.3&#8243; _module_preset=&#8220;default&#8220; global_colors_info=&#8220;{}&#8220;][et_pb_column type=&#8220;2_5&#8243; _builder_version=&#8220;4.17.3&#8243; _module_preset=&#8220;default&#8220; global_colors_info=&#8220;{}&#8220;][et_pb_image src=&#8220;https:\/\/www.modulor.de\/magazin\/wp-content\/uploads\/2022\/07\/F4A0929-scaled-e1657114613690.jpg&#8220; alt=&#8220;Tischgespr\u00e4ch: Interview mit Modulor M\u00f6beldesigner Kai Funke&#8220; title_text=&#8220;_F4A0929&#8243; _builder_version=&#8220;4.17.3&#8243; _module_preset=&#8220;default&#8220; global_colors_info=&#8220;{}&#8220;][\/et_pb_image][\/et_pb_column][et_pb_column type=&#8220;3_5&#8243; _builder_version=&#8220;4.17.3&#8243; _module_preset=&#8220;default&#8220; global_colors_info=&#8220;{}&#8220;][et_pb_image src=&#8220;https:\/\/www.modulor.de\/magazin\/wp-content\/uploads\/2022\/07\/F4A0960-scaled.jpg&#8220; alt=&#8220;Tischgespr\u00e4ch: Ein Interview mit Modulor M\u00f6bel Designer Kai Funke&#8220; title_text=&#8220;_F4A0960&#8243; _builder_version=&#8220;4.17.3&#8243; _module_preset=&#8220;default&#8220; global_colors_info=&#8220;{}&#8220;][\/et_pb_image][\/et_pb_column][\/et_pb_row][et_pb_row _builder_version=&#8220;4.17.3&#8243; _module_preset=&#8220;default&#8220; global_colors_info=&#8220;{}&#8220;][et_pb_column type=&#8220;4_4&#8243; _builder_version=&#8220;4.17.3&#8243; _module_preset=&#8220;default&#8220; global_colors_info=&#8220;{}&#8220;][et_pb_text module_id=&#8220;PST-anker12&#8243; _builder_version=&#8220;4.17.3&#8243; _module_preset=&#8220;default&#8220; global_colors_info=&#8220;{}&#8220;]<\/p>\n<h3 class=\"TextModule__headline-h3___MN46G\"><strong class=\"TextModule__bold___1ubC0\">Welche Anspr\u00fcche stellst du an einen guten Tisch? Was muss er aus Deiner Sicht\u00a0k\u00f6nnen?<\/strong><\/h3>\n<p class=\"TextModule__paragraph--noMargins___1Ekat\"><span>Ganz banal, aber zuerst einmal braucht er eine ausreichende Stabilit\u00e4t. Ein guter Tisch muss aus meiner Sicht immer stabil und standhaft sein, egal in welcher Gr\u00f6\u00dfe. Und nat\u00fcrlich ist auch die \u00c4sthetik wichtig. Ein hochwertiger Tisch ist schlie\u00dflich immer auch eine Investition. <\/span><span>Da muss man schon mehr empfinden als \u201cIch brauch jetzt mal irgendeinen Tisch\u201d.<\/span><\/p>\n<p>[\/et_pb_text][et_pb_text module_id=&#8220;PST-anker12&#8243; _builder_version=&#8220;4.17.3&#8243; _module_preset=&#8220;default&#8220; global_colors_info=&#8220;{}&#8220;]<\/p>\n<p class=\"TextModule__paragraph--noMargins___1Ekat\"><span>Im besten Falle entsteht eine <a href=\"https:\/\/www.modulor.de\/magazin\/leben-arbeiten\/projekt-traumtisch-gesucht\/\" target=\"_blank\" rel=\"noopener\">Beziehung zu dem Wunschtisch<\/a>. Wenn man sich so intensiv damit besch\u00e4ftigt und \u00fcberlegt, wie man welches Detail haben m\u00f6chte, dann\u00a0macht das vielleicht den Unterschied aus. Selbst wenn es nur dieses virtuelle Erlebnis ist, dass man unterschiedliche Farben w\u00e4hlen, andere Ecken und Kanten ausprobieren und mit unterschiedlichen Tischbeinen herumspielen kann, und man sich am Ende doch f\u00fcr die Standardvariante entscheidet.<\/span><\/p>\n<p>[\/et_pb_text][et_pb_text module_id=&#8220;PST-anker13&#8243; _builder_version=&#8220;4.17.3&#8243; _module_preset=&#8220;default&#8220; global_colors_info=&#8220;{}&#8220;]<\/p>\n<h3 class=\"TextModule__headline-h3___MN46G\"><strong class=\"TextModule__bold___1ubC0\">Welches bekannte Design, oder welches M\u00f6belst\u00fcck h\u00e4ttest Du gerne entworfen?\u00a0<\/strong><\/h3>\n<p class=\"TextModule__paragraph--noMargins___1Ekat\"><span>Den E2 h\u00e4tte ich nat\u00fcrlich selbst gerne entworfen, also die Ikone, den Eiermann weiterentwickelt. Oder auch das USM Haller Regalsystem: Wenn man die Geschichte dazu kennt, wie Fritz Haller und Ulrich Sch\u00e4rer das in der Werkstatt entwickelt haben ganz ohne externen Auftrag, nur f\u00fcr die eigenen B\u00fcror\u00e4ume. Ich denke, viele dieser \u201eKlassiker\u201c und bestimmte ikonographische Produkte h\u00e4tte wohl jeder Designer gerne selber entworfen. Es gibt viele Produkte, die extrem auf den Punkt gebracht sind.\u00a0<\/span><\/p>\n<p>[\/et_pb_text][\/et_pb_column][\/et_pb_row][et_pb_row column_structure=&#8220;2_5,3_5&#8243; _builder_version=&#8220;4.17.3&#8243; _module_preset=&#8220;default&#8220; custom_margin=&#8220;|auto|20px|auto||&#8220; global_colors_info=&#8220;{}&#8220;][et_pb_column type=&#8220;2_5&#8243; _builder_version=&#8220;4.17.3&#8243; _module_preset=&#8220;default&#8220; global_colors_info=&#8220;{}&#8220;][et_pb_image src=&#8220;https:\/\/www.modulor.de\/magazin\/wp-content\/uploads\/2022\/07\/F4A1165-scaled.jpg&#8220; alt=&#8220;Tischgespr\u00e4ch: Interview mit Modulor M\u00f6beldesigner Kai Funke&#8220; title_text=&#8220;_F4A1165&#8243; _builder_version=&#8220;4.17.3&#8243; _module_preset=&#8220;default&#8220; transform_scale_tablet=&#8220;&#8220; transform_scale_phone=&#8220;&#8220; transform_scale_last_edited=&#8220;on|tablet&#8220; transform_translate=&#8220;0px|50px&#8220; transform_translate_tablet=&#8220;0px|0px&#8220; transform_translate_phone=&#8220;0px|0px&#8220; transform_translate_last_edited=&#8220;on|phone&#8220; transform_translate_linked=&#8220;off&#8220; transform_rotate_tablet=&#8220;&#8220; transform_rotate_phone=&#8220;&#8220; transform_rotate_last_edited=&#8220;on|desktop&#8220; transform_skew_tablet=&#8220;&#8220; transform_skew_phone=&#8220;&#8220; transform_skew_last_edited=&#8220;on|desktop&#8220; transform_origin_tablet=&#8220;&#8220; transform_origin_phone=&#8220;&#8220; transform_origin_last_edited=&#8220;on|desktop&#8220; transform_styles_last_edited=&#8220;on|phone&#8220; transform_styles_tablet=&#8220;&#8220; transform_styles_phone=&#8220;&#8220; global_colors_info=&#8220;{}&#8220;][\/et_pb_image][\/et_pb_column][et_pb_column type=&#8220;3_5&#8243; _builder_version=&#8220;4.17.3&#8243; _module_preset=&#8220;default&#8220; global_colors_info=&#8220;{}&#8220;][et_pb_image src=&#8220;https:\/\/www.modulor.de\/magazin\/wp-content\/uploads\/2022\/07\/F4A1090-scaled-e1657114902623.jpg&#8220; alt=&#8220;Tischgespr\u00e4ch: Interview mit Modulor M\u00f6beldesigner Kai Funke&#8220; title_text=&#8220;_F4A1090&#8243; _builder_version=&#8220;4.17.3&#8243; _module_preset=&#8220;default&#8220; global_colors_info=&#8220;{}&#8220;][\/et_pb_image][\/et_pb_column][\/et_pb_row][et_pb_row _builder_version=&#8220;4.17.3&#8243; _module_preset=&#8220;default&#8220; global_colors_info=&#8220;{}&#8220;][et_pb_column type=&#8220;4_4&#8243; _builder_version=&#8220;4.17.3&#8243; _module_preset=&#8220;default&#8220; global_colors_info=&#8220;{}&#8220;][et_pb_text _builder_version=&#8220;4.17.3&#8243; _module_preset=&#8220;default&#8220; global_colors_info=&#8220;{}&#8220;]<\/p>\n<div id=\"arealayoutrowarea-row-26\" class=\"module_bWFnYXppbi9zdG9yeS9pbnRlcnZpZXctbWl0LW1vZHVsb3ItbW9lYmVsZGVzaWduZXIta2FpLWZ1bmtlLw___AreaLayoutRow_26 AreaLayout__AreaLayoutRow___2Xps6 \">\n<div class=\"AreaLayout__row___37mlk AreaLayout__row__full___2o208\">\n<div id=\"text2453440\" class=\"module_bWFnYXppbi9zdG9yeS9pbnRlcnZpZXctbWl0LW1vZHVsb3ItbW9lYmVsZGVzaWduZXIta2FpLWZ1bmtlLw___TEXT_2464004 TextModule__TEXT___35YEX AreaLayout__column___loShH AreaLayout__column__1-layout--1-elements--1-span___23x8G\" data-testid=\"LayoutColumn__TEXT.2464004\">\n<div class=\"TextModule__textWrapper___2aHt4\">\n<div data-content-checksum=\"42e9570aed3128e6b1bbafab536a2f4bbf09f94a\" class=\"TextModule__description___2Y1l0\">\n<h3 class=\"TextModule__headline-h3___MN46G\"><strong class=\"TextModule__bold___1ubC0\">Und etwas, das kein M\u00f6belst\u00fcck ist?<\/strong><\/h3>\n<p class=\"TextModule__paragraph--noMargins___1Ekat\"><span>Vielleicht ein Geb\u00e4ude? Oder das erste Auto? Auf jeden Fall h\u00e4tte ich es total spannend gefunden, als erster Mensch fliegen zu k\u00f6nnen. Dinge wie den Flyer der Gebr\u00fcder Wright, aber auch die Entwicklung des ersten Hubschraubers von Arthur Young f\u00fcr die Firma Bell finde ich sehr beeindruckend. <\/span><span>Mich fasziniert es total, wenn Menschen einer Idee folgen, dabei hartn\u00e4ckig bleiben und sich so lange nicht davon abbringen lassen, bis sie eine L\u00f6sung gefunden haben.<\/span><\/p>\n<p class=\"TextModule__paragraph--noMargins___1Ekat\"><span>Ich denke aber, dass viele Entwicklungen, die vielleicht noch Realit\u00e4t werden\u00a0<\/span><span>\u2013<\/span><span>\u00a0wie die zunehmende Elektrifizierung der Mobilit\u00e4t in allen Dimensionen\u00a0<\/span><span>\u2013\u00a0<\/span><span>eher Weiterentwicklungen bzw. Adaptionen darstellen, die f\u00fcr mich nicht mehr diese archaische Kraft entfalten.\u00a0<\/span><\/p>\n<\/div>\n<\/div>\n<\/div>\n<\/div>\n<\/div>\n<p>[\/et_pb_text][et_pb_text _builder_version=&#8220;4.17.3&#8243; _module_preset=&#8220;default&#8220; global_colors_info=&#8220;{}&#8220;]<\/p>\n<h3 class=\"TextModule__headline-h3___MN46G\"><strong class=\"TextModule__bold___1ubC0\">Neben Eigenprodukten gibt es bei Modulor auch M\u00f6bel von anderen Designern. Zum Beispiel das E2-Gestell oder Wagner B\u00fcrost\u00fchle. Wie erfolgt hier Auswahl? Was sind Deine Kriterien, um Produkte zu listen?<\/strong><\/h3>\n<p class=\"TextModule__paragraph--noMargins___1Ekat\"><span>Bei den Kriterien gelten grunds\u00e4tzlich die gleichen Ma\u00dfst\u00e4be wie bei unseren Eigenprodukten. Die Produkte m\u00fcssen gestalterisch \u00fcberzeugen und gleichzeitig das vorhandene Sortiment sinnvoll erg\u00e4nzen. Nat\u00fcrlich muss auch die Lieferantenbeziehung stimmen. Und preislich muss es passen.<\/span><\/p>\n<p class=\"TextModule__paragraph--noMargins___1Ekat\"><span>Diesen Bereich werden wir sicherlich auch noch weiter ausbauen. Gerade bei <a href=\"https:\/\/www.modulor.de\/sitzmoebel\/\" target=\"_blank\" rel=\"noopener\">Sitzm\u00f6beln<\/a> und <a href=\"https:\/\/www.modulor.de\/regale\/\" target=\"_blank\" rel=\"noopener\">Stauraumm\u00f6beln<\/a> wird einiges passieren. Aber auch bei Leuchten. Zuallererst aber bekommen wir jetzt <a href=\"https:\/\/www.modulor.de\/magazin\/leben-arbeiten\/faq-modulor-schallabsorber-pst\/\" target=\"_blank\" rel=\"noopener\">Akustik-L\u00f6sungen<\/a>. Das ist aber wieder eine Eigenproduktion.\u00a0<\/span><\/p>\n<p>[\/et_pb_text][\/et_pb_column][\/et_pb_row][et_pb_row column_structure=&#8220;1_2,1_2&#8243; _builder_version=&#8220;4.17.3&#8243; _module_preset=&#8220;default&#8220; global_colors_info=&#8220;{}&#8220;][et_pb_column type=&#8220;1_2&#8243; _builder_version=&#8220;4.17.3&#8243; _module_preset=&#8220;default&#8220; global_colors_info=&#8220;{}&#8220;][et_pb_image src=&#8220;https:\/\/www.modulor.de\/magazin\/wp-content\/uploads\/2022\/07\/F4A0787-scaled-e1657115164356.jpg&#8220; alt=&#8220;Tischgespr\u00e4ch: Interview mit Modulor M\u00f6beldesigner Kai Funke&#8220; title_text=&#8220;_F4A0787&#8243; _builder_version=&#8220;4.17.3&#8243; _module_preset=&#8220;default&#8220; global_colors_info=&#8220;{}&#8220;][\/et_pb_image][\/et_pb_column][et_pb_column type=&#8220;1_2&#8243; _builder_version=&#8220;4.17.3&#8243; _module_preset=&#8220;default&#8220; global_colors_info=&#8220;{}&#8220;][et_pb_text _builder_version=&#8220;4.17.3&#8243; _module_preset=&#8220;default&#8220; width=&#8220;96%&#8220; global_colors_info=&#8220;{}&#8220;]<\/p>\n<h3 class=\"TextModule__headline-h3___MN46G\"><strong class=\"TextModule__bold___1ubC0\">Zum Schluss noch mal Hand aufs Herz: Was geht in Dir vor, wenn du ein Modulor M\u00f6belst\u00fcck zuf\u00e4llig, zum Beispiel im Caf\u00e9 um die Ecke entdeckst?<\/strong><\/h3>\n<p class=\"TextModule__paragraph--noMargins___1Ekat\"><span>\u00a0<\/span><\/p>\n<p class=\"TextModule__paragraph--noMargins___1Ekat\"><span>Ich freue mich. <a href=\"https:\/\/www.modulor.de\/tische\/\">Unsere Tische<\/a> sind zumindest in Berlin ja wirklich schon weit verbreitet und bekannt. Und ich sehe das nat\u00fcrlich schon aus der Ferne, fast im Vorbeigehen, wenn das ein Tisch von uns ist. Ich freue mich einfach dar\u00fcber, wenn ich etwas entworfen habe und ich diese Dinge dann an einem anderen Ort in einem anderen Kontext wieder entdecke. So muss es sein!<\/span><\/p>\n<p class=\"TextModule__paragraph--noMargins___1Ekat\">[\/et_pb_text][\/et_pb_column][\/et_pb_row][et_pb_row column_structure=&#8220;1_2,1_2&#8243; _builder_version=&#8220;4.17.3&#8243; _module_preset=&#8220;default&#8220; global_colors_info=&#8220;{}&#8220;][et_pb_column type=&#8220;1_2&#8243; _builder_version=&#8220;4.17.3&#8243; _module_preset=&#8220;default&#8220; global_colors_info=&#8220;{}&#8220;][et_pb_button button_url=&#8220;https:\/\/www.modulor.de\/ueber-unsere-moebel\/&#8220; button_text=&#8220;Mehr \u00fcber Modulor M\u00f6bel&#8220; _builder_version=&#8220;4.17.3&#8243; _module_preset=&#8220;default&#8220; button_text_color=&#8220;#FFFFFF&#8220; button_bg_color=&#8220;#E40000&#8243; global_colors_info=&#8220;{}&#8220;][\/et_pb_button][\/et_pb_column][et_pb_column type=&#8220;1_2&#8243; _builder_version=&#8220;4.17.3&#8243; _module_preset=&#8220;default&#8220; global_colors_info=&#8220;{}&#8220;][et_pb_button button_url=&#8220;https:\/\/www.modulor.de\/tische\/&#8220; button_text=&#8220;Hier entlang zu unseren Tischen&#8220; _builder_version=&#8220;4.17.3&#8243; _module_preset=&#8220;default&#8220; button_text_color=&#8220;#FFFFFF&#8220; button_bg_color=&#8220;#E40000&#8243; global_colors_info=&#8220;{}&#8220;][\/et_pb_button][\/et_pb_column][\/et_pb_row][\/et_pb_section]<\/p>\n","protected":false},"excerpt":{"rendered":"<p>Wir haben uns mit dem Macher der Modulor M\u00f6bel an den Tisch gesetzt: Ein Gespr\u00e4ch \u00fcber Gestaltungsprozesse, Nachhaltigkeit  und Tische als Werkzeug f\u00fcrs Leben. <\/p>\n","protected":false},"author":2,"featured_media":1092,"comment_status":"open","ping_status":"open","sticky":false,"template":"","format":"standard","meta":{"_et_pb_use_builder":"on","_et_pb_old_content":"","_et_gb_content_width":"1178","footnotes":""},"categories":[9],"tags":[36,34,33,29,31],"yoast_head":"<!-- This site is optimized with the Yoast SEO plugin v19.14 - https:\/\/yoast.com\/wordpress\/plugins\/seo\/ -->\n<title>Wir haben immer schon systemisch gedacht. Modular Modulor eben. | Modulor<\/title>\n<meta name=\"description\" content=\"Ein Interview mit M\u00f6beldesigner Kai Funke, mit dem Macher der Modulor M\u00f6bel - \u00fcber Gestaltungsprozesse, Nachhaltigkeit &amp; Tische als Werkzeug f\u00fcrs Leben.\" \/>\n<meta name=\"robots\" content=\"index, follow, max-snippet:-1, max-image-preview:large, max-video-preview:-1\" \/>\n<link rel=\"canonical\" href=\"https:\/\/www.modulor.de\/magazin\/leben-arbeiten\/interview-mit-modulor-moebeldesigner-kai-funke\/\" \/>\n<meta property=\"og:locale\" content=\"de_DE\" \/>\n<meta property=\"og:type\" content=\"article\" \/>\n<meta property=\"og:title\" content=\"Wir haben immer schon systemisch gedacht. Modular Modulor eben. | Modulor\" \/>\n<meta property=\"og:description\" content=\"Ein Interview mit M\u00f6beldesigner Kai Funke, mit dem Macher der Modulor M\u00f6bel - \u00fcber Gestaltungsprozesse, Nachhaltigkeit &amp; Tische als Werkzeug f\u00fcrs Leben.\" \/>\n<meta property=\"og:url\" content=\"https:\/\/www.modulor.de\/magazin\/leben-arbeiten\/interview-mit-modulor-moebeldesigner-kai-funke\/\" \/>\n<meta property=\"og:site_name\" content=\"Modulor\" \/>\n<meta property=\"article:publisher\" content=\"https:\/\/de-de.facebook.com\/modulor.de\/\" \/>\n<meta property=\"article:published_time\" content=\"2022-01-06T13:59:00+00:00\" \/>\n<meta property=\"article:modified_time\" content=\"2023-11-09T14:11:07+00:00\" \/>\n<meta property=\"og:image\" content=\"https:\/\/www.modulor.de\/magazin\/wp-content\/uploads\/2022\/07\/F4A1141-scaled.jpg\" \/>\n\t<meta property=\"og:image:width\" content=\"2560\" \/>\n\t<meta property=\"og:image:height\" content=\"1705\" \/>\n\t<meta property=\"og:image:type\" content=\"image\/jpeg\" \/>\n<meta name=\"author\" content=\"Pia\" \/>\n<meta name=\"twitter:card\" content=\"summary_large_image\" \/>\n<meta name=\"twitter:label1\" content=\"Verfasst von\" \/>\n\t<meta name=\"twitter:data1\" content=\"Pia\" \/>\n\t<meta name=\"twitter:label2\" content=\"Gesch\u00e4tzte Lesezeit\" \/>\n\t<meta name=\"twitter:data2\" content=\"21 Minuten\" \/>\n<script type=\"application\/ld+json\" class=\"yoast-schema-graph\">{\"@context\":\"https:\/\/schema.org\",\"@graph\":[{\"@type\":\"Article\",\"@id\":\"https:\/\/www.modulor.de\/magazin\/leben-arbeiten\/interview-mit-modulor-moebeldesigner-kai-funke\/#article\",\"isPartOf\":{\"@id\":\"https:\/\/www.modulor.de\/magazin\/leben-arbeiten\/interview-mit-modulor-moebeldesigner-kai-funke\/\"},\"author\":{\"name\":\"Pia\",\"@id\":\"https:\/\/www.modulor.de\/magazin\/#\/schema\/person\/0ea0327a81ae97125b637043198dbef5\"},\"headline\":\"Wir haben immer schon systemisch gedacht. Modular Modulor eben.\",\"datePublished\":\"2022-01-06T13:59:00+00:00\",\"dateModified\":\"2023-11-09T14:11:07+00:00\",\"mainEntityOfPage\":{\"@id\":\"https:\/\/www.modulor.de\/magazin\/leben-arbeiten\/interview-mit-modulor-moebeldesigner-kai-funke\/\"},\"wordCount\":6204,\"commentCount\":0,\"publisher\":{\"@id\":\"https:\/\/www.modulor.de\/magazin\/#organization\"},\"keywords\":[\"Kreative K\u00f6pfe\",\"Kreativit\u00e4t\",\"Material\",\"Modulor M\u00f6bel\",\"Modulor Tische\"],\"articleSection\":[\"Leben + Arbeiten\"],\"inLanguage\":\"de-DE\",\"potentialAction\":[{\"@type\":\"CommentAction\",\"name\":\"Comment\",\"target\":[\"https:\/\/www.modulor.de\/magazin\/leben-arbeiten\/interview-mit-modulor-moebeldesigner-kai-funke\/#respond\"]}]},{\"@type\":\"WebPage\",\"@id\":\"https:\/\/www.modulor.de\/magazin\/leben-arbeiten\/interview-mit-modulor-moebeldesigner-kai-funke\/\",\"url\":\"https:\/\/www.modulor.de\/magazin\/leben-arbeiten\/interview-mit-modulor-moebeldesigner-kai-funke\/\",\"name\":\"Wir haben immer schon systemisch gedacht. Modular Modulor eben. | Modulor\",\"isPartOf\":{\"@id\":\"https:\/\/www.modulor.de\/magazin\/#website\"},\"datePublished\":\"2022-01-06T13:59:00+00:00\",\"dateModified\":\"2023-11-09T14:11:07+00:00\",\"description\":\"Ein Interview mit M\u00f6beldesigner Kai Funke, mit dem Macher der Modulor M\u00f6bel - \u00fcber Gestaltungsprozesse, Nachhaltigkeit & Tische als Werkzeug f\u00fcrs Leben.\",\"breadcrumb\":{\"@id\":\"https:\/\/www.modulor.de\/magazin\/leben-arbeiten\/interview-mit-modulor-moebeldesigner-kai-funke\/#breadcrumb\"},\"inLanguage\":\"de-DE\",\"potentialAction\":[{\"@type\":\"ReadAction\",\"target\":[\"https:\/\/www.modulor.de\/magazin\/leben-arbeiten\/interview-mit-modulor-moebeldesigner-kai-funke\/\"]}]},{\"@type\":\"BreadcrumbList\",\"@id\":\"https:\/\/www.modulor.de\/magazin\/leben-arbeiten\/interview-mit-modulor-moebeldesigner-kai-funke\/#breadcrumb\",\"itemListElement\":[{\"@type\":\"ListItem\",\"position\":1,\"name\":\"Startseite\",\"item\":\"https:\/\/www.modulor.de\/magazin\/\"},{\"@type\":\"ListItem\",\"position\":2,\"name\":\"Wir haben immer schon systemisch gedacht. Modular Modulor eben.\"}]},{\"@type\":\"WebSite\",\"@id\":\"https:\/\/www.modulor.de\/magazin\/#website\",\"url\":\"https:\/\/www.modulor.de\/magazin\/\",\"name\":\"Modulor\",\"description\":\"Allerhand Inspiration und Wissen rund um Modulor Material, M\u00f6bel, DIY-Projekte und ein Blick hinter die Modulor Kulissen.\",\"publisher\":{\"@id\":\"https:\/\/www.modulor.de\/magazin\/#organization\"},\"potentialAction\":[{\"@type\":\"SearchAction\",\"target\":{\"@type\":\"EntryPoint\",\"urlTemplate\":\"https:\/\/www.modulor.de\/magazin\/?s={search_term_string}\"},\"query-input\":\"required name=search_term_string\"}],\"inLanguage\":\"de-DE\"},{\"@type\":\"Organization\",\"@id\":\"https:\/\/www.modulor.de\/magazin\/#organization\",\"name\":\"Modulor\",\"url\":\"https:\/\/www.modulor.de\/magazin\/\",\"logo\":{\"@type\":\"ImageObject\",\"inLanguage\":\"de-DE\",\"@id\":\"https:\/\/www.modulor.de\/magazin\/#\/schema\/logo\/image\/\",\"url\":\"https:\/\/www.modulor.de\/magazin\/wp-content\/uploads\/2022\/10\/Modulor_Logo_rot_HG-transparent_1200-Px-B.png\",\"contentUrl\":\"https:\/\/www.modulor.de\/magazin\/wp-content\/uploads\/2022\/10\/Modulor_Logo_rot_HG-transparent_1200-Px-B.png\",\"width\":1200,\"height\":360,\"caption\":\"Modulor\"},\"image\":{\"@id\":\"https:\/\/www.modulor.de\/magazin\/#\/schema\/logo\/image\/\"},\"sameAs\":[\"https:\/\/www.instagram.com\/modulorberlin\/?hl=de\",\"https:\/\/www.pinterest.de\/modulor_de\/\",\"https:\/\/de-de.facebook.com\/modulor.de\/\"]},{\"@type\":\"Person\",\"@id\":\"https:\/\/www.modulor.de\/magazin\/#\/schema\/person\/0ea0327a81ae97125b637043198dbef5\",\"name\":\"Pia\",\"image\":{\"@type\":\"ImageObject\",\"inLanguage\":\"de-DE\",\"@id\":\"https:\/\/www.modulor.de\/magazin\/#\/schema\/person\/image\/\",\"url\":\"https:\/\/secure.gravatar.com\/avatar\/35c8dce050ed2945fe42600c6443d029?s=96&d=mm&r=g\",\"contentUrl\":\"https:\/\/secure.gravatar.com\/avatar\/35c8dce050ed2945fe42600c6443d029?s=96&d=mm&r=g\",\"caption\":\"Pia\"},\"url\":\"https:\/\/www.modulor.de\/magazin\/author\/pia-birkmodulor-de\/\"}]}<\/script>\n<!-- \/ Yoast SEO plugin. -->","yoast_head_json":{"title":"Wir haben immer schon systemisch gedacht. Modular Modulor eben. | Modulor","description":"Ein Interview mit M\u00f6beldesigner Kai Funke, mit dem Macher der Modulor M\u00f6bel - \u00fcber Gestaltungsprozesse, Nachhaltigkeit & Tische als Werkzeug f\u00fcrs Leben.","robots":{"index":"index","follow":"follow","max-snippet":"max-snippet:-1","max-image-preview":"max-image-preview:large","max-video-preview":"max-video-preview:-1"},"canonical":"https:\/\/www.modulor.de\/magazin\/leben-arbeiten\/interview-mit-modulor-moebeldesigner-kai-funke\/","og_locale":"de_DE","og_type":"article","og_title":"Wir haben immer schon systemisch gedacht. Modular Modulor eben. | Modulor","og_description":"Ein Interview mit M\u00f6beldesigner Kai Funke, mit dem Macher der Modulor M\u00f6bel - \u00fcber Gestaltungsprozesse, Nachhaltigkeit & Tische als Werkzeug f\u00fcrs Leben.","og_url":"https:\/\/www.modulor.de\/magazin\/leben-arbeiten\/interview-mit-modulor-moebeldesigner-kai-funke\/","og_site_name":"Modulor","article_publisher":"https:\/\/de-de.facebook.com\/modulor.de\/","article_published_time":"2022-01-06T13:59:00+00:00","article_modified_time":"2023-11-09T14:11:07+00:00","og_image":[{"width":2560,"height":1705,"url":"https:\/\/www.modulor.de\/magazin\/wp-content\/uploads\/2022\/07\/F4A1141-scaled.jpg","type":"image\/jpeg"}],"author":"Pia","twitter_card":"summary_large_image","twitter_misc":{"Verfasst von":"Pia","Gesch\u00e4tzte Lesezeit":"21 Minuten"},"schema":{"@context":"https:\/\/schema.org","@graph":[{"@type":"Article","@id":"https:\/\/www.modulor.de\/magazin\/leben-arbeiten\/interview-mit-modulor-moebeldesigner-kai-funke\/#article","isPartOf":{"@id":"https:\/\/www.modulor.de\/magazin\/leben-arbeiten\/interview-mit-modulor-moebeldesigner-kai-funke\/"},"author":{"name":"Pia","@id":"https:\/\/www.modulor.de\/magazin\/#\/schema\/person\/0ea0327a81ae97125b637043198dbef5"},"headline":"Wir haben immer schon systemisch gedacht. Modular Modulor eben.","datePublished":"2022-01-06T13:59:00+00:00","dateModified":"2023-11-09T14:11:07+00:00","mainEntityOfPage":{"@id":"https:\/\/www.modulor.de\/magazin\/leben-arbeiten\/interview-mit-modulor-moebeldesigner-kai-funke\/"},"wordCount":6204,"commentCount":0,"publisher":{"@id":"https:\/\/www.modulor.de\/magazin\/#organization"},"keywords":["Kreative K\u00f6pfe","Kreativit\u00e4t","Material","Modulor M\u00f6bel","Modulor Tische"],"articleSection":["Leben + Arbeiten"],"inLanguage":"de-DE","potentialAction":[{"@type":"CommentAction","name":"Comment","target":["https:\/\/www.modulor.de\/magazin\/leben-arbeiten\/interview-mit-modulor-moebeldesigner-kai-funke\/#respond"]}]},{"@type":"WebPage","@id":"https:\/\/www.modulor.de\/magazin\/leben-arbeiten\/interview-mit-modulor-moebeldesigner-kai-funke\/","url":"https:\/\/www.modulor.de\/magazin\/leben-arbeiten\/interview-mit-modulor-moebeldesigner-kai-funke\/","name":"Wir haben immer schon systemisch gedacht. Modular Modulor eben. | Modulor","isPartOf":{"@id":"https:\/\/www.modulor.de\/magazin\/#website"},"datePublished":"2022-01-06T13:59:00+00:00","dateModified":"2023-11-09T14:11:07+00:00","description":"Ein Interview mit M\u00f6beldesigner Kai Funke, mit dem Macher der Modulor M\u00f6bel - \u00fcber Gestaltungsprozesse, Nachhaltigkeit & Tische als Werkzeug f\u00fcrs Leben.","breadcrumb":{"@id":"https:\/\/www.modulor.de\/magazin\/leben-arbeiten\/interview-mit-modulor-moebeldesigner-kai-funke\/#breadcrumb"},"inLanguage":"de-DE","potentialAction":[{"@type":"ReadAction","target":["https:\/\/www.modulor.de\/magazin\/leben-arbeiten\/interview-mit-modulor-moebeldesigner-kai-funke\/"]}]},{"@type":"BreadcrumbList","@id":"https:\/\/www.modulor.de\/magazin\/leben-arbeiten\/interview-mit-modulor-moebeldesigner-kai-funke\/#breadcrumb","itemListElement":[{"@type":"ListItem","position":1,"name":"Startseite","item":"https:\/\/www.modulor.de\/magazin\/"},{"@type":"ListItem","position":2,"name":"Wir haben immer schon systemisch gedacht. Modular Modulor eben."}]},{"@type":"WebSite","@id":"https:\/\/www.modulor.de\/magazin\/#website","url":"https:\/\/www.modulor.de\/magazin\/","name":"Modulor","description":"Allerhand Inspiration und Wissen rund um Modulor Material, M\u00f6bel, DIY-Projekte und ein Blick hinter die Modulor Kulissen.","publisher":{"@id":"https:\/\/www.modulor.de\/magazin\/#organization"},"potentialAction":[{"@type":"SearchAction","target":{"@type":"EntryPoint","urlTemplate":"https:\/\/www.modulor.de\/magazin\/?s={search_term_string}"},"query-input":"required name=search_term_string"}],"inLanguage":"de-DE"},{"@type":"Organization","@id":"https:\/\/www.modulor.de\/magazin\/#organization","name":"Modulor","url":"https:\/\/www.modulor.de\/magazin\/","logo":{"@type":"ImageObject","inLanguage":"de-DE","@id":"https:\/\/www.modulor.de\/magazin\/#\/schema\/logo\/image\/","url":"https:\/\/www.modulor.de\/magazin\/wp-content\/uploads\/2022\/10\/Modulor_Logo_rot_HG-transparent_1200-Px-B.png","contentUrl":"https:\/\/www.modulor.de\/magazin\/wp-content\/uploads\/2022\/10\/Modulor_Logo_rot_HG-transparent_1200-Px-B.png","width":1200,"height":360,"caption":"Modulor"},"image":{"@id":"https:\/\/www.modulor.de\/magazin\/#\/schema\/logo\/image\/"},"sameAs":["https:\/\/www.instagram.com\/modulorberlin\/?hl=de","https:\/\/www.pinterest.de\/modulor_de\/","https:\/\/de-de.facebook.com\/modulor.de\/"]},{"@type":"Person","@id":"https:\/\/www.modulor.de\/magazin\/#\/schema\/person\/0ea0327a81ae97125b637043198dbef5","name":"Pia","image":{"@type":"ImageObject","inLanguage":"de-DE","@id":"https:\/\/www.modulor.de\/magazin\/#\/schema\/person\/image\/","url":"https:\/\/secure.gravatar.com\/avatar\/35c8dce050ed2945fe42600c6443d029?s=96&d=mm&r=g","contentUrl":"https:\/\/secure.gravatar.com\/avatar\/35c8dce050ed2945fe42600c6443d029?s=96&d=mm&r=g","caption":"Pia"},"url":"https:\/\/www.modulor.de\/magazin\/author\/pia-birkmodulor-de\/"}]}},"_links":{"self":[{"href":"https:\/\/www.modulor.de\/magazin\/wp-json\/wp\/v2\/posts\/1089"}],"collection":[{"href":"https:\/\/www.modulor.de\/magazin\/wp-json\/wp\/v2\/posts"}],"about":[{"href":"https:\/\/www.modulor.de\/magazin\/wp-json\/wp\/v2\/types\/post"}],"author":[{"embeddable":true,"href":"https:\/\/www.modulor.de\/magazin\/wp-json\/wp\/v2\/users\/2"}],"replies":[{"embeddable":true,"href":"https:\/\/www.modulor.de\/magazin\/wp-json\/wp\/v2\/comments?post=1089"}],"version-history":[{"count":6,"href":"https:\/\/www.modulor.de\/magazin\/wp-json\/wp\/v2\/posts\/1089\/revisions"}],"predecessor-version":[{"id":7019,"href":"https:\/\/www.modulor.de\/magazin\/wp-json\/wp\/v2\/posts\/1089\/revisions\/7019"}],"wp:featuredmedia":[{"embeddable":true,"href":"https:\/\/www.modulor.de\/magazin\/wp-json\/wp\/v2\/media\/1092"}],"wp:attachment":[{"href":"https:\/\/www.modulor.de\/magazin\/wp-json\/wp\/v2\/media?parent=1089"}],"wp:term":[{"taxonomy":"category","embeddable":true,"href":"https:\/\/www.modulor.de\/magazin\/wp-json\/wp\/v2\/categories?post=1089"},{"taxonomy":"post_tag","embeddable":true,"href":"https:\/\/www.modulor.de\/magazin\/wp-json\/wp\/v2\/tags?post=1089"}],"curies":[{"name":"wp","href":"https:\/\/api.w.org\/{rel}","templated":true}]}}